{"id":462698,"date":"2026-05-30T04:46:14","date_gmt":"2026-05-30T04:46:14","guid":{"rendered":"https:\/\/www.europesays.com\/pl\/462698\/"},"modified":"2026-05-30T04:46:14","modified_gmt":"2026-05-30T04:46:14","slug":"merz-na-wylocie-jest-dementi-rzadu-ws-dymisji-kanclerza-niemiec","status":"publish","type":"post","link":"https:\/\/www.europesays.com\/pl\/462698\/","title":{"rendered":"Merz na wylocie? Jest dementi rz\u0105du ws. dymisji kanclerza Niemiec"},"content":{"rendered":"\n<p>&#13;<br \/>\nDo informacji o\u00a0mo\u017cliwej zmianie u\u00a0ster\u00f3w w\u0142adzy odni\u00f3s\u0142 si\u0119 w\u00a0pi\u0105tek rzecznik niemieckiego rz\u0105du Stefan Kornelius. \u2013\u00a0Rz\u0105d i\u00a0kanclerz koncentruj\u0105 si\u0119 na\u00a0procesie reform. To\u00a0w\u0142a\u015bnie ta\u00a0kwestia jest w\u00a0centrum naszych dzia\u0142a\u0144. Wszystkie inne tematy nie\u00a0maj\u0105 znaczenia \u2013\u00a0powiedzia\u0142 przedstawiciel gabinetu, cytowany przez Deutsche Welle. &#13;\n<\/p>\n<p>Przed Niemcami wa\u017cne decyzje<\/p>\n<p>&#13;<br \/>\nKornelius zaznaczy\u0142, \u017ce\u00a0wszyscy maj\u0105 \u015bwiadomo\u015b\u0107, \u017ce\u00a0w\u00a0najbli\u017cszym czasie zapadn\u0105 kluczowe decyzje ws. reform i\u00a0prace dotycz\u0105 ich realizacji. &#13;\n<\/p>\n<p>&#13;<br \/>\nJak zaznaczy\u0142 rzecznik, &#8222;nale\u017cy trzyma\u0107 si\u0119 meritum i\u00a0w\u00a0miar\u0119 mo\u017cliwo\u015bci nie\u00a0zwraca\u0107 uwagi na\u00a0poboczne debaty&#8221;. Kornelius zapewni\u0142, \u017ce\u00a0atmosfera w\u00a0Urz\u0119dzie Kanclerskim jest &#8222;bardzo dobra i\u00a0konstruktywna&#8221;. &#13;\n<\/p>\n<p>&#13;<br \/>\nDecyzje ws. kilku istotnych reform, dotycz\u0105cych m.in. systemu emerytalnego oraz\u00a0ulg podatkowych, niemiecki rz\u0105d ma\u00a0podj\u0105\u0107 do\u00a0po\u0142owy lipca. &#13;\n<\/p>\n<p>&#13;<br \/>\n&#8222;Media informowa\u0142y w\u00a0ostatnim czasie o\u00a0rozwa\u017caniach w\u00a0kr\u0119gach chadecji CDU\/CSU, czy\u00a0w\u00a0obliczu trudnej sytuacji koalicji chadecko-socjaldemokratycznej Merz nie\u00a0powinien zosta\u0107 zast\u0105piony innym politykiem na\u00a0stanowisku szefa rz\u0105du. Pretekstem mia\u0142by by\u0107 zast\u00f3j w\u00a0sferze reform oraz\u00a0s\u0142abe wyniki sonda\u017cy. Jako potencjalnego kandydata na\u00a0nast\u0119pc\u0119 Merza wymieniano mi\u0119dzy innymi chadeckiego premiera Nadrenii P\u00f3\u0142nocnej-Westfalii Hendrika W\u00fcsta&#8221; \u2013\u00a0relacjonuje Deutsche Welle. &#13;\n<\/p>\n<p>&#13;<br \/>\nOtoczenie Friedricha Metza zdementowa\u0142o jednak wspomniane doniesienia. \u0179r\u00f3d\u0142o zbli\u017cone do\u00a0Urz\u0119du Kanclerskiego powiedzia\u0142o agencji DPA, \u017ce\u00a0przytoczone pog\u0142oski \u015bwiadcz\u0105 o\u00a0&#8222;niebezpiecznej sk\u0142onno\u015bci do\u00a0podsycania napi\u0119cia&#8221;. &#13;\n<\/p>\n<p>Gigantyczna dziura bud\u017cetowa w\u00a0Niemczech<\/p>\n<p>&#13;<br \/>\nBerlin mierzy si\u0119 z\u00a0powa\u017cnymi problemami. <a href=\"https:\/\/dorzeczy.pl\/ekonomia\/851267\/niemcy-maja-gigantyczny-deficyt-budzetowy-dziura-bedzie-rosla.html\" rel=\"nofollow noopener\" target=\"_blank\">Niemcy zanotowa\u0142y ponad 119 mld euro deficytu<\/a> bud\u017cetowego. Eksperci przewiduj\u0105, \u017ce\u00a0na tym nie\u00a0koniec. Dziura w\u00a0finansach b\u0119dzie ros\u0142a. &#13;\n<\/p>\n<p>&#13;<br \/>\nChocia\u017c wp\u0142ywy z\u00a0podatk\u00f3w i\u00a0sk\u0142adek na\u00a0ubezpieczenia spo\u0142eczne rosn\u0105, deficyt wyni\u00f3s\u0142 119,1 mld euro. Jego najwi\u0119ksz\u0105 cz\u0119\u015b\u0107 wygenerowa\u0142 rz\u0105d federalny. Z\u00a0kolei kraje zwi\u0105zkowe w\u00a0znacznym stopniu zmniejszy\u0142y swoje zad\u0142u\u017cenie. &#13;\n<\/p>\n<p>&#13;<br \/>\nNiemiecki deficyt bud\u017cetowy w\u00a0wysoko\u015bci 119,1 mld euro jest wi\u0119kszy o\u00a03,9 mld euro ni\u017c\u00a0ubieg\u0142oroczny, kt\u00f3ry wyni\u00f3s\u0142 115,3 mld euro. Wydatki ros\u0142y bowiem szybciej ni\u017c\u00a0dochody. &#13;\n<\/p>\n<p>&#13;<br \/>\nCzytaj te\u017c:<br \/><a href=\"https:\/\/dorzeczy.pl\/swiat\/883843\/rekordowe-poparcie-afd-ekspert-punktuje-polityke-migracyjna-rzadu-niemiec.html\" rel=\"follow nofollow noopener\" data-schema=\"DORZECZY\" data-image=\"https:\/\/img.dorzeczy.pl\/_thumb\/b3\/58\/5358b79f4de3c1635fcdb9e1ab42.jpeg\" target=\"_blank\">AfD ro\u015bnie w\u00a0si\u0142\u0119. Pad\u0142y s\u0142owa o\u00a0Polsce<\/a>Czytaj te\u017c:<br \/><a href=\"https:\/\/dorzeczy.pl\/opinie\/892057\/joschka-fischer-straszy-afd-czy-niemcy-znowu-zwariowali.html\" rel=\"follow nofollow noopener\" data-schema=\"DORZECZY\" data-image=\"https:\/\/img.dorzeczy.pl\/_thumb\/ba\/5c\/bbe9f58fd401db22fd42xx666a2b.jpeg\" target=\"_blank\">Joschka Fischer straszy &#8222;skrajn\u0105 prawic\u0105&#8221;. &#8222;Czy Niemcy znowu zwariowali?&#8221;<\/a>&#13;<\/p>\n","protected":false},"excerpt":{"rendered":"&#13; Do informacji o\u00a0mo\u017cliwej zmianie u\u00a0ster\u00f3w w\u0142adzy odni\u00f3s\u0142 si\u0119 w\u00a0pi\u0105tek rzecznik niemieckiego rz\u0105du Stefan Kornelius. \u2013\u00a0Rz\u0105d i\u00a0kanclerz koncentruj\u0105&hellip;\n","protected":false},"author":2,"featured_media":462699,"comment_status":"","ping_status":"","sticky":false,"template":"","format":"standard","meta":{"footnotes":"","_share_on_mastodon":"0"},"categories":[14],"tags":[32,33,88285,98,1707,27,5911,34,35,3657,28,31,25,295,103,102,40,41,380,80,29,30,26,82,83,84],"class_list":["post-462698","post","type-post","status-publish","format-standard","has-post-thumbnail","category-swiat","tag-breaking-news","tag-breakingnews","tag-dementi","tag-dorzeczy","tag-dymisja","tag-headlines","tag-kanclerz","tag-latest-news","tag-latestnews","tag-merz","tag-naglowki","tag-najwazniejsze-artykuly","tag-news","tag-niemcy","tag-obserwator-mediow","tag-opinie","tag-polish","tag-polski","tag-rzad","tag-swiat","tag-top-stories","tag-topstories","tag-wiadomosci","tag-world","tag-world-news","tag-worldnews"],"share_on_mastodon":{"url":"https:\/\/pubeurope.com\/@pl\/116661713874127964","error":""},"_links":{"self":[{"href":"https:\/\/www.europesays.com\/pl\/wp-json\/wp\/v2\/posts\/462698","targetHints":{"allow":["GET"]}}],"collection":[{"href":"https:\/\/www.europesays.com\/pl\/wp-json\/wp\/v2\/posts"}],"about":[{"href":"https:\/\/www.europesays.com\/pl\/wp-json\/wp\/v2\/types\/post"}],"author":[{"embeddable":true,"href":"https:\/\/www.europesays.com\/pl\/wp-json\/wp\/v2\/users\/2"}],"replies":[{"embeddable":true,"href":"https:\/\/www.europesays.com\/pl\/wp-json\/wp\/v2\/comments?post=462698"}],"version-history":[{"count":0,"href":"https:\/\/www.europesays.com\/pl\/wp-json\/wp\/v2\/posts\/462698\/revisions"}],"wp:featuredmedia":[{"embeddable":true,"href":"https:\/\/www.europesays.com\/pl\/wp-json\/wp\/v2\/media\/462699"}],"wp:attachment":[{"href":"https:\/\/www.europesays.com\/pl\/wp-json\/wp\/v2\/media?parent=462698"}],"wp:term":[{"taxonomy":"category","embeddable":true,"href":"https:\/\/www.europesays.com\/pl\/wp-json\/wp\/v2\/categories?post=462698"},{"taxonomy":"post_tag","embeddable":true,"href":"https:\/\/www.europesays.com\/pl\/wp-json\/wp\/v2\/tags?post=462698"}],"curies":[{"name":"wp","href":"https:\/\/api.w.org\/{rel}","templated":true}]}}