{"id":462731,"date":"2026-05-30T05:14:14","date_gmt":"2026-05-30T05:14:14","guid":{"rendered":"https:\/\/www.europesays.com\/pl\/462731\/"},"modified":"2026-05-30T05:14:14","modified_gmt":"2026-05-30T05:14:14","slug":"11-nowych-przegubowcow-w-gdyni-beda-jezdzic-na-liniach-147-i-194","status":"publish","type":"post","link":"https:\/\/www.europesays.com\/pl\/462731\/","title":{"rendered":"11 nowych przegubowc\u00f3w w Gdyni. B\u0119d\u0105 je\u017adzi\u0107 na liniach 147 i 194"},"content":{"rendered":"<p>            <a href=\"https:\/\/s-trojmiasto.pl\/zdj\/c\/n\/9\/4334\/1920x0\/4334480-Nowe-autobusy-wejda-niebawem-do-eksploatacji__c_160_95_2810_1745.webp\" target=\"_blank\" data-slide-name=\"840608\" data-lightbox-target=\"photo full\" data-sub-html=\"&lt;h4&gt;Nowe autobusy wejd\u0105 niebawem do eksploatacji.&lt;\/h4&gt;&lt;p&gt;fot. Maciej Czarniak\/Trojmiasto.pl&lt;\/p&gt;&#010;\" class=\"photoMarker__link\" data-filter-brightness=\"brightness--100\" rel=\"nofollow noopener\"><\/p>\n<p>    <img decoding=\"async\" style=\"height:465px; aspect-ratio: 1.61032\/1; filter:brightness(1);\" alt=\"Nowe autobusy wejd\u0105 niebawem do eksploatacji.\" src=\"https:\/\/www.europesays.com\/pl\/wp-content\/uploads\/2026\/05\/4334480-Nowe-autobusy-wejda-niebawem-do-eksploatacji__c_160_95_2810_1745.webp\" class=\"photoMarker__img \" data-slider=\"img\" fetchpriority=\"high\"\/><\/p>\n<p>            <\/a><\/p>\n<p class=\"lead\">11 nowych przegubowych elektrycznych autobus\u00f3w za kilka dni pojawi si\u0119 na ulicach Gdyni. Formalnie zakupy przeprowadza\u0142y dwie sp\u00f3\u0142ki przewozowe: PKA i\u00a0PKM. Pierwsza zamawia\u0142a 8, a\u00a0druga 3 pojazdy. Do tego zakupiono jedn\u0105 \u0142adowark\u0119. Autobusy zostan\u0105 skierowane na linie 147 i\u00a0194.<\/p>\n<p><\/p>\n<p>                                tylko wtedy, kiedy musz\u0119<br \/>\n                                28%<\/p>\n<p>                                nie, nie korzystam z niej<br \/>\n                                21%<\/p>\n<p>Osiem pojazd\u00f3w marki <a href=\"https:\/\/www.trojmiasto.pl\/dom\/Solar-i1007.html\" class=\"parse-link\" title=\"Solar\" rel=\"nofollow noopener\" target=\"_blank\">Solaris<\/a> Urbino 18 Electric zakupi\u0142o PKA z\u00a0pe\u0142nym dofinansowaniem na pojemno\u015b\u0107 baterii 528 kWh. Pozosta\u0142e, kupione przez PKM, maj\u0105 600 kWh, a\u00a0dofinansowanie si\u0119gn\u0119\u0142o 84 proc. Ka\u017cdy z\u00a0nich zabiera po 125 pasa\u017cer\u00f3w, w\u00a0tym a\u017c 46 na miejscach siedz\u0105cych.<\/p>\n<p>Niemal wszystkie siedzenia s\u0105 przodem do kierunku jazdy, 18 z\u00a0nich jest dost\u0119pnych bezpo\u015brednio z\u00a0niskiej pod\u0142ogi. Posiadaj\u0105 radar, kamery, alkoblokady, automatyczne defibrylatory.<\/p>\n<p>Koszt ka\u017cdego autobusu to ok. 4 mln z\u0142<\/p>\n<p>    Osiem pojazd\u00f3w pojawi si\u0119 na linii 194, a\u00a0trzy na 147. Na p\u0119tli Nowowiczli\u0144ska stanie dodatkowo \u0142adowarka. Autobusy posiadaj\u0105 pantograf. Bez \u0142adowania przejad\u0105 od 250 do 300 km.8 autobus\u00f3w dla PKA<\/p>\n<p>Projekt realizowany przez PKA sp. z\u00a0o.o. w\u00a0Gdyni obejmuje zakup 8 autobus\u00f3w wraz z\u00a0budow\u0105 niezb\u0119dnej infrastruktury \u0142adowania w\u00a0zajezdni operatora przy ul. Platynowej.<\/p>\n<p>Dofinansowanie na same autobusy wynosi 100 proc  koszt\u00f3w kwalifikowanych, czyli 27 598 400 z\u0142, a\u00a0dla ca\u0142ego projektu, kt\u00f3ry zak\u0142ada jeszcze budow\u0119 8 <a href=\"https:\/\/www.trojmiasto.pl\/dom\/Punkt-i1274.html\" class=\"parse-link\" title=\"Punkt\" rel=\"nofollow noopener\" target=\"_blank\">punkt\u00f3w<\/a> \u0142adowania na terenie zajezdni &#8211; 97,45 proc.<\/p>\n<p>Cena jednego autobusu: 3 449 800 z\u0142 netto &#8211; 4 243 254 z\u0142 brutto.<\/p>\n<p>Warto\u015b\u0107 ca\u0142ego kontraktu z\u00a0producentem autobus\u00f3w: 33 946 032 z\u0142 brutto.<\/p>\n<p>3 autobusy dla PKM<\/p>\n<p>Projekt realizowany przez PKM sp. z\u00a0o.o. obj\u0105\u0142 zakup 3 autobus\u00f3w elektrycznych wraz z\u00a0budow\u0105 niezb\u0119dnej infrastruktury \u0142adowania, w\u00a0tym przypadku obejmuj\u0105cej 3 punkty \u0142adowania na terenie zajezdni przy ul. Chwaszczy\u0144skiej i\u00a01 \u0142adowarki pantografowej na p\u0119tli Karwiny Nowowiczli\u0144ska.<\/p>\n<p>Dofinansowanie do autobus\u00f3w wynosi 84 proc koszt\u00f3w kwalifikowanych, a\u00a0do ca\u0142ego projektu &#8211; 80,68 proc.<\/p>\n<p>Cena jednego autobusu: 3 669 800 z\u0142 netto &#8211;  4 513 854 z\u0142 brutto.<\/p>\n<p>Warto\u015b\u0107 ca\u0142ego kontraktu z\u00a0producentem autobus\u00f3w: 13 541 562 z\u0142 brutto.<\/p>\n<p><a data-tklik=\"126741\" target=\"_blank\" href=\"https:\/\/ogloszenia.trojmiasto.pl\/wyszukiwarka\/s,autobus,ikl,100_101_102_103_104_105_106,wi,100.html\" class=\"link-info-box link-info-box--icon\" rel=\"nofollow noopener\"><\/p>\n<p>Mieszkania blisko przystank\u00f3w<\/p>\n<p><\/a><\/p>\n<p>W\u0142adze miasta: jeste\u015bmy zaanga\u017cowani w\u00a0rozw\u00f3j miejskiego transportu<\/p>\n<p>&#8211; Cieszymy si\u0119, bo to s\u0105 ca\u0142kowicie nowe autobusy &#8211; komfortowe i\u00a0wygodne. Gdy\u0144ska komunikacja miejska podnosi jako\u015b\u0107 i\u00a0komfort. To wa\u017cne, by pokazywa\u0107, \u017ce Gdynia jest zaanga\u017cowana w\u00a0rozw\u00f3j komunikacji. Dzi\u0119kuj\u0119 wszystkim za zaanga\u017cowanie w\u00a0proces &#8211; m\u00f3wi Aleksandra Kosiorek, prezydent Gdyni.<br \/><a href=\"https:\/\/www.trojmiasto.pl\/wiadomosci\/Tadeusz-Szemiot-o84.html\" class=\"parse-link\" title=\"Tadeusz Szemiot\" rel=\"nofollow noopener\" target=\"_blank\">Tadeusz Szemiot<\/a>, przewodnicz\u0105cy rady miasta, podkre\u015bla z\u00a0kolei, \u017ce to spe\u0142nienie obietnic.<\/p>\n<p>&#8211; B\u0119dziemy unowocze\u015bnia\u0107 transport publiczny, staraj\u0105c si\u0119 czyni\u0107 go alternatyw\u0105 dla transportu prywatnego. Realizujemy to konsekwentnie w\u00a0r\u00f3\u017cnych obszarach &#8211; zapewnia Tadeusz Szemiot.\n                <\/p>\n","protected":false},"excerpt":{"rendered":"11 nowych przegubowych elektrycznych autobus\u00f3w za kilka dni pojawi si\u0119 na ulicach Gdyni. Formalnie zakupy przeprowadza\u0142y dwie sp\u00f3\u0142ki&hellip;\n","protected":false},"author":2,"featured_media":462732,"comment_status":"","ping_status":"","sticky":false,"template":"","format":"standard","meta":{"footnotes":"","_share_on_mastodon":"0"},"categories":[16],"tags":[612,61313,113,112,29111,37974,17034,1048,1064,2089,8701,4943,11969,51926,4512,88292,88290,8939,42,26736,88289,38,40,39,41,88293,88291,1052,1063,1078,95,4510,38663],"class_list":["post-462731","post","type-post","status-publish","format-standard","has-post-thumbnail","category-biznes","tag-autobus","tag-autobusy-elektryczne","tag-biznes","tag-business","tag-dostawa","tag-elektrycznosc","tag-elektryczny","tag-gdansk","tag-gdynia","tag-infrastruktura","tag-linia","tag-ladowanie","tag-ladowarka","tag-nowe-autobusy","tag-petla","tag-pka","tag-pka-gdynia","tag-pkm","tag-pl","tag-pojazd","tag-pojazd-przegubowy","tag-poland","tag-polish","tag-polska","tag-polski","tag-przegubowiec","tag-przegubowy","tag-przetarg","tag-sopot","tag-spolka","tag-umowa","tag-zajezdnia","tag-zamowienie"],"share_on_mastodon":{"url":"https:\/\/pubeurope.com\/@pl\/116661823918763958","error":""},"_links":{"self":[{"href":"https:\/\/www.europesays.com\/pl\/wp-json\/wp\/v2\/posts\/462731","targetHints":{"allow":["GET"]}}],"collection":[{"href":"https:\/\/www.europesays.com\/pl\/wp-json\/wp\/v2\/posts"}],"about":[{"href":"https:\/\/www.europesays.com\/pl\/wp-json\/wp\/v2\/types\/post"}],"author":[{"embeddable":true,"href":"https:\/\/www.europesays.com\/pl\/wp-json\/wp\/v2\/users\/2"}],"replies":[{"embeddable":true,"href":"https:\/\/www.europesays.com\/pl\/wp-json\/wp\/v2\/comments?post=462731"}],"version-history":[{"count":0,"href":"https:\/\/www.europesays.com\/pl\/wp-json\/wp\/v2\/posts\/462731\/revisions"}],"wp:featuredmedia":[{"embeddable":true,"href":"https:\/\/www.europesays.com\/pl\/wp-json\/wp\/v2\/media\/462732"}],"wp:attachment":[{"href":"https:\/\/www.europesays.com\/pl\/wp-json\/wp\/v2\/media?parent=462731"}],"wp:term":[{"taxonomy":"category","embeddable":true,"href":"https:\/\/www.europesays.com\/pl\/wp-json\/wp\/v2\/categories?post=462731"},{"taxonomy":"post_tag","embeddable":true,"href":"https:\/\/www.europesays.com\/pl\/wp-json\/wp\/v2\/tags?post=462731"}],"curies":[{"name":"wp","href":"https:\/\/api.w.org\/{rel}","templated":true}]}}