{"id":462974,"date":"2026-05-30T07:56:18","date_gmt":"2026-05-30T07:56:18","guid":{"rendered":"https:\/\/www.europesays.com\/pl\/462974\/"},"modified":"2026-05-30T07:56:18","modified_gmt":"2026-05-30T07:56:18","slug":"poscig-w-krakowie-radiowoz-wypadl-z-drogi-dwoje-policjantow-rannych","status":"publish","type":"post","link":"https:\/\/www.europesays.com\/pl\/462974\/","title":{"rendered":"Po\u015bcig w Krakowie. Radiow\u00f3z wypad\u0142 z drogi. Dwoje policjant\u00f3w rannych"},"content":{"rendered":"<p>Do niebezpiecznego wypadku dosz\u0142o w pi\u0105tek chwil\u0119 przed godz. 20. Jak podaje lokalny serwis Malopolskie24 info, patrol policji zauwa\u017cy\u0142 m\u0142odego m\u0119\u017cczyzn\u0119, kt\u00f3ry porusza\u0142 si\u0119 motocrossem w spos\u00f3b stwarzaj\u0105cy zagro\u017cenie dla innych uczestnik\u00f3w ruchu, m.in. je\u017adzi\u0142 na jednym kole. Policjanci podj\u0119li wi\u0119c pr\u00f3b\u0119 zatrzymania kierowcy do kontroli. Ten zacz\u0105\u0142 jednak ucieka\u0107. Policjanci ruszyli za nim w po\u015bcig.<\/p>\n<p> Dalszy ci\u0105g artyku\u0142u pod materia\u0142em wideo Dramatyczny fina\u0142 po\u015bcigu w Krakowie. Dwoje policjant\u00f3w rannych<\/p>\n<p>W pewnym momencie na \u0142uku drogi radiow\u00f3z zjecha\u0142 z nasypu na tory kolejowe. Dramatyczny fina\u0142 po\u015bcigu mia\u0142 miejsce na skrzy\u017cowaniu ulic W\u0119grzynowickiej i Sp\u0142awy. Kierowca radiowozu zosta\u0142 ci\u0119\u017cko ranny. \u015amig\u0142owcem Lotniczego Pogotowia Ratunkowego zosta\u0142 przetransportowany do szpitala. Ranna zosta\u0142a r\u00f3wnie\u017c jad\u0105ca z nim policjantka. Wed\u0142ug wst\u0119pnych informacji dozna\u0142a jedynie pot\u0142ucze\u0144 i jej \u017cyciu nie zagra\u017ca niebezpiecze\u0144stwo.<\/p>\n<p>Po wypadku policyjnego samochodu kierowca motocrossa porzuci\u0142 sw\u00f3j pojazd i zacz\u0105\u0142 ucieka\u0107 pieszo. Zosta\u0142 zatrzymany przez inny patrol. Policjanci ustalili, \u017ce m\u0142ody m\u0119\u017cczyzna m\u00f3g\u0142 ju\u017c wcze\u015bniej je\u017adzi\u0107 brawurowo i stwarza\u0107 zagro\u017cenie na okolicznych ulicach. \u015awiadkowie zeznali, \u017ce mieszka\u0144cy bali si\u0119 chodzi\u0107 ulicami.<\/p>\n<p class=\"ods-o-quote__paragraph\">To nie by\u0142 tylko dzisiejszy wybryk, tylko to ju\u017c trwa\u0142o od pewnego czasu<\/p>\n<p>\u2014 przekaza\u0142a w rozmowie rzeczniczka KMP w Krakowie.<\/p>\n<p>Policjanci zabezpieczyli miejsce zdarzenia. Przes\u0142uchali r\u00f3wnie\u017c \u015bwiadk\u00f3w. Zatrzymany m\u0142ody m\u0119\u017cczyzna ma zosta\u0107 przes\u0142uchany w sobot\u0119.<\/p>\n","protected":false},"excerpt":{"rendered":"Do niebezpiecznego wypadku dosz\u0142o w pi\u0105tek chwil\u0119 przed godz. 20. Jak podaje lokalny serwis Malopolskie24 info, patrol policji&hellip;\n","protected":false},"author":2,"featured_media":462975,"comment_status":"","ping_status":"","sticky":false,"template":"","format":"standard","meta":{"footnotes":"","_share_on_mastodon":"0"},"categories":[51606],"tags":[61195,1304,60418,48,46,42,38,414,40,39,41,572,47,2588],"class_list":["post-462974","post","type-post","status-publish","format-standard","has-post-thumbnail","category-krakow","tag-bottomfeed_styl","tag-krakow","tag-motocykle_motocyklisci","tag-nat_styl","tag-omp","tag-pl","tag-poland","tag-policja","tag-polish","tag-polska","tag-polski","tag-poscig","tag-screening_general","tag-wypadek"],"share_on_mastodon":{"url":"https:\/\/pubeurope.com\/@pl\/116662460973603530","error":""},"_links":{"self":[{"href":"https:\/\/www.europesays.com\/pl\/wp-json\/wp\/v2\/posts\/462974","targetHints":{"allow":["GET"]}}],"collection":[{"href":"https:\/\/www.europesays.com\/pl\/wp-json\/wp\/v2\/posts"}],"about":[{"href":"https:\/\/www.europesays.com\/pl\/wp-json\/wp\/v2\/types\/post"}],"author":[{"embeddable":true,"href":"https:\/\/www.europesays.com\/pl\/wp-json\/wp\/v2\/users\/2"}],"replies":[{"embeddable":true,"href":"https:\/\/www.europesays.com\/pl\/wp-json\/wp\/v2\/comments?post=462974"}],"version-history":[{"count":0,"href":"https:\/\/www.europesays.com\/pl\/wp-json\/wp\/v2\/posts\/462974\/revisions"}],"wp:featuredmedia":[{"embeddable":true,"href":"https:\/\/www.europesays.com\/pl\/wp-json\/wp\/v2\/media\/462975"}],"wp:attachment":[{"href":"https:\/\/www.europesays.com\/pl\/wp-json\/wp\/v2\/media?parent=462974"}],"wp:term":[{"taxonomy":"category","embeddable":true,"href":"https:\/\/www.europesays.com\/pl\/wp-json\/wp\/v2\/categories?post=462974"},{"taxonomy":"post_tag","embeddable":true,"href":"https:\/\/www.europesays.com\/pl\/wp-json\/wp\/v2\/tags?post=462974"}],"curies":[{"name":"wp","href":"https:\/\/api.w.org\/{rel}","templated":true}]}}