{"id":463079,"date":"2026-05-30T09:02:13","date_gmt":"2026-05-30T09:02:13","guid":{"rendered":"https:\/\/www.europesays.com\/pl\/463079\/"},"modified":"2026-05-30T09:02:13","modified_gmt":"2026-05-30T09:02:13","slug":"kryzys-dronowy-na-lotwie-jestesmy-w-niebezpieczenstwie-badzcie-przygotowani","status":"publish","type":"post","link":"https:\/\/www.europesays.com\/pl\/463079\/","title":{"rendered":"Kryzys dronowy na \u0141otwie. &#8222;Jeste\u015bmy w niebezpiecze\u0144stwie, b\u0105d\u017acie przygotowani&#8221;"},"content":{"rendered":"<p>Nowy rz\u0105d \u0141otwy obejmuje w\u0142adz\u0119 z obietnic\u0105 zmierzenia si\u0119 z kryzysem zwi\u0105zanym z dronami. Nie ma jednak jasnego planu, jak go rozwi\u0105za\u0107.<\/p>\n<p>\u2014 Wszystkie partie zgodzi\u0142y si\u0119, \u017ce wzmocnienie naszej obrony powietrznej i zdolno\u015bci do zwalczania dron\u00f3w to najpilniejszy priorytet \u2014 powiedzia\u0142a minister spraw zagranicznych Baiba Braze w o\u015bwiadczeniu dla POLITICO. \u2014 Nadrz\u0119dne priorytety w zakresie bezpiecze\u0144stwa i obrony znalaz\u0142y odzwierciedlenie w deklaracji nowej koalicji rz\u0105dowej.<\/p>\n<p>Kryzys zwi\u0105zany z dronami wstrz\u0105sn\u0105\u0142 \u0142otewsk\u0105 polityk\u0105 w delikatnym momencie dla wschodniej flanki NATO.<\/p>\n<p>Na pocz\u0105tku tego miesi\u0105ca dwa drony, kt\u00f3re wlecia\u0142y na terytorium \u0141otwy z terytorium Rosji, rozbi\u0142y si\u0119 w pobli\u017cu obiekt\u00f3w naftowych, co wzmog\u0142o obawy opinii publicznej dotycz\u0105ce zdolno\u015bci pa\u0144stwa do wykrywania zagro\u017ce\u0144 z powietrza.<\/p>\n<p>Ukraina rozpocz\u0119\u0142a intensywn\u0105 kampani\u0119 uderze\u0144 dalekiego zasi\u0119gu przeciwko kluczowym rosyjskim celom, takim jak obiekty obrony powietrznej, rafinerie, ruroci\u0105gi, porty i fabryki o znaczeniu strategicznym. Kij\u00f3w i pa\u0144stwa cz\u0142onkowskie NATO oskar\u017caj\u0105 Rosj\u0119 o przekierowywanie ukrai\u0144skich dron\u00f3w do przestrzeni powietrznej sojusznik\u00f3w; zauwa\u017cono je r\u00f3wnie\u017c nad Litw\u0105 i Estoni\u0105.<\/p>\n<p>     Negatywna reakcja na incydenty na \u0141otwie ostatecznie przyczyni\u0142a si\u0119 do <a href=\"https:\/\/wiadomosci.onet.pl\/swiat\/polityczny-wstrzas-na-lotwie-nieoficjalnie-premierka-podala-sie-do-dymisji\/8vyj60b\" id=\"8f6f8672-154f-41cc-97e7-d3ec794a8d0b\" rel=\"nofollow noopener\" target=\"_blank\">upadku rz\u0105du premier Eviki Siliny<\/a>. Minister obrony Andris Spruds zrezygnowa\u0142 pod presj\u0105, a napi\u0119cia w koalicji przerodzi\u0142y si\u0119 w szerszy upadek administracji. <img decoding=\"async\" src=\"https:\/\/www.europesays.com\/pl\/wp-content\/uploads\/2026\/05\/TvCk9lBaHR0cHM6Ly9vY2RuLmV1L3B1bHNjbXMvTURBXy9iMGYyNTliNDY2MzY4MTZkNzA1ZTNhMWZlMDgxOGY2Yi5qcGeRlQLNB.jpeg\" height=\"615\" width=\"940\" alt=\"By\u0142a premier \u0141otwy Evika Silina na Szczycie Dronowym w Rydze, 27 maja 2026 r.\" loading=\"lazy\" class=\"ods-c-image__img ods-c-image__img--viewport-width\"\/> <\/p>\n<p>By\u0142a premier \u0141otwy Evika Silina na Szczycie Dronowym w Rydze, 27 maja 2026 r.VALDA KALNINA \/ PAP<\/p>\n<p> Twardsze podej\u015bcie do dron\u00f3w<\/p>\n<p>Podczas gdy Braze ma pozosta\u0107 ministrem spraw zagranicznych w nowej koalicji, Spruds jest obecnie pos\u0142em w komisji obrony \u0142otewskiego parlamentu. Nowym ministrem obrony zosta\u0142 pu\u0142kownik Raivis Melnis, by\u0142y przedstawiciel \u0142otewskich si\u0142 zbrojnych w Ukrainie, kt\u00f3rego nominacja ma sygnalizowa\u0107 bardziej operacyjn\u0105 reakcj\u0119 na kryzys.<\/p>\n<p>Kulbergs przedstawi\u0142 t\u0119 rekonstrukcj\u0119 jako \u015brodek przywr\u00f3cenia zaufania publicznego.<\/p>\n<p>Braze stwierdzi\u0142a, \u017ce priorytetem Melnisa b\u0119dzie &#8222;szybka integracja do\u015bwiadcze\u0144 bojowych Ukrainy, technologii i sprawdzonych rozwi\u0105za\u0144&#8221; z \u0142otewskim systemem obronnym, szczeg\u00f3lnie w zakresie dron\u00f3w, wojny elektronicznej i obrony powietrznej.<\/p>\n<p>Kryzys ujawni\u0142 jednak r\u00f3wnie\u017c trudn\u0105 rzeczywisto\u015b\u0107 polityczn\u0105: nawet je\u015bli drony nie s\u0105 bezpo\u015brednio skierowane przeciwko \u0141otwie, rz\u0105dy mog\u0105 upa\u015b\u0107, je\u015bli spo\u0142ecze\u0144stwo straci zaufanie do zdolno\u015bci pa\u0144stwa do radzenia sobie z zagro\u017ceniem.<\/p>\n<p>Spruds, w rozmowie z POLITICO podczas odbywaj\u0105cego si\u0119 w tym tygodniu szczytu po\u015bwi\u0119conego dronom w Rydze, na kt\u00f3rym przedstawiciele przemys\u0142u, wojska i wysokich rang\u0105 polityk\u00f3w dyskutowali na temat rozwoju i zakup\u00f3w dron\u00f3w, argumentowa\u0142, \u017ce kwestia ta sta\u0142a si\u0119 wa\u017cniejsza ni\u017c jedno ministerstwo czy pojedyncza rezygnacja.<\/p>\n<p>\u2014 Incydenty z dronami nale\u017cy traktowa\u0107 bardzo powa\u017cnie \u2014 powiedzia\u0142 Spruds. Ostrzeg\u0142 jednak, \u017ce nie nale\u017cy ich traktowa\u0107 jako czysto wewn\u0119trznej pora\u017cki politycznej, bior\u0105c pod uwag\u0119, \u017ce s\u0105 one &#8222;konsekwencj\u0105 rosyjskiej agresji w Ukrainie&#8221;.<\/p>\n<p>\u2014 Nie chodzi tylko o wykrywanie i przechwytywanie. Chodzi r\u00f3wnie\u017c o komunikacj\u0119 \u2014 doda\u0142.<\/p>\n<p>Nowa koalicja stara si\u0119 obecnie prezentowa\u0107 bardziej zdecydowane podej\u015bcie. Reinis Poznaks, \u0142otewski pose\u0142 do Parlamentu Europejskiego z prawicowej frakcji Europejskich Konserwatyst\u00f3w i Reformator\u00f3w, powi\u0105zany z obozem politycznym Kulbergsa, stwierdzi\u0142, \u017ce zbyt wiele plan\u00f3w obronnych nadal istnieje jedynie &#8222;w PowerPoincie&#8221;, a nie w rzeczywisto\u015bci.<\/p>\n<p>\u2014 Niestety nie da si\u0119 powstrzyma\u0107 dron\u00f3w \u2014 powiedzia\u0142 Poznaks serwisowi POLITICO podczas tego samego szczytu. \u2014 Musimy po prostu by\u0107 znacznie lepiej przygotowani.<\/p>\n<p>Poznaks argumentowa\u0142, \u017ce najwi\u0119ksze s\u0142abo\u015bci \u0141otwy le\u017c\u0105 w systemach wykrywania i ostrzegania ludno\u015bci, kt\u00f3re obecnie po raz pierwszy s\u0105 testowane w rzeczywistych warunkach.<\/p>\n<p>\u2014 Pierwszym celem nowego rz\u0105du powinno by\u0107 przekazanie obywatelom trudnej prawdy: [\u017ce] jeste\u015bmy w niebezpiecze\u0144stwie, b\u0105d\u017acie przygotowani \u2014 powiedzia\u0142.<\/p>\n<p>      Dalszy ci\u0105g artyku\u0142u pod materia\u0142em wideo Wnioski z Ukrainy<\/p>\n<p>Urz\u0119dnicy blisko zwi\u0105zani z now\u0105 koalicj\u0105 przyznaj\u0105, \u017ce wyzwanie wykracza poza granice \u0141otwy.<\/p>\n<p>Osoba zaznajomiona z rz\u0105dowymi dyskusjami na temat obronno\u015bci powiedzia\u0142a, \u017ce nowe kierownictwo chce \u015bci\u015ble wsp\u00f3\u0142pracowa\u0107 z Ukrain\u0105, aby wyci\u0105gn\u0105\u0107 wnioski z pola walki, ale doda\u0142a, \u017ce kraje NATO wci\u0105\u017c maj\u0105 trudno\u015bci ze zrozumieniem, co wojna z intensywnym wykorzystaniem dron\u00f3w oznacza dla zachodnich si\u0142 zbrojnych opartych na bardziej konwencjonalnych taktykach.<\/p>\n<p>\u2014 W praktyce by\u0142o du\u017co rozm\u00f3w, a znacznie mniej aktywnych zmian \u2014 powiedzia\u0142 urz\u0119dnik.<\/p>\n<p>Analitycy ostrzegaj\u0105, \u017ce tymczasowy rz\u0105d \u0141otwy mo\u017ce mie\u0107 zbyt ma\u0142o czasu, by zrealizowa\u0107 cokolwiek poza drobnymi poprawkami. Kolejne wybory parlamentarne zaplanowano na pa\u017adziernik, co pozostawia koalicji zaledwie kilka miesi\u0119cy, zanim kampania wyborcza zdominuje polityk\u0119.<\/p>\n<p>\u2014 Nie oczekuj\u0119 zbyt wiele od nowego rz\u0105du \u0142otewskiego \u2014 powiedzia\u0142 Bartosz Chmielewski, analityk ds. kraj\u00f3w ba\u0142tyckich w warszawskim think tanku Centrum Studi\u00f3w Wschodnich. \u2014 Trudno oczekiwa\u0107, \u017ce ten gabinet wprowadzi szeroko zakrojone zmiany i reformy, poniewa\u017c dzia\u0142a w okresie przedwyborczym.<\/p>\n<p>Zamiast tego, jak powiedzia\u0142 Chmielewski, najbardziej realnymi osi\u0105gni\u0119ciami rz\u0105du w perspektywie kr\u00f3tkoterminowej mo\u017ce by\u0107 ulepszenie \u0142otewskiego systemu ostrzegania SMS-owego przed dronami oraz dotrzymanie termin\u00f3w w d\u0142ugoterminowych programach obrony powietrznej \u2014 w tym dostaw szwedzkich system\u00f3w RBS 70 NG i niemieckich IRIS-T.<\/p>\n<p>Mo\u017ce to sprawi\u0107, \u017ce nowy rz\u0105d \u0141otwy b\u0119dzie musia\u0142 zmierzy\u0107 si\u0119 z niewygodn\u0105 rzeczywisto\u015bci\u0105: kryzys, kt\u00f3ry doprowadzi\u0142 do upadku poprzedniej administracji, nie jest problemem, kt\u00f3ry mo\u017cna w pe\u0142ni rozwi\u0105za\u0107, a jedynie pr\u00f3bowa\u0107 lepiej nim zarz\u0105dza\u0107 przed kolejnymi wyborami.<\/p>\n","protected":false},"excerpt":{"rendered":"Nowy rz\u0105d \u0141otwy obejmuje w\u0142adz\u0119 z obietnic\u0105 zmierzenia si\u0119 z kryzysem zwi\u0105zanym z dronami. Nie ma jednak jasnego&hellip;\n","protected":false},"author":2,"featured_media":463080,"comment_status":"","ping_status":"","sticky":false,"template":"","format":"standard","meta":{"footnotes":"","_share_on_mastodon":"0"},"categories":[14],"tags":[56,61195,32,33,144,27,76,34,35,75,28,31,48,160,25,46,40,1314,41,20922,47,80,29,30,26,82,83,84],"class_list":["post-463079","post","type-post","status-publish","format-standard","has-post-thumbnail","category-swiat","tag-article_premium","tag-bottomfeed_styl","tag-breaking-news","tag-breakingnews","tag-drony","tag-headlines","tag-inwazja_rosji_na_ukraine","tag-latest-news","tag-latestnews","tag-lotwa","tag-naglowki","tag-najwazniejsze-artykuly","tag-nat_styl","tag-nato","tag-news","tag-omp","tag-polish","tag-politico","tag-polski","tag-ryga","tag-screening_general","tag-swiat","tag-top-stories","tag-topstories","tag-wiadomosci","tag-world","tag-world-news","tag-worldnews"],"share_on_mastodon":{"url":"https:\/\/pubeurope.com\/@pl\/116662721026280554","error":""},"_links":{"self":[{"href":"https:\/\/www.europesays.com\/pl\/wp-json\/wp\/v2\/posts\/463079","targetHints":{"allow":["GET"]}}],"collection":[{"href":"https:\/\/www.europesays.com\/pl\/wp-json\/wp\/v2\/posts"}],"about":[{"href":"https:\/\/www.europesays.com\/pl\/wp-json\/wp\/v2\/types\/post"}],"author":[{"embeddable":true,"href":"https:\/\/www.europesays.com\/pl\/wp-json\/wp\/v2\/users\/2"}],"replies":[{"embeddable":true,"href":"https:\/\/www.europesays.com\/pl\/wp-json\/wp\/v2\/comments?post=463079"}],"version-history":[{"count":0,"href":"https:\/\/www.europesays.com\/pl\/wp-json\/wp\/v2\/posts\/463079\/revisions"}],"wp:featuredmedia":[{"embeddable":true,"href":"https:\/\/www.europesays.com\/pl\/wp-json\/wp\/v2\/media\/463080"}],"wp:attachment":[{"href":"https:\/\/www.europesays.com\/pl\/wp-json\/wp\/v2\/media?parent=463079"}],"wp:term":[{"taxonomy":"category","embeddable":true,"href":"https:\/\/www.europesays.com\/pl\/wp-json\/wp\/v2\/categories?post=463079"},{"taxonomy":"post_tag","embeddable":true,"href":"https:\/\/www.europesays.com\/pl\/wp-json\/wp\/v2\/tags?post=463079"}],"curies":[{"name":"wp","href":"https:\/\/api.w.org\/{rel}","templated":true}]}}