{"id":463578,"date":"2026-05-30T14:54:09","date_gmt":"2026-05-30T14:54:09","guid":{"rendered":"https:\/\/www.europesays.com\/pl\/463578\/"},"modified":"2026-05-30T14:54:09","modified_gmt":"2026-05-30T14:54:09","slug":"gawryluk-o-prezencie-nawrockiego-dla-tuska-nie-zorientowal-sie","status":"publish","type":"post","link":"https:\/\/www.europesays.com\/pl\/463578\/","title":{"rendered":"Gawryluk o prezencie Nawrockiego dla Tuska: Nie zorientowa\u0142 si\u0119?"},"content":{"rendered":"\n<p>&#13;<br \/>\nPrezydent Ukrainy Wo\u0142odymyr Ze\u0142enski zdecydowa\u0142 o\u00a0nadaniu Samodzielnemu Centrum Operacji Specjalnych &#8222;P\u00f3\u0142noc&#8221;, elitarnej jednostce ukrai\u0144skiej armii, imienia &#8222;Bohater\u00f3w UPA&#8221;. Sprawa wywo\u0142a\u0142a oburzenie w\u00a0Polsce. Prezydent Karol Nawrocki zapowiedzia\u0142, \u017ce\u00a0b\u0119dzie wnioskowa\u0142 o\u00a0odebranie Ze\u0142enskiemu Orderu Or\u0142a Bia\u0142ego. Ukrai\u0144ski przyw\u00f3dca zosta\u0142 odznaczony w\u00a0kwietniu 2023\u00a0r. przez \u00f3wczesnego prezydenta Andrzeja Dud\u0119. W\u00a0uzasadnieniu wskazano jego &#8222;znamienite zas\u0142ugi w\u00a0pog\u0142\u0119bianiu przyjaznych i\u00a0wszechstronnych stosunk\u00f3w mi\u0119dzy Polsk\u0105 a\u00a0Ukrain\u0105, rozwijanie wsp\u00f3\u0142pracy na\u00a0rzecz demokracji, pokoju i\u00a0bezpiecze\u0144stwa w\u00a0Europie oraz\u00a0niez\u0142omno\u015b\u0107 w\u00a0obronie niezbywalnych praw cz\u0142owieka&#8221;. &#13;\n<\/p>\n<p>&#13;<br \/>\nZgodnie z\u00a0ustaw\u0105 o\u00a0orderach i\u00a0odznaczeniach, prezydent RP mo\u017ce pozbawi\u0107 odznaczenia osob\u0119, kt\u00f3ra sta\u0142a si\u0119 niegodna jego noszenia. Decyzja podejmowana jest po\u00a0zasi\u0119gni\u0119ciu opinii w\u0142a\u015bciwej kapitu\u0142y. Najbli\u017csze posiedzenie Kapitu\u0142y Orderu Or\u0142a Bia\u0142ego odb\u0119dzie si\u0119 8\u00a0czerwca. \u2013\u00a0Zaproponowa\u0142em, by\u00a0jednym z\u00a0punkt\u00f3w by\u0142o odebranie orderu prezydentowi Ukrainy Wo\u0142odymyrowi Ze\u0142enskiemu \u2013\u00a0przekaza\u0142 w\u00a0pi\u0105tek (29 maja) Karol Nawrocki. &#13;\n<\/p>\n<p>&#13;<br \/>\nInicjatywa g\u0142owy pa\u0144stwa <a href=\"https:\/\/dorzeczy.pl\/opinie\/893791\/tusk-o-decyzji-zelenskiego-i-zapowiedzi-nawrockiego.html\" rel=\"nofollow noopener\" target=\"_blank\">spotka\u0142a si\u0119 z\u00a0krytyk\u0105<\/a> ze\u00a0strony polityk\u00f3w obozu w\u0142adzy. &#8222;Je\u015bli pok\u0142\u00f3cimy si\u0119 o\u00a0przesz\u0142o\u015b\u0107, kto\u015b inny wygra przysz\u0142o\u015b\u0107. Prezydent Ukrainy powinien to\u00a0wreszcie rozumie\u0107. Polski te\u017c. Zanim b\u0119dzie za\u00a0p\u00f3\u017ano!&#8221; \u2013\u00a0skomentowa\u0142 w\u00a0mediach spo\u0142eczno\u015bciowych premier Donald Tusk. Z\u00a0kolei szef MON W\u0142adys\u0142aw Kosiniak-Kamysz uwa\u017ca, \u017ce\u00a0Nawrocki powinien zadzwoni\u0107 do\u00a0Ze\u0142enskiego i\u00a0wyrazi\u0107 swoje niezadowolenie, zamiast &#8222;stawia\u0107 spraw\u0119 na\u00a0ostrzu no\u017ca&#8221;. &#13;\n<\/p>\n<p>Relacje z\u00a0Ukrain\u0105. Gawryluk o\u00a0&#8222;grzechu naiwno\u015bci&#8221;<\/p>\n<p>&#13;<br \/>\n\u2013 Czy\u00a0premier nie\u00a0zorientowa\u0142 si\u0119, \u017ce\u00a0taka postawa prezydenta mo\u017ce by\u0107 prezentem dla\u00a0niego i\u00a0warto by\u0142oby si\u0119 pod\u0142\u0105czy\u0107? \u2013\u00a0zastanawia\u0142a si\u0119 w\u00a0programie &#8222;Kalejdoskop Wydarze\u0144&#8221; na\u00a0antenie Polsat News Dorota Gawryluk. &#13;\n<\/p>\n<p>&#13;<br \/>\nZdaniem dziennikarki, polskie w\u0142adze, pocz\u0105wszy od\u00a0prezydenta Andrzeja Dudy, pope\u0142ni\u0142y &#8222;grzech naiwno\u015bci&#8221; w\u00a0relacjach z\u00a0Ukrain\u0105. \u2013\u00a0Nam si\u0119 wydawa\u0142o, \u017ce\u00a0je\u015bli wszystko damy Ukrainie na\u00a0z\u0142otej tacy, to\u00a0ta Ukraina b\u0119dzie nam potem wdzi\u0119czna, b\u0119dziemy odbudowywa\u0107 po\u00a0wojnie ukrai\u0144skie miasta i\u00a0fabryki, dostaniemy wreszcie zado\u015b\u0107uczynienie zwi\u0105zane z\u00a0Wo\u0142yniem i\u00a0innymi ciemnymi kartami \u2013\u00a0m\u00f3wi\u0142a. &#13;\n<\/p>\n<p>&#13;<br \/>\nWed\u0142ug Gawryluk, Wo\u0142odymyr Ze\u0142enski nigdy nie\u00a0powinien dosta\u0107 Orderu Or\u0142a Bia\u0142ego. \u2013\u00a0To\u00a0order za\u00a0pog\u0142\u0119bianie stosunk\u00f3w polsko-ukrai\u0144skich. Jakie stosunki polsko-ukrai\u0144skie pog\u0142\u0119bi\u0142? \u2013\u00a0pyta\u0142a. &#13;\n<\/p>\n<p>&#13;<br \/>\nCzytaj te\u017c:<br \/><a href=\"https:\/\/dorzeczy.pl\/opinie\/894292\/miller-o-ruchu-nawrockiego-postawil-tuska-w-narozniku.html\" rel=\"follow nofollow noopener\" data-schema=\"DORZECZY\" data-image=\"https:\/\/img.dorzeczy.pl\/_thumb\/d1\/12\/7b1cbdba707deef1371140ed095a.jpeg\" target=\"_blank\">Miller: Tym ruchem Nawrocki postawi\u0142 Tuska w\u00a0naro\u017cniku<\/a>Czytaj te\u017c:<br \/><a href=\"https:\/\/dorzeczy.pl\/opinie\/894289\/bilecki-o-upa-i-banderze-mamy-inne-podejscie-do-oceny.html\" rel=\"follow nofollow noopener\" data-schema=\"DORZECZY\" data-image=\"https:\/\/img.dorzeczy.pl\/_thumb\/eb\/2b\/fb8e833cc0b8c6d3b7dcxx8f42e8.jpeg\" target=\"_blank\">&#8222;Ukrai\u0144skiemu spo\u0142ecze\u0144stwu nie\u00a0zale\u017cy, \u017ceby w\u00a0Polsce kto\u015b co\u015b dobrego my\u015bla\u0142 o\u00a0UPA&#8221;<\/a>&#13;<\/p>\n","protected":false},"excerpt":{"rendered":"&#13; Prezydent Ukrainy Wo\u0142odymyr Ze\u0142enski zdecydowa\u0142 o\u00a0nadaniu Samodzielnemu Centrum Operacji Specjalnych &#8222;P\u00f3\u0142noc&#8221;, elitarnej jednostce ukrai\u0144skiej armii, imienia &#8222;Bohater\u00f3w&hellip;\n","protected":false},"author":2,"featured_media":463579,"comment_status":"","ping_status":"","sticky":false,"template":"","format":"standard","meta":{"footnotes":"","_share_on_mastodon":"0"},"categories":[62712],"tags":[88421,662,98,55212,690,49,1315,102,50230,99,415,850],"class_list":["post-463578","post","type-post","status-publish","format-standard","has-post-thumbnail","category-karol-nawrocki","tag-bohaterow-upa","tag-dawid-sienkowski","tag-dorzeczy","tag-gawryluk","tag-karol-nawrocki","tag-kraj","tag-nawrocki","tag-opinie","tag-order","tag-tusk","tag-ukraina","tag-zelenski"],"share_on_mastodon":{"url":"https:\/\/pubeurope.com\/@pl\/116664104734879773","error":""},"_links":{"self":[{"href":"https:\/\/www.europesays.com\/pl\/wp-json\/wp\/v2\/posts\/463578","targetHints":{"allow":["GET"]}}],"collection":[{"href":"https:\/\/www.europesays.com\/pl\/wp-json\/wp\/v2\/posts"}],"about":[{"href":"https:\/\/www.europesays.com\/pl\/wp-json\/wp\/v2\/types\/post"}],"author":[{"embeddable":true,"href":"https:\/\/www.europesays.com\/pl\/wp-json\/wp\/v2\/users\/2"}],"replies":[{"embeddable":true,"href":"https:\/\/www.europesays.com\/pl\/wp-json\/wp\/v2\/comments?post=463578"}],"version-history":[{"count":0,"href":"https:\/\/www.europesays.com\/pl\/wp-json\/wp\/v2\/posts\/463578\/revisions"}],"wp:featuredmedia":[{"embeddable":true,"href":"https:\/\/www.europesays.com\/pl\/wp-json\/wp\/v2\/media\/463579"}],"wp:attachment":[{"href":"https:\/\/www.europesays.com\/pl\/wp-json\/wp\/v2\/media?parent=463578"}],"wp:term":[{"taxonomy":"category","embeddable":true,"href":"https:\/\/www.europesays.com\/pl\/wp-json\/wp\/v2\/categories?post=463578"},{"taxonomy":"post_tag","embeddable":true,"href":"https:\/\/www.europesays.com\/pl\/wp-json\/wp\/v2\/tags?post=463578"}],"curies":[{"name":"wp","href":"https:\/\/api.w.org\/{rel}","templated":true}]}}