{"id":463847,"date":"2026-05-30T18:14:10","date_gmt":"2026-05-30T18:14:10","guid":{"rendered":"https:\/\/www.europesays.com\/pl\/463847\/"},"modified":"2026-05-30T18:14:10","modified_gmt":"2026-05-30T18:14:10","slug":"niepewna-przyszlosc-j-d-vancea-trump-kwestionuje-jego-dalsza-kariere","status":"publish","type":"post","link":"https:\/\/www.europesays.com\/pl\/463847\/","title":{"rendered":"Niepewna przysz\u0142o\u015b\u0107 J.D. Vance\u2019a. Trump kwestionuje jego dalsz\u0105 karier\u0119"},"content":{"rendered":"<p>Wiceprezydent USA J.D. Vance wci\u0105\u017c nie mo\u017ce by\u0107 pewien swojej przysz\u0142o\u015bci jako &#8222;spadkobiercy&#8221; <a href=\"https:\/\/wiadomosci.onet.pl\/swiat\/toksyczny-efekt-trumpa-jak-ideologia-maga-zaczela-szkodzic-prawicy-na-calym-swiecie\/2b9etem\" id=\"30871b4f-3780-426a-bcf6-d5ec10e06082\" rel=\"nofollow noopener\" target=\"_blank\">imperium MAGA [Make America Great Again] Donalda Trumpa<\/a>. &#8222;New York Times&#8221; donosi, \u017ce prezydent Stan\u00f3w Zjednoczonych nieustannie pyta osoby ze swojego otoczenia o opini\u0119 na temat jego zast\u0119pcy. Osoby z Bia\u0142ego Domu maj\u0105 z kolei doradza\u0107 Vance&#8217;owi, jak powinien zachowywa\u0107 si\u0119 w okre\u015blonych sytuacjach.Donald Trump nie jest pewien swojego zast\u0119pcy<\/p>\n<p>Ameryka\u0144ski przyw\u00f3dca cz\u0119sto przypomina ludziom, \u017ce jego poparcie mia\u0142o decyduj\u0105ce znaczenie w zaci\u0119tej walce Vance&#8217;a o miejsce w Senacie stanu Ohio w 2016 r., czym podkre\u015bla zale\u017cno\u015b\u0107 wiceprezydenta USA od siebie.<\/p>\n<p>      Dalszy ci\u0105g artyku\u0142u pod materia\u0142em wideo Ponadto Donald Trump ma w\u0105tpi\u0107, czy J.D. Vance ma predyspozycje, by zosta\u0107 kolejnym kandydatem Partii Republika\u0144skiej na prezydenta. Dodatkowo wielokrotnie wypomina\u0142 swojemu zast\u0119pcy <a href=\"https:\/\/wiadomosci.onet.pl\/swiat\/atak-na-iran-podzielil-trumpa-i-vancea-po-prostu-sie-sprzeciwia\/vknyx6r\" id=\"ebf3c5e6-2b77-428e-9380-3d79628e7056\" rel=\"nofollow noopener\" target=\"_blank\">jego sprzeciw wobec wojny z Iranem<\/a>, kwestionowa\u0142 sukces <a href=\"https:\/\/wiadomosci.onet.pl\/swiat\/ruszaja-rozmowy-usa-iran-wiceprezydent-leci-do-pakistanu\/9h7mwye\" id=\"a6cdd569-1dfd-468a-a117-4f44606e2061\" rel=\"nofollow noopener\" target=\"_blank\">misji dyplomatycznej prowadzonej przez Vance&#8217;a w Pakistanie<\/a>, krytykowa\u0142 liczb\u0119 urlop\u00f3w wiceprezydenta oraz wy\u015bmiewa\u0142 jego sk\u0142onno\u015b\u0107 do przerywania rozm\u00f3w.     <\/p>\n<p>&#8222;New York Times&#8221; zauwa\u017ca jednak, \u017ce mimo pocz\u0105tkowego sprzeciwu Vance&#8217;a wobec dzia\u0142a\u0144 w Iranie, po rozpocz\u0119ciu ataku, publicznie stan\u0105\u0142 w obronie decyzji Donalda Trumpa i przy\u0142\u0105czy\u0142 si\u0119 do stanowiska administracji USA.<\/p>\n<p>Dziennik zaznacza te\u017c, \u017ce ameryka\u0144ski wiceprezydent jest znany z obsesyjnego wr\u0119cz przewijania ekranu swojego telefonu oraz bezpo\u015bredniego odpowiadania w mediach spo\u0142eczno\u015bciowych swoim krytykom. Zachowania te mia\u0142y sk\u0142oni\u0107 szefow\u0105 sztabu Bia\u0142ego Domu, Susie Wiles, do upomnienia Vance&#8217;a i nakazania mu ograniczenia aktywno\u015bci w internecie, argumentuj\u0105c, \u017ce publiczne spory w mediach spo\u0142eczno\u015bciowych nie przystaj\u0105 do urz\u0119du wiceprezydenta.<\/p>\n<p><a href=\"https:\/\/wiadomosci.onet.pl\/swiat\/jd-vance-znalazl-sobie-nowego-wroga-bezdzietne-kociary\/p5yfg0f\" id=\"9c8c0471-c9e3-498f-9e8c-1a1a3e7cb269\" rel=\"nofollow noopener\" target=\"_blank\">Niepewn\u0105 przysz\u0142o\u015b\u0107 polityczn\u0105 J.D. Vance&#8217;a<\/a> potwierdza r\u00f3wnie\u017c niedawna wypowied\u017a Donalda Trumpa, kt\u00f3ry zapytany o to, kto najlepiej nadaje si\u0119 do dalszego kontynuowania jego polityki, odpowiedzia\u0142 enigmatycznie: &#8222;Ktokolwiek to przejmie, b\u0119dzie mia\u0142 ogromne znaczenie. A gdyby trafi\u0142a si\u0119 niew\u0142a\u015bciwa osoba \u2014 katastrofa&#8221;.<\/p>\n","protected":false},"excerpt":{"rendered":"Wiceprezydent USA J.D. Vance wci\u0105\u017c nie mo\u017ce by\u0107 pewien swojej przysz\u0142o\u015bci jako &#8222;spadkobiercy&#8221; imperium MAGA [Make America Great&hellip;\n","protected":false},"author":2,"featured_media":463848,"comment_status":"","ping_status":"","sticky":false,"template":"","format":"standard","meta":{"footnotes":"","_share_on_mastodon":"0"},"categories":[14],"tags":[61195,32,33,44,27,6909,34,35,28,31,48,25,46,40,41,47,80,29,30,71,26,82,83,84],"class_list":["post-463847","post","type-post","status-publish","format-standard","has-post-thumbnail","category-swiat","tag-bottomfeed_styl","tag-breaking-news","tag-breakingnews","tag-donald_trump","tag-headlines","tag-j_d_vance","tag-latest-news","tag-latestnews","tag-naglowki","tag-najwazniejsze-artykuly","tag-nat_styl","tag-news","tag-omp","tag-polish","tag-polski","tag-screening_general","tag-swiat","tag-top-stories","tag-topstories","tag-usa","tag-wiadomosci","tag-world","tag-world-news","tag-worldnews"],"share_on_mastodon":{"url":"","error":""},"_links":{"self":[{"href":"https:\/\/www.europesays.com\/pl\/wp-json\/wp\/v2\/posts\/463847","targetHints":{"allow":["GET"]}}],"collection":[{"href":"https:\/\/www.europesays.com\/pl\/wp-json\/wp\/v2\/posts"}],"about":[{"href":"https:\/\/www.europesays.com\/pl\/wp-json\/wp\/v2\/types\/post"}],"author":[{"embeddable":true,"href":"https:\/\/www.europesays.com\/pl\/wp-json\/wp\/v2\/users\/2"}],"replies":[{"embeddable":true,"href":"https:\/\/www.europesays.com\/pl\/wp-json\/wp\/v2\/comments?post=463847"}],"version-history":[{"count":0,"href":"https:\/\/www.europesays.com\/pl\/wp-json\/wp\/v2\/posts\/463847\/revisions"}],"wp:featuredmedia":[{"embeddable":true,"href":"https:\/\/www.europesays.com\/pl\/wp-json\/wp\/v2\/media\/463848"}],"wp:attachment":[{"href":"https:\/\/www.europesays.com\/pl\/wp-json\/wp\/v2\/media?parent=463847"}],"wp:term":[{"taxonomy":"category","embeddable":true,"href":"https:\/\/www.europesays.com\/pl\/wp-json\/wp\/v2\/categories?post=463847"},{"taxonomy":"post_tag","embeddable":true,"href":"https:\/\/www.europesays.com\/pl\/wp-json\/wp\/v2\/tags?post=463847"}],"curies":[{"name":"wp","href":"https:\/\/api.w.org\/{rel}","templated":true}]}}