{"id":463916,"date":"2026-05-30T19:09:09","date_gmt":"2026-05-30T19:09:09","guid":{"rendered":"https:\/\/www.europesays.com\/pl\/463916\/"},"modified":"2026-05-30T19:09:09","modified_gmt":"2026-05-30T19:09:09","slug":"coco-gauff-za-burta-roland-garros-nie-obroni-tytulu-beda-konsekwencje","status":"publish","type":"post","link":"https:\/\/www.europesays.com\/pl\/463916\/","title":{"rendered":"Coco Gauff za burt\u0105 Roland Garros! Nie obroni tytu\u0142u. B\u0119d\u0105 konsekwencje!"},"content":{"rendered":"<p>Po dw\u00f3ch \u0142atwiejszych spotkaniach w Pary\u017cu Coco Gauff musia\u0142a stan\u0105\u0107 twarz\u0105 w twarz z pierwsz\u0105 naprawd\u0119 wymagaj\u0105c\u0105 rywalk\u0105. Tym razem przysz\u0142o jej bowiem zmierzy\u0107 si\u0119 z Anastasij\u0105 Potapow\u0105, tenisistk\u0105, kt\u00f3ra dopiero co zosta\u0142a sensacj\u0105 turnieju WTA rangi 1000 w Madrycie. A to nie zwiastowa\u0142o \u0142atwej przeprawy.<\/p>\n<p> Dalszy ci\u0105g artyku\u0142u pod materia\u0142em wideo <\/p>\n<p>I szybko sta\u0142o si\u0119 jasne, \u017ce Amerykank\u0119 faktycznie czekaj\u0105 spore problemy. Rosjanka reprezentuj\u0105ca Austri\u0119 d\u0142ugo spisywa\u0142a si\u0119 fantastycznie i prowadzi\u0142a ju\u017c 4:2, b\u0119d\u0105c o krok od tego, by wygra\u0107 pierwszego seta z obro\u0144czyni\u0105 tytu\u0142u. Nad kortem imienia Philippe&#8217;a Chatriera unosi\u0142 si\u0119 zapach niespodzianki.<\/p>\n<p>     Wielka sensacja w Roland Garros sta\u0142a si\u0119 faktem<\/p>\n<p>W\u0142a\u015bnie wtedy Coco Gauff zanotowa\u0142a kapitaln\u0105 pass\u0119, kt\u00f3ra uchroni\u0142a j\u0105 przed powa\u017cnym zagro\u017ceniem. Cho\u0107 przegrywa\u0142a 2:4, wygra\u0142a cztery gemy z rz\u0119du, by zako\u0144czy\u0107 pierwsz\u0105 parti\u0119 rezultatem 6:4. Mistrzyni Roland Garros by\u0142a bli\u017cej czwartej rundy, cho\u0107 musia\u0142a postawi\u0107 drugi krok.<\/p>\n<p>Ale i to okaza\u0142o si\u0119 niezwykle trudnym zadaniem. Do\u015b\u0107 powiedzie\u0107, \u017ce Potapowa zn\u00f3w wysz\u0142a na prowadzenie 4:2, tym razem jednak posz\u0142a o krok dalej i wygra\u0142a kolejnego gema, b\u0119d\u0105c o ma\u0142y krok od wyr\u00f3wnania rezultatu spotkania. Gauff pope\u0142nia\u0142a zdecydowanie zbyt wiele b\u0142\u0119d\u00f3w, by my\u015ble\u0107 o zamkni\u0119ciu meczu w dw\u00f3ch setach.<\/p>\n<p>I nagle wydarzy\u0142 si\u0119 cud. Bo trudno nazwa\u0107 to inaczej z perspektywy Amerykanki.<\/p>\n<p>Potapowa wywalczy\u0142a sobie dwie pi\u0142ki setowe, a pierwsz\u0105 spud\u0142owa\u0142a o dos\u0142ownie centymetry. I dok\u0142adnie w tym momencie, po wymarzonych szansach dla Rosjanki graj\u0105cej dla Austrii, Coco Gauff zanotowa\u0142a kapitaln\u0105 pass\u0119, kt\u00f3ra da\u0142a jej doprowadzenie do tie-breaka od stanu 2:5.<\/p>\n<p>     Tie-break wszystko zmieni\u0142. Coco Gauff bezradna!<\/p>\n<p>W decyduj\u0105cym gemie drugiej partii Amerykanka zn\u00f3w zaliczy\u0142a ca\u0142\u0105 seri\u0119 pomy\u0142ek, wi\u0119c ostatecznie o wszystkim musia\u0142 decydowa\u0107 trzeci set. Ale w nim Potapowa nie gra\u0142a ju\u017c tak dobrze, jak wcze\u015bniej. Da\u0142a si\u0119 prze\u0142ama\u0107 bardzo szybko i Gauff by\u0142a w komfortowej sytuacji na drodze do czwartej rundy.<\/p>\n<p>C\u00f3\u017c jednak z tego, skoro wyr\u00f3wnany gem da\u0142 tenisistce z Saratowa wyr\u00f3wnanie? Walka zn\u00f3w toczy\u0142a si\u0119 cios za cios i nie mo\u017cna by\u0142o wykluczy\u0107, \u017ce na korcie imienia Philippe&#8217;a Chatriera doczekamy si\u0119 drugiego super tie-breaka z rz\u0119du.<\/p>\n<p>Tak si\u0119 jednak nie sta\u0142o, bo w kluczowym momencie, gdy Amerykanka musia\u0142a utrzyma\u0107 serwis, pope\u0142ni\u0142a kosztowny b\u0142\u0105d, a to da\u0142o Anastasiji Potapowej awans do czwartej rundy. Gauff nie obroni tytu\u0142u wywalczonego przed rokiem, co nale\u017cy uzna\u0107 za kolejn\u0105 wielk\u0105 sensacj\u0119 Roland Garros 2026. Na pewno nie uda jej si\u0119 te\u017c wyprzedzi\u0107 Igi \u015awi\u0105tek, wi\u0119c Polka w najgorszym wypadku pozostanie na trzeciej pozycji w rankingu WTA.<\/p>\n<p>Coco Gauff \u2014 Anastasija Potapowa 6:2, 6:7(1), 4:6<\/p>\n","protected":false},"excerpt":{"rendered":"Po dw\u00f3ch \u0142atwiejszych spotkaniach w Pary\u017cu Coco Gauff musia\u0142a stan\u0105\u0107 twarz\u0105 w twarz z pierwsz\u0105 naprawd\u0119 wymagaj\u0105c\u0105 rywalk\u0105.&hellip;\n","protected":false},"author":2,"featured_media":463917,"comment_status":"","ping_status":"","sticky":false,"template":"","format":"standard","meta":{"footnotes":"","_share_on_mastodon":"0"},"categories":[24],"tags":[27562,61195,5218,48,46,42,38,40,39,41,23194,47,127,126,156,157],"class_list":["post-463916","post","type-post","status-publish","format-standard","has-post-thumbnail","category-sport","tag-anastasija_potapowa","tag-bottomfeed_styl","tag-coco_gauff","tag-nat_styl","tag-omp","tag-pl","tag-poland","tag-polish","tag-polska","tag-polski","tag-roland_garros","tag-screening_general","tag-sport","tag-sports","tag-tenis","tag-wta"],"share_on_mastodon":{"url":"https:\/\/pubeurope.com\/@pl\/116665107567716720","error":""},"_links":{"self":[{"href":"https:\/\/www.europesays.com\/pl\/wp-json\/wp\/v2\/posts\/463916","targetHints":{"allow":["GET"]}}],"collection":[{"href":"https:\/\/www.europesays.com\/pl\/wp-json\/wp\/v2\/posts"}],"about":[{"href":"https:\/\/www.europesays.com\/pl\/wp-json\/wp\/v2\/types\/post"}],"author":[{"embeddable":true,"href":"https:\/\/www.europesays.com\/pl\/wp-json\/wp\/v2\/users\/2"}],"replies":[{"embeddable":true,"href":"https:\/\/www.europesays.com\/pl\/wp-json\/wp\/v2\/comments?post=463916"}],"version-history":[{"count":0,"href":"https:\/\/www.europesays.com\/pl\/wp-json\/wp\/v2\/posts\/463916\/revisions"}],"wp:featuredmedia":[{"embeddable":true,"href":"https:\/\/www.europesays.com\/pl\/wp-json\/wp\/v2\/media\/463917"}],"wp:attachment":[{"href":"https:\/\/www.europesays.com\/pl\/wp-json\/wp\/v2\/media?parent=463916"}],"wp:term":[{"taxonomy":"category","embeddable":true,"href":"https:\/\/www.europesays.com\/pl\/wp-json\/wp\/v2\/categories?post=463916"},{"taxonomy":"post_tag","embeddable":true,"href":"https:\/\/www.europesays.com\/pl\/wp-json\/wp\/v2\/tags?post=463916"}],"curies":[{"name":"wp","href":"https:\/\/api.w.org\/{rel}","templated":true}]}}