{"id":464175,"date":"2026-05-30T22:47:33","date_gmt":"2026-05-30T22:47:33","guid":{"rendered":"https:\/\/www.europesays.com\/pl\/464175\/"},"modified":"2026-05-30T22:47:33","modified_gmt":"2026-05-30T22:47:33","slug":"organizacja-zwiazana-z-ordo-iuris-wzywa-na-marsz-trzeba-bic-na-alarm-2","status":"publish","type":"post","link":"https:\/\/www.europesays.com\/pl\/464175\/","title":{"rendered":"Organizacja zwi\u0105zana z Ordo Iuris wzywa na marsz. &#8222;Trzeba bi\u0107 na alarm&#8221;"},"content":{"rendered":"<p>Jak zapowiadaj\u0105 w rozmowie z serwisem &#8222;Nasz Dziennik&#8221; przedstawiciele organizacji, &#8222;rodzice, dziadkowie, nauczyciele oraz przedstawiciele organizacji spo\u0142ecznych ponownie pojawi\u0105 si\u0119 na ulicach Warszawy, aby wyrazi\u0107 sprzeciw wobec kierunku zmian wprowadzanych w systemie o\u015bwiaty&#8221;.<\/p>\n<p> Dalszy ci\u0105g artyku\u0142u pod materia\u0142em wideo <\/p>\n<p>&#8222;Szko\u0142a, kt\u00f3ra przez lata mia\u0142a przekazywa\u0107 wiedz\u0119, kszta\u0142towa\u0107 charakter i przygotowywa\u0107 m\u0142odych ludzi do doros\u0142ego \u017cycia, staje si\u0119 dzi\u015b przedmiotem eksperyment\u00f3w prowadzonych bez rzeczywistego dialogu ze \u015brodowiskiem rodzicielskim i nauczycielskim. Trzeba bi\u0107 na alarm&#8221; \u2014 stwierdzi\u0142 w rozmowie z &#8222;Naszym Dziennikiem&#8221; prof. Piotr Jaroszy\u0144ski z KUL.<\/p>\n<p>     &#8222;Dobra szko\u0142a \u2014 silna Polska&#8221;. Konserwatywna organizacja wzywa na marsz<\/p>\n<p>Manifestacja pod has\u0142em &#8222;Dobra szko\u0142a \u2014 silna Polska!&#8221; zaplanowana na 14 czerwca br. w Warszawie rozpocznie si\u0119 o godz. 12.00 przed pomnikiem Miko\u0142aja Kopernika na Krakowskim Przedmie\u015bciu.<\/p>\n<p>W\u015br\u00f3d organizacji powi\u0105zanych z &#8222;Koalicj\u0105 na rzecz ocalenia polskiej szko\u0142y&#8221; s\u0105 m.in. Instytut na rzecz Kultury Prawnej Ordo Iuris, Fundacja G\u0142os dla \u017bycia, Instytut My\u015bli Pro-Life, Fundacja G\u0142os dla \u017bycia czy Instytut Naturalnego Planowania Rodziny wed\u0142ug metody prof. dr. med. J. Roetzera.<\/p>\n","protected":false},"excerpt":{"rendered":"Jak zapowiadaj\u0105 w rozmowie z serwisem &#8222;Nasz Dziennik&#8221; przedstawiciele organizacji, &#8222;rodzice, dziadkowie, nauczyciele oraz przedstawiciele organizacji spo\u0142ecznych ponownie&hellip;\n","protected":false},"author":2,"featured_media":464176,"comment_status":"","ping_status":"","sticky":false,"template":"","format":"standard","meta":{"footnotes":"","_share_on_mastodon":"0"},"categories":[51605],"tags":[3769,61195,48,46,5979,42,38,40,39,41,1622,47,435],"class_list":["post-464175","post","type-post","status-publish","format-standard","has-post-thumbnail","category-warszawa","tag-barbara_nowacka","tag-bottomfeed_styl","tag-nat_styl","tag-omp","tag-ordo_iuris","tag-pl","tag-poland","tag-polish","tag-polska","tag-polski","tag-protesty","tag-screening_general","tag-warszawa"],"share_on_mastodon":{"url":"https:\/\/pubeurope.com\/@pl\/116665964917471424","error":""},"_links":{"self":[{"href":"https:\/\/www.europesays.com\/pl\/wp-json\/wp\/v2\/posts\/464175","targetHints":{"allow":["GET"]}}],"collection":[{"href":"https:\/\/www.europesays.com\/pl\/wp-json\/wp\/v2\/posts"}],"about":[{"href":"https:\/\/www.europesays.com\/pl\/wp-json\/wp\/v2\/types\/post"}],"author":[{"embeddable":true,"href":"https:\/\/www.europesays.com\/pl\/wp-json\/wp\/v2\/users\/2"}],"replies":[{"embeddable":true,"href":"https:\/\/www.europesays.com\/pl\/wp-json\/wp\/v2\/comments?post=464175"}],"version-history":[{"count":0,"href":"https:\/\/www.europesays.com\/pl\/wp-json\/wp\/v2\/posts\/464175\/revisions"}],"wp:featuredmedia":[{"embeddable":true,"href":"https:\/\/www.europesays.com\/pl\/wp-json\/wp\/v2\/media\/464176"}],"wp:attachment":[{"href":"https:\/\/www.europesays.com\/pl\/wp-json\/wp\/v2\/media?parent=464175"}],"wp:term":[{"taxonomy":"category","embeddable":true,"href":"https:\/\/www.europesays.com\/pl\/wp-json\/wp\/v2\/categories?post=464175"},{"taxonomy":"post_tag","embeddable":true,"href":"https:\/\/www.europesays.com\/pl\/wp-json\/wp\/v2\/tags?post=464175"}],"curies":[{"name":"wp","href":"https:\/\/api.w.org\/{rel}","templated":true}]}}