{"id":464235,"date":"2026-05-30T23:32:10","date_gmt":"2026-05-30T23:32:10","guid":{"rendered":"https:\/\/www.europesays.com\/pl\/464235\/"},"modified":"2026-05-30T23:32:10","modified_gmt":"2026-05-30T23:32:10","slug":"skoki-narciarskie-orlen-cup-w-zakopanem-rozpoczal-letni-sezon-2026","status":"publish","type":"post","link":"https:\/\/www.europesays.com\/pl\/464235\/","title":{"rendered":"Skoki narciarskie. ORLEN Cup w Zakopanem rozpocz\u0105\u0142 letni sezon 2026"},"content":{"rendered":"<p>Na kompleksie \u015aredniej Krokwi im. Bronis\u0142awa Czecha w Zakopanem rozpocz\u0119\u0142a si\u0119 letnia ods\u0142ona ORLEN Cup 2026. Podczas sobotnich zawod\u00f3w wy\u0142oniono zwyci\u0119zc\u00f3w sze\u015bciu kategorii, a na niedziel\u0119 zaplanowano kolejn\u0105 cz\u0119\u015b\u0107 rywalizacji.<\/p>\n<p>                            <a class=\"fancybox\" href=\"https:\/\/www.skijumping.pl\/content\/images\/news\/powieksz\/tm8746-2_2026-02-17_22-02-02.jpg\" data-fancybox=\"gallery38780\" data-caption=\"Konrad Tomasiak, fot. Tadeusz Mieczy\u0144sk\" rel=\"nofollow noopener\" target=\"_blank\"><img decoding=\"async\" class=\"img-responsive lazyload\" src=\"https:\/\/www.europesays.com\/pl\/wp-content\/uploads\/2026\/05\/280x190_q80_tm8746-2_2026-02-17_22-02-02.jpg\" alt=\"Konrad Tomasiak\" title=\"Konrad Tomasiak\"\/><\/a>Konrad Tomasiak<\/p>\n<p><a href=\"https:\/\/www.skijumping.pl\/content\/20260530_CH\u0141OPIEC_ST._rl.pdf\" rel=\"nofollow noopener\" target=\"_blank\">Ch\u0142opiec starszy (roczniki 2013 i 2014, HS70)<\/a><\/p>\n<p>W gronie rocznik\u00f3w 2013-14 najlepiej poradzi\u0142 sobie Oskar R\u0105czka (KS Czarny Dunajec), kt\u00f3ry l\u0105dowa\u0142 na 54. i 60. metrze. Drugie miejsce wywalczy\u0142 Jan Malczewski (KS Rutkow-ski; 53 i 58 metr\u00f3w) \u2013 przegrywaj\u0105c r\u00f3\u017cnic\u0105 7,7 pkt. Na trzeciej pozycji zameldowa\u0142 si\u0119 Marek Matuszny z Wi\u015bla\u0144skiego Stowarzyszenia Sportowego (56,5 oraz 53,5 metra).<\/p>\n<p>Sklasyfikowano 26 zawodnik\u00f3w.<\/p>\n<p>Kliknij na nazw\u0119 kategorii, aby zobaczy\u0107 protok\u00f3\u0142 z pe\u0142nymi wynikami.<\/p>\n<p><a href=\"https:\/\/www.skijumping.pl\/content\/20260530_M\u0141ODZIK_RL.pdf\" rel=\"nofollow noopener\" target=\"_blank\">M\u0142odzik (roczniki 2011 i 2012, HS70)<\/a><\/p>\n<p>Potyczka m\u0142odzik\u00f3w, a wi\u0119c skoczk\u00f3w urodzonych w latach 2011-2012, przynios\u0142a pewny triumf Paw\u0142a Wa\u0142acha z Wi\u015bla\u0144skiego Stowarzyszenia Sportowego (59,5 oraz 63,5 metra). Sk\u0142ad podium uzupe\u0142nili Jakub G\u0119bala (SS-R LZS Sok\u00f3\u0142 Szczyrk; 56 oraz 62,5 metra) i Tomas Zlevsky ze S\u0142owacji (57 oraz 58,5 metra).<\/p>\n<p>Na starcie konkursu stan\u0119\u0142o 27 \u015bmia\u0142k\u00f3w.<\/p>\n<p>Kliknij na nazw\u0119 kategorii, aby zobaczy\u0107 protok\u00f3\u0142 z pe\u0142nymi wynikami.<\/p>\n<p><a href=\"https:\/\/www.skijumping.pl\/content\/20260530_KOBIETY_RL.pdf\" rel=\"nofollow noopener\" target=\"_blank\">Kobiety (HS70)<\/a><\/p>\n<p>Po\u015br\u00f3d dziewi\u0119ciu kobiet zdecydowania najdalej lata\u0142a Joanna Kil (LKS Poroniec Poronin). Kombinatorka norweska dolecia\u0142a do 55. i 53. metra Ma\u0142ej Krokwi (HS70). Takie wyniki da\u0142y jej przesz\u0142o trzydziestopunktow\u0105 przewag\u0119 nad Len\u0105 Gw\u00f3\u017ad\u017a (LKS Klimczok Bystra; dwukrotnie 49 metr\u00f3w). Na najni\u017cszym stopniu podium stan\u0119\u0142a Emilia Antosz (KS Czarny Dunajec; 46,5 oraz 45 metr\u00f3w).<\/p>\n<p>Kliknij na nazw\u0119 kategorii, aby zobaczy\u0107 protok\u00f3\u0142 z pe\u0142nymi wynikami.<\/p>\n<p><a href=\"https:\/\/www.skijumping.pl\/content\/20260530_JUNIOR_M\u0141._rl.pdf\" rel=\"nofollow noopener\" target=\"_blank\">Junior m\u0142odszy (roczniki 2009 i 2010, HS105)<\/a><\/p>\n<p>Starcie rocznik\u00f3w 2009-2010 zako\u0144czy\u0142o si\u0119 sukcesem Konrada Tomasiaka (LKS Klimczok Bystra), kt\u00f3ry zdominowa\u0142 kategori\u0119 \u201eJunior m\u0142odszy\u201d. M\u0142odszy brat Kacpra by\u0142 najlepszy w obu seriach ocenianych, lataj\u0105c na 106. i 103. metr \u015aredniej Krokwi. Jego przewaga nad drugim Mi\u0142oszem Malarzem (KS Rutkow-ski; 99,5 oraz 90,5 metra) wynios\u0142a 32 \u201eoczka\u201d. Trzeci wynik dnia uzyska\u0142 Kacper Wantulok (Wi\u015bla\u0144skie Stowarzyszenie Sportowe; 94,5 oraz 85,5 metra).<\/p>\n<p>Zawody uko\u0144czy\u0142o 25 skoczk\u00f3w.<\/p>\n<p>Kliknij na nazw\u0119 kategorii, aby zobaczy\u0107 protok\u00f3\u0142 z pe\u0142nymi wynikami.<\/p>\n<p><a href=\"https:\/\/www.skijumping.pl\/content\/20260530_JUNIOR_RL.pdf\" rel=\"nofollow noopener\" target=\"_blank\">Junior (roczniki 2007 i 2008, HS105)<\/a><\/p>\n<p>W stawce rocznik\u00f3w 2007-2008 najwi\u0119cej punkt\u00f3w zgromadzi\u0142 Szymon Byrski (LKS Poroniec Poronin; 99,5 oraz 96,5 metra), kt\u00f3ry o trzy punkty ogra\u0142 Micha\u0142a Obtu\u0142owicza (KS Eve-nement Zakopane; 94,5 oraz 100 metr\u00f3w). Najlepsz\u0105 \u201e3\u201d zamkn\u0105\u0142 Dawid Dziobo\u0144 (KS Rutkow-ski; 93 i 92 metry).<\/p>\n<p>Swoich si\u0142 spr\u00f3bowa\u0142o 20 zawodnik\u00f3w.<\/p>\n<p>Kliknij na nazw\u0119 kategorii, aby zobaczy\u0107 protok\u00f3\u0142 z pe\u0142nymi wynikami.<\/p>\n<p><a href=\"https:\/\/www.skijumping.pl\/content\/20260530_SENIOR_RL.pdf\" rel=\"nofollow noopener\" target=\"_blank\">Senior (rocznik 2006 i starsi, HS105)<\/a><\/p>\n<p>Konkurs m\u0119\u017cczyzn bez limitu wiekowego pad\u0142 \u0142upem Mateusza Gruszki (KS AZS Zakopane; 98,5 oraz 103,5 metra), kt\u00f3ry okaza\u0142 si\u0119 lepszy o dwa punkty od drugiego Szymona Jojki (KS AZS AWF Katowice; 99,5 oraz 101 metr\u00f3w). Za wspomnianym duetem uplasowa\u0142 si\u0119 Mi\u0142osz Krzempek z Wi\u015bla\u0144skiego Stowarzyszenia Sportowego (96,5 oraz 98,5 metra).<\/p>\n<p>Kliknij na nazw\u0119 kategorii, aby zobaczy\u0107 protok\u00f3\u0142 z pe\u0142nymi wynikami.<\/p>\n<p>W niedziel\u0119 odb\u0119dzie si\u0119 druga cz\u0119\u015b\u0107 zmaga\u0144 w ramach weekendu otwieraj\u0105cego letni sezon ORLEN Cup 2026. Tytularnym sponsorem programu ORLEN Szukamy Nast\u0119pc\u00f3w Mistrza jest ORLEN S.A., natomiast organizatorem zawod\u00f3w ORLEN Cup jest Polski Zwi\u0105zek Narciarski.<\/p>\n<p>&#13;<br \/>\n&#13;<br \/>\n&#13;<br \/>\n&#13;<\/p>\n","protected":false},"excerpt":{"rendered":"Na kompleksie \u015aredniej Krokwi im. Bronis\u0142awa Czecha w Zakopanem rozpocz\u0119\u0142a si\u0119 letnia ods\u0142ona ORLEN Cup 2026. Podczas sobotnich&hellip;\n","protected":false},"author":2,"featured_media":464236,"comment_status":"","ping_status":"","sticky":false,"template":"","format":"standard","meta":{"footnotes":"","_share_on_mastodon":"0"},"categories":[52097],"tags":[1574,1546,1557,1558,1561,1573,1571,1563,291,1553,1564,1549,1551,1543,1550,1562,1547,1565,1540,1568,774,1544,42,38,40,39,41,1554,1359,1567,1560,1559,1566,1556,1569,1539,1538,1555,1552,1541,1548,1542,1570,1572,645,1545],"class_list":["post-464235","post","type-post","status-publish","format-standard","has-post-thumbnail","category-orlen","tag-4skocznie","tag-adam","tag-adam-malysz","tag-adammalysz","tag-coc","tag-czteryskocznie","tag-fis","tag-fis-cup","tag-historia","tag-horngacher","tag-io","tag-kobayashi","tag-kraft","tag-kuba","tag-kubacki","tag-lotos-cup","tag-malysz","tag-ms","tag-narciarskie","tag-narty","tag-orlen","tag-piotrek","tag-pl","tag-poland","tag-polish","tag-polska","tag-polski","tag-polskie","tag-ranking","tag-ski-jumping","tag-skijump","tag-skijumping","tag-skoczkowie","tag-skocznia","tag-skocznie","tag-skoki","tag-skoki-narciarskie","tag-skokinarciarskie","tag-stefan","tag-stoch","tag-wellinger","tag-wolny","tag-zakopane","tag-zawody","tag-zdjecia","tag-zyla"],"share_on_mastodon":{"url":"","error":"Validation failed: Text character limit of 500 exceeded"},"_links":{"self":[{"href":"https:\/\/www.europesays.com\/pl\/wp-json\/wp\/v2\/posts\/464235","targetHints":{"allow":["GET"]}}],"collection":[{"href":"https:\/\/www.europesays.com\/pl\/wp-json\/wp\/v2\/posts"}],"about":[{"href":"https:\/\/www.europesays.com\/pl\/wp-json\/wp\/v2\/types\/post"}],"author":[{"embeddable":true,"href":"https:\/\/www.europesays.com\/pl\/wp-json\/wp\/v2\/users\/2"}],"replies":[{"embeddable":true,"href":"https:\/\/www.europesays.com\/pl\/wp-json\/wp\/v2\/comments?post=464235"}],"version-history":[{"count":0,"href":"https:\/\/www.europesays.com\/pl\/wp-json\/wp\/v2\/posts\/464235\/revisions"}],"wp:featuredmedia":[{"embeddable":true,"href":"https:\/\/www.europesays.com\/pl\/wp-json\/wp\/v2\/media\/464236"}],"wp:attachment":[{"href":"https:\/\/www.europesays.com\/pl\/wp-json\/wp\/v2\/media?parent=464235"}],"wp:term":[{"taxonomy":"category","embeddable":true,"href":"https:\/\/www.europesays.com\/pl\/wp-json\/wp\/v2\/categories?post=464235"},{"taxonomy":"post_tag","embeddable":true,"href":"https:\/\/www.europesays.com\/pl\/wp-json\/wp\/v2\/tags?post=464235"}],"curies":[{"name":"wp","href":"https:\/\/api.w.org\/{rel}","templated":true}]}}