{"id":464321,"date":"2026-05-31T00:46:43","date_gmt":"2026-05-31T00:46:43","guid":{"rendered":"https:\/\/www.europesays.com\/pl\/464321\/"},"modified":"2026-05-31T00:46:43","modified_gmt":"2026-05-31T00:46:43","slug":"media-polska-firma-wchodzi-do-f1-ma-pojawic-sie-na-bolidzie-racing-bulls","status":"publish","type":"post","link":"https:\/\/www.europesays.com\/pl\/464321\/","title":{"rendered":"Media: polska firma wchodzi do F1. Ma pojawi\u0107 si\u0119 na bolidzie Racing Bulls"},"content":{"rendered":"\n<p class=\"contentpart contentpart--default contentpart--text\" data-position=\"0\">Przegl\u0105d Sportowy Onet donosi, \u017ce w drugiej po\u0142owie kwietnia <a href=\"https:\/\/sportowefakty.wp.pl\/formula-1\/peter-bayer\" rel=\"nofollow noopener\" target=\"_blank\">Peter Bayer<\/a>\u00a0&#8211; szef Racing Bulls uda\u0142 si\u0119 do Krakowa. Tam mia\u0142 odwiedzi\u0107 polsk\u0105 firm\u0119 OTCF, w\u0142a\u015bciciela marki 4F. Podobno jej logotyp ju\u017c w nast\u0119pnym sezonie znajdzie si\u0119 na bolidach oraz strojach jednej z najlepszej stajni ostatnich lat.<\/p>\n<p>4F zamiast niemieckiego giganta?<\/p>\n<p>  <img decoding=\"async\" src=\"https:\/\/v.wpimg.pl\/X3dwLnN2d1IFFTpdYUl6R0ZNbgcnEHQREVV2TGEGbUtRT2MdOlZ2RBQUKABgQjQcDRotCStBd1IAAWMeIlM7VgwYIAorQAdEFFk_GCkQJQ\" alt=\"\" width=\"45\" height=\"58\" loading=\"lazy\"\/>  <\/p>\n<p class=\"contentpart contentpart--default contentpart--text\" data-position=\"2\">Z du\u017c\u0105 doz\u0105 prawdopodobie\u0144stwa 4F zast\u0105pi mark\u0119 Hugo, do kt\u00f3rej nale\u017cy Hugo Boss. Racing Bulls zosta\u0142 utworzony w 2024 roku. Powsta\u0142 po przekszta\u0142ceniu Scuderia AlphaTauri. Zakontraktowa\u0142 tak\u017ce dyrektora sportowego Ferrari, Laurenta Mekiesa.<\/p>\n<p class=\"contentpart contentpart--default contentpart--text\" data-position=\"3\">W tegorocznych zmaganiach dla W\u0142och\u00f3w \u015bcigaj\u0105 si\u0119 <a href=\"https:\/\/sportowefakty.wp.pl\/formula-1\/liam-lawson\" rel=\"nofollow noopener\" target=\"_blank\">Liam Lawson<\/a>\u00a0i <a href=\"https:\/\/sportowefakty.wp.pl\/formula-1\/arvid-lindblad\" rel=\"nofollow noopener\" target=\"_blank\">Arvid Lindblad<\/a>. Rezerwowy kierowca to <a href=\"https:\/\/sportowefakty.wp.pl\/moto\/yuki-tsunoda\" rel=\"nofollow noopener\" target=\"_blank\">Yuki Tsunoda<\/a>. Racing Bulls zajmuj\u0105 sz\u00f3ste miejsce w\u015br\u00f3d najlepszych dru\u017cyn.<\/p>\n<p class=\"contentpart contentpart--default contentpart--text\" data-position=\"4\">ZOBACZ WIDEO: Wsiedli\u015bmy do auta za ponad 1,5 mln z\u0142. Manufaktura z Czech<\/p>\n","protected":false},"excerpt":{"rendered":"Przegl\u0105d Sportowy Onet donosi, \u017ce w drugiej po\u0142owie kwietnia Peter Bayer\u00a0&#8211; szef Racing Bulls uda\u0142 si\u0119 do Krakowa.&hellip;\n","protected":false},"author":2,"featured_media":464322,"comment_status":"","ping_status":"","sticky":false,"template":"","format":"standard","meta":{"footnotes":"","_share_on_mastodon":"0"},"categories":[12],"tags":[88600,2901,88602,2897,88601,42,38,40,39,41,750,2902,88599],"class_list":["post-464321","post","type-post","status-publish","format-standard","has-post-thumbnail","category-polska","tag-arvid-lindblad","tag-formula-1","tag-liam-lawson","tag-max-verstappen","tag-peter-bayer","tag-pl","tag-poland","tag-polish","tag-polska","tag-polski","tag-sporty-motorowe","tag-wyscigi-samochodowe","tag-yuki-tsunoda"],"share_on_mastodon":{"url":"https:\/\/pubeurope.com\/@pl\/116666432611538934","error":""},"_links":{"self":[{"href":"https:\/\/www.europesays.com\/pl\/wp-json\/wp\/v2\/posts\/464321","targetHints":{"allow":["GET"]}}],"collection":[{"href":"https:\/\/www.europesays.com\/pl\/wp-json\/wp\/v2\/posts"}],"about":[{"href":"https:\/\/www.europesays.com\/pl\/wp-json\/wp\/v2\/types\/post"}],"author":[{"embeddable":true,"href":"https:\/\/www.europesays.com\/pl\/wp-json\/wp\/v2\/users\/2"}],"replies":[{"embeddable":true,"href":"https:\/\/www.europesays.com\/pl\/wp-json\/wp\/v2\/comments?post=464321"}],"version-history":[{"count":0,"href":"https:\/\/www.europesays.com\/pl\/wp-json\/wp\/v2\/posts\/464321\/revisions"}],"wp:featuredmedia":[{"embeddable":true,"href":"https:\/\/www.europesays.com\/pl\/wp-json\/wp\/v2\/media\/464322"}],"wp:attachment":[{"href":"https:\/\/www.europesays.com\/pl\/wp-json\/wp\/v2\/media?parent=464321"}],"wp:term":[{"taxonomy":"category","embeddable":true,"href":"https:\/\/www.europesays.com\/pl\/wp-json\/wp\/v2\/categories?post=464321"},{"taxonomy":"post_tag","embeddable":true,"href":"https:\/\/www.europesays.com\/pl\/wp-json\/wp\/v2\/tags?post=464321"}],"curies":[{"name":"wp","href":"https:\/\/api.w.org\/{rel}","templated":true}]}}