{"id":464734,"date":"2026-05-31T06:38:08","date_gmt":"2026-05-31T06:38:08","guid":{"rendered":"https:\/\/www.europesays.com\/pl\/464734\/"},"modified":"2026-05-31T06:38:08","modified_gmt":"2026-05-31T06:38:08","slug":"wroclaw-czekal-na-ten-mecz-cztery-lata-polska-zagra-z-ukraina-relacje","status":"publish","type":"post","link":"https:\/\/www.europesays.com\/pl\/464734\/","title":{"rendered":"Wroc\u0142aw czeka\u0142 na ten mecz cztery lata. Polska zagra z Ukrain\u0105\u00a0[RELACJE]"},"content":{"rendered":"<p>Robert Lewandowski na pewno pojawi si\u0119 na boisku w meczu z Ukrain\u0105<\/p>\n<p>fot. RW\/\u0141ukasz Januszewski<\/p>\n<p>Towarzyskie spotkanie Polska &#8211; Ukraina to pierwszy mecz bia\u0142o-czerwonych we Wroc\u0142awiu od 2022 roku. Mecz rozpocznie si\u0119 niedziel\u0119 o godz. 17.30 na Tarczy\u0144skie Arenie. Relacje w Popo\u0142udniu Kibica na antenie Radia Wroc\u0142aw.<\/p>\n<p style=\"text-align: justify;\">Bia\u0142o-czerwoni przygotowuj\u0105 si\u0119 we Wroc\u0142awiu do niedzielnej potyczki towarzyskiej z Ukrain\u0105, a tak\u017ce\u00a0spotkania z Nigeri\u0105, kt\u00f3re zostanie rozegrane w \u015brod\u0119 w Warszawie.<\/p>\n<p style=\"text-align: justify;\">Selekcjoner kadry Jan Urban przyzna\u0142, \u017ce zgrupowanie i dwa towarzyskie mecze b\u0119d\u0105 s\u0142u\u017cy\u0142y m.in. pracy nad popraw\u0105 gry w obronie, gdzie widzi najwi\u0119ksze braki.<\/p>\n<p style=\"text-align: justify;\">&#8211; Je\u017celi traci si\u0119 trzy gole, to trudno my\u015ble\u0107 o korzystnym wyniku. Dlatego najwi\u0119cej mamy do poprawy w obronie, bo nie mo\u017cemy gra\u0107, jak to by\u0142o w meczu ze Szwecj\u0105 \u2013 nawi\u0105za\u0142 Urban do przegranego w Sztokholmie 2:3 marcowego fina\u0142u bara\u017cy, kt\u00f3ry zamkn\u0105\u0142 jego zespo\u0142owi drog\u0119 na mistrzostwa \u015bwiata.<\/p>\n<p style=\"text-align: justify;\">O sk\u0142adzie na niedzielny mecz Jan Urban nie m\u00f3wi\u0142, a jedyne zdradzi\u0142, \u017ce w planach jest wyst\u0119p Roberta Lewandowskiego. &#8211; Robert zagra, ale jeszcze nie wiem, czy od pocz\u0105tku, czy wejdzie w drugiej po\u0142owie \u2013 przekaza\u0142 selekcjoner.<\/p>\n<p style=\"text-align: justify;\">Mecz Polska &#8211; Ukraina we Wroc\u0142awiu b\u0119dzie 11.\u00a0starciem tych zespo\u0142\u00f3w. Z dotychczasowych bia\u0142o-czerwoni wygrali pi\u0119\u0107, dwa zremisowali i doznali trzech pora\u017cek. Bilans bramek: 14-10 dla Polski.\u00a0<\/p>\n<p style=\"text-align: justify;\">Pocz\u0105tek meczu Polska \u2013 Ukraina w niedziel\u0119 o godz. 17.30. Relacje ze spotkania w\u00a0audycji Popo\u0142udnie Kibica w Radiu Wroc\u0142aw.<\/p>\n","protected":false},"excerpt":{"rendered":"Robert Lewandowski na pewno pojawi si\u0119 na boisku w meczu z Ukrain\u0105 fot. RW\/\u0141ukasz Januszewski Towarzyskie spotkanie Polska&hellip;\n","protected":false},"author":2,"featured_media":464735,"comment_status":"","ping_status":"","sticky":false,"template":"","format":"standard","meta":{"footnotes":"","_share_on_mastodon":"0"},"categories":[51607],"tags":[88639,75558,32320,3749,34720,42,38,40,39,41,56077,88640,1853,44413,53098],"class_list":["post-464734","post","type-post","status-publish","format-standard","has-post-thumbnail","category-wroclaw","tag-czekal","tag-cztery","tag-lata","tag-mecz","tag-na","tag-pl","tag-poland","tag-polish","tag-polska","tag-polski","tag-ten","tag-ukraina-relacje","tag-wroclaw","tag-z","tag-zagra"],"share_on_mastodon":{"url":"https:\/\/pubeurope.com\/@pl\/116667816765309022","error":""},"_links":{"self":[{"href":"https:\/\/www.europesays.com\/pl\/wp-json\/wp\/v2\/posts\/464734","targetHints":{"allow":["GET"]}}],"collection":[{"href":"https:\/\/www.europesays.com\/pl\/wp-json\/wp\/v2\/posts"}],"about":[{"href":"https:\/\/www.europesays.com\/pl\/wp-json\/wp\/v2\/types\/post"}],"author":[{"embeddable":true,"href":"https:\/\/www.europesays.com\/pl\/wp-json\/wp\/v2\/users\/2"}],"replies":[{"embeddable":true,"href":"https:\/\/www.europesays.com\/pl\/wp-json\/wp\/v2\/comments?post=464734"}],"version-history":[{"count":0,"href":"https:\/\/www.europesays.com\/pl\/wp-json\/wp\/v2\/posts\/464734\/revisions"}],"wp:featuredmedia":[{"embeddable":true,"href":"https:\/\/www.europesays.com\/pl\/wp-json\/wp\/v2\/media\/464735"}],"wp:attachment":[{"href":"https:\/\/www.europesays.com\/pl\/wp-json\/wp\/v2\/media?parent=464734"}],"wp:term":[{"taxonomy":"category","embeddable":true,"href":"https:\/\/www.europesays.com\/pl\/wp-json\/wp\/v2\/categories?post=464734"},{"taxonomy":"post_tag","embeddable":true,"href":"https:\/\/www.europesays.com\/pl\/wp-json\/wp\/v2\/tags?post=464734"}],"curies":[{"name":"wp","href":"https:\/\/api.w.org\/{rel}","templated":true}]}}