{"id":464826,"date":"2026-05-31T07:48:07","date_gmt":"2026-05-31T07:48:07","guid":{"rendered":"https:\/\/www.europesays.com\/pl\/464826\/"},"modified":"2026-05-31T07:48:07","modified_gmt":"2026-05-31T07:48:07","slug":"tak-sie-bawi-elita-corka-mensah-obok-corki-brzoski-rozenek-w-historycznej-kreacji-onet","status":"publish","type":"post","link":"https:\/\/www.europesays.com\/pl\/464826\/","title":{"rendered":"Tak si\u0119 bawi elita. C\u00f3rka Mensah obok c\u00f3rki Brzoski. Rozenek w &quot;historycznej&quot; kreacji &#8211; Onet"},"content":{"rendered":"<ol>\n<li><a href=\"https:\/\/news.google.com\/rss\/articles\/CBMiygFBVV95cUxNNDViVnNaVmxUbk5Vc3lUMHg4bmdlbnNVOGhfX2NHdkxhYjVBdjZNVGVpc0JaMEkxWFc0ZkozMTdoVlhIYTg3UUt6MUVxa01zZjVvb3JsX096ZDlaX25FNHo1YWdyMTg2dW43bU1IN2Fod05GRnZtOGlqMS1wX0JTVEQ5WEZkQ0F6WGNoN3FIS2lkUmx2Y0Nxc0ZlYVhYcUdMUlo5TlFMQ0ptVjdocEt5cXp6TmF5bUtuOFQxLUExNUhmRG9YQkhvSmJB?oc=5\" target=\"_blank\" rel=\"nofollow noopener\">Tak si\u0119 bawi elita. C\u00f3rka Mensah obok c\u00f3rki Brzoski. Rozenek w &#8222;historycznej&#8221; kreacji<\/a>&nbsp;&nbsp;Onet<\/li>\n<li><a href=\"https:\/\/news.google.com\/rss\/articles\/CBMiswFBVV95cUxNNUdWS3Vwb2lESko3czJ2SGVVbkJNTElwOEtTejVoa205aWNVZGVUZi1JYVpOQmdPeV9lQmwwbVNzLXIzSDVmc3FnSE5zVTJxXzB3bk41Nmt2bllTWUE1LUpnYURfOWVXZDA5U1d3QzJvYlNzUUllazJ2eUhlZUxNejFwOWpOY0szeVQ3SXZ6aXo4ajFLVzQ1OTdZWVFoNDQyRDRKcllFQXAzb2ZOQ241MENKNA?oc=5\" target=\"_blank\" rel=\"nofollow noopener\">Pi\u0105ta edycja TOP CHARITY z rekordem, nagrodami i kr\u00f3lem Asante z Ghany<\/a>&nbsp;&nbsp;Rzeczpospolita<\/li>\n<li><a href=\"https:\/\/news.google.com\/rss\/articles\/CBMitAFBVV95cUxOZ3lGempadFoxUlhtcmJKNG96eEwtdmlzcjNBcXhwNUdTX09pNjdrRkhlVHRPX3JmUzJKai1yeXZ3VGkzd1I4MXdaMm50VGE4T1dtZGExX1Etb05feWJpQkNxSjd2ZE9ucVI3VTA3MXItMUdpd19fNzd3dWswWkVmMnBELTVVbmtFT01yMUVhX1RmdVFJLVhoei0tTlFsU2FTaVJfTXljcnIwU0VVbmxON19zZ0k?oc=5\" target=\"_blank\" rel=\"nofollow noopener\">Suknia Ma\u0142gorzaty Rozenek-Majdan ho\u0142dem dla Afryki. &#8222;Materia\u0142 barwiony pigmentem z gha\u0144skich ska\u0142&#8221;<\/a>&nbsp;&nbsp;Plejada<\/li>\n<li><a href=\"https:\/\/news.google.com\/rss\/articles\/CBMiuwFBVV95cUxNZzdrNm9uUWI5RHBHaWpVSnRvZDdWblEteU5RelA2b1NiQnRJTmk2c3JFbDJ1UjF5MFdsTkk1UWQ3TU9zYThHUWlRWnlGRGpRU2wwX0owNmF5RGE0YXRzM0hDb2JYRHJ2TnJiRURET2hhaUJHS0prdnBsdDZtUktuYjQ4cnJicDR5MllrNTAzOGFzS1NCSnBJTEdmcGZHY2M1VkFNQjBDZ0FyaHo3dzhoTWRxemE0YnNBMTNZ?oc=5\" target=\"_blank\" rel=\"nofollow noopener\">Tak Rozenek wystroi\u0142a si\u0119 na gal\u0119 Mensah i Brzoski. &#8222;Nosz\u0119 opowie\u015b\u0107&#8221;<\/a>&nbsp;&nbsp;Plotek.pl<\/li>\n<li><a href=\"https:\/\/news.google.com\/rss\/articles\/CBMi5gFBVV95cUxQeWs0Vzlkc2lQNWlnLUxVX2hCcUFuY2kyMzRuc2RtXy1RdzBTY1VUWF9STkFBVUl5bmxrNUlMZmdkeWVUUDM5c2g1bmRDanE1WmYwNC1tY0tFTS1DS1BNbkVkRUdsVC1sQ3pydmlWeXRsaThEMnZneGVnM1RTUllvY1FqcGx2WGM1T3MyaUNtbGlmTmo5cTZwSXlCTTNNZWczQ3lsam9LMzU2VTByLTZaVDExVjhKcmt5cm1ZTDJkMkZGMHE2T0ZfWU4td1FIUVBCRi00N09WWGE5QUFZeFcwQ2REb0FaQQ?oc=5\" target=\"_blank\" rel=\"nofollow noopener\">C\u00f3rka Omeny Mensah pozuje z c\u00f3rk\u0105 Rafa\u0142a Brzoski na TOP Charity. Fajne siostry?<\/a>&nbsp;&nbsp;Pudelek<\/li>\n<\/ol>\n","protected":false},"excerpt":{"rendered":"Tak si\u0119 bawi elita. C\u00f3rka Mensah obok c\u00f3rki Brzoski. Rozenek w &#8222;historycznej&#8221; kreacji&nbsp;&nbsp;Onet Pi\u0105ta edycja TOP CHARITY z&hellip;\n","protected":false},"author":2,"featured_media":464827,"comment_status":"","ping_status":"","sticky":false,"template":"","format":"standard","meta":{"footnotes":"","_share_on_mastodon":"0"},"categories":[22],"tags":[13743,61195,122,4188,5221,48,1114,46,55,42,38,40,39,41,7515,16970,123,47,804],"class_list":["post-464826","post","type-post","status-publish","format-standard","has-post-thumbnail","category-rozrywka","tag-aleksander_kwasniewski","tag-bottomfeed_styl","tag-entertainment","tag-ewa_chodakowska","tag-malgorzata_rozenek_majdan","tag-nat_styl","tag-omenaa_mensah","tag-omp","tag-phx","tag-pl","tag-poland","tag-polish","tag-polska","tag-polski","tag-radoslaw_majdan","tag-rafal_brzoska","tag-rozrywka","tag-screening_general","tag-zdjecia_gwiazd"],"share_on_mastodon":{"url":"https:\/\/pubeurope.com\/@pl\/116668092523112422","error":""},"_links":{"self":[{"href":"https:\/\/www.europesays.com\/pl\/wp-json\/wp\/v2\/posts\/464826","targetHints":{"allow":["GET"]}}],"collection":[{"href":"https:\/\/www.europesays.com\/pl\/wp-json\/wp\/v2\/posts"}],"about":[{"href":"https:\/\/www.europesays.com\/pl\/wp-json\/wp\/v2\/types\/post"}],"author":[{"embeddable":true,"href":"https:\/\/www.europesays.com\/pl\/wp-json\/wp\/v2\/users\/2"}],"replies":[{"embeddable":true,"href":"https:\/\/www.europesays.com\/pl\/wp-json\/wp\/v2\/comments?post=464826"}],"version-history":[{"count":0,"href":"https:\/\/www.europesays.com\/pl\/wp-json\/wp\/v2\/posts\/464826\/revisions"}],"wp:featuredmedia":[{"embeddable":true,"href":"https:\/\/www.europesays.com\/pl\/wp-json\/wp\/v2\/media\/464827"}],"wp:attachment":[{"href":"https:\/\/www.europesays.com\/pl\/wp-json\/wp\/v2\/media?parent=464826"}],"wp:term":[{"taxonomy":"category","embeddable":true,"href":"https:\/\/www.europesays.com\/pl\/wp-json\/wp\/v2\/categories?post=464826"},{"taxonomy":"post_tag","embeddable":true,"href":"https:\/\/www.europesays.com\/pl\/wp-json\/wp\/v2\/tags?post=464826"}],"curies":[{"name":"wp","href":"https:\/\/api.w.org\/{rel}","templated":true}]}}