{"id":464896,"date":"2026-05-31T08:40:48","date_gmt":"2026-05-31T08:40:48","guid":{"rendered":"https:\/\/www.europesays.com\/pl\/464896\/"},"modified":"2026-05-31T08:40:48","modified_gmt":"2026-05-31T08:40:48","slug":"wespra-posla-koalicji-sensacyjna-opcja-w-pis-przed-wyborami-w-krakowie-2","status":"publish","type":"post","link":"https:\/\/www.europesays.com\/pl\/464896\/","title":{"rendered":"Wespr\u0105 pos\u0142a koalicji? Sensacyjna opcja w PiS przed wyborami w Krakowie"},"content":{"rendered":"<p>\u2014 Z tych wybor\u00f3w w Krakowie dla PiS-u mog\u0105 by\u0107 jesieni\u0105 niez\u0142e problemy \u2014 martwi si\u0119 pose\u0142 tej partii. I dodaje, \u017ce wynik ich kandydata na prezydenta poni\u017cej 15 proc. mo\u017ce pog\u0142\u0119bi\u0107 ju\u017c i tak niema\u0142e bol\u0105czki ugrupowania Jaros\u0142awa Kaczy\u0144skiego.<\/p>\n<p>PiS martwi si\u0119 o wynik przedterminowych wybor\u00f3w w Krakowie ju\u017c teraz, bo ju\u017c teraz nie wie, kogo do tego startu wystawi\u0107.<\/p>\n<p>\u2014 Co frakcja to inny pomys\u0142, co jeden, to g\u0142upszy. Przychodz\u0105 te\u017c emisariusze z innych partii i rozpytuj\u0105 o naszego kandydata i o nasze poparcie  \u2014 opowiada nam o kulisach tych ustale\u0144 jeden z polityk\u00f3w PiS zwi\u0105zanych z Ma\u0142opolsk\u0105.<\/p>\n<p>     Jedno wiadomo na pewno: kandydatami PiS-u w Krakowie nie b\u0119d\u0105 ani Ma\u0142gorzata Wassermann, ani Andrzej Duda. Oboje kategorycznie wykluczyli tak\u0105 mo\u017cliwo\u015b\u0107. Pos\u0142anka by\u0142a namawiana do startu, ale podobnie jak w 2024 r. odm\u00f3wi\u0142a. <a href=\"https:\/\/wiadomosci.onet.pl\/tylko-w-onecie\/andrzej-duda-wsciekly-na-kolegow-z-pis-jest-sfrustrowany-swoja-pozycja\/y4npe8l\" id=\"284bd791-920c-4c23-b6c5-376a06f98dfe\" rel=\"nofollow noopener\" target=\"_blank\">Z kolei by\u0142y prezydent pog\u0142oski o swoim starcie uzna\u0142 za ma\u0142o \u015bmieszny \u017cart i mocno si\u0119 obrazi\u0142 na polityk\u00f3w PiS, kt\u00f3rzy je rozpowiadali.<\/a>      <img decoding=\"async\" src=\"https:\/\/www.europesays.com\/pl\/wp-content\/uploads\/2026\/05\/lt5k9lBaHR0cHM6Ly9vY2RuLmV1L3B1bHNjbXMvTURBXy9mZDI5YjVhOWIyMTRkOGEyZTkwMTg3ZTYzNWExYTRmMC5qcGeRlQLNB.jpeg\" height=\"627\" width=\"940\" alt=\"By\u0142y prezydent Andrzej Duda\" loading=\"lazy\" class=\"ods-c-image__img ods-c-image__img--viewport-width\"\/> <\/p>\n<p>By\u0142y prezydent Andrzej DudaMarcin Obara \/ PAP<\/p>\n<p> <a href=\"https:\/\/wiadomosci.onet.pl\/tylko-w-onecie\/ko-w-krakowie-wyczekuje-na-kandydata-albo-nie-chca-albo-sie-nie-nadaja\/qnxbd3p\" id=\"389fe1cd-09c7-4086-94dd-8bb000310f6b\" rel=\"nofollow noopener\" target=\"_blank\">KO w Krakowie ma problem z kandydatem. &#8222;Albo nie chc\u0105, albo si\u0119 nie nadaj\u0105&#8221;<\/a><\/p>\n<p>Rozmowy na temat tego, kto mo\u017ce wystartowa\u0107 z logiem PiS-u b\u0105d\u017a z poparciem partii tocz\u0105 si\u0119 i w Krakowie i w Warszawie. PiS cieszy si\u0119, \u017ce Krakowianie odwo\u0142ali prezydenta z KO Aleksandra Miszalskiego. W oficjalnym przekazie forsuj\u0105 tez\u0119, \u017ce uda\u0142o si\u0119 &#8222;pogoni\u0107 ma\u0142ego Tuska&#8221;, a teraz &#8222;czas na du\u017cego&#8221;. Odgra\u017caj\u0105 si\u0119, \u017ce podobne referenda zrobi\u0105 w innych miastach, gdzie rz\u0105dzi KO.<\/p>\n<p>Ci bardziej przytomni politycy PiS, w nieoficjalnych rozmowach wskazuj\u0105, \u017ce b\u0119d\u0105 na to raczej ma\u0142e szanse. W Krakowie PiS-owi (przy okazji tak\u017ce reszcie prawicy) prezent zrobili inicjatorzy referendum, kt\u00f3rzy od pocz\u0105tku trzymali si\u0119 przekazu, \u017ce s\u0105 ruchem oddolnym, a nie wykonawcami partyjnego zlecenia.<\/p>\n<p><a href=\"https:\/\/wiadomosci.onet.pl\/tylko-w-onecie\/czlowiek-ktory-odwolal-miszalskiego-stoja-za-nim-ogromne-pieniadze\/ht9vc82\" id=\"14c11dad-bd85-4888-ad4c-496baa39d495\" rel=\"nofollow noopener\" target=\"_blank\">Cz\u0142owiek, kt\u00f3ry &#8222;odwo\u0142a\u0142 Miszalskiego&#8221;. Stoj\u0105 za nim ogromne pieni\u0105dze<\/a><\/p>\n<p>To zdecydowa\u0142o o sukcesie mobilizacji wok\u00f3\u0142 idei referendum. \u017beby podobna pojawi\u0142a si\u0119 w Radomiu, Rzeszowie czy Wroc\u0142awiu politykom potrzebni s\u0105 lokalni aktywi\u015bci, a o to w kr\u00f3tkim czasie b\u0119dzie trudno. Idea krakowskiego referendum p\u0119cznia\u0142a od ponad roku, nim si\u0119 ono zako\u0144czy\u0142o sukcesem pomys\u0142odawc\u00f3w.<\/p>\n<p>&#8222;Po pierwszej euforii przyszed\u0142 kac&#8221;<\/p>\n<p>\u2014 Po pierwszej euforii przyszed\u0142 kac. Bo okaza\u0142o si\u0119, \u017ce nie tylko nie mamy kandydata na te wybory, ale mog\u0105 nam one zaszkodzi\u0107 \u2014 m\u00f3wi polityk PiS.<\/p>\n<p>W partii jest spora obawa, \u017ce organizowane pod koniec wakacji wybory odb\u0119d\u0105 si\u0119 przy ma\u0142ej frekwencji. Do tego prawicowe \u015brodowiska nie wystawi\u0105 w nich jednego, a co najmniej kilku kandydat\u00f3w, co jeszcze mocniej rozsmaruje poparcie prawicowego elektoratu, kt\u00f3ry w Krakowie stanowi oko\u0142o jednej trzeciej wszystkich wyborc\u00f3w.<\/p>\n<p> <img decoding=\"async\" src=\"https:\/\/www.europesays.com\/pl\/wp-content\/uploads\/2026\/05\/xW-k9lBaHR0cHM6Ly9vY2RuLmV1L3B1bHNjbXMvTURBXy9kYjIzZTlmNGNhM2JjMzQ2NWM4OTcxZjUzMGM4MjQ4NS5qcGeRlQLNB.jpeg\" height=\"627\" width=\"940\" alt=\"Pos\u0142owie PiS Przemys\u0142aw Czarnek i \u0141ukasz Kmita\" loading=\"lazy\" class=\"ods-c-image__img ods-c-image__img--viewport-width\"\/> <\/p>\n<p>Pos\u0142owie PiS Przemys\u0142aw Czarnek i \u0141ukasz KmitaPAP\/\u0141ukasz G\u0105gulski \/ PAP<\/p>\n<p>PiS nie bez powod\u00f3w boi si\u0119, \u017ce sko\u0144czy ten wy\u015bcig z wynikiem poni\u017cej 15 proc. W 2024 r. kandydat tej partii na prezydenta Krakowa \u0141ukasz Kmita uzyska\u0142 co prawda 19,79 proc. Ale w\u00f3wczas mia\u0142 tylko dw\u00f3ch prawicowych konkurent\u00f3w \u2014 Konrada Berkowicza z Konfederacji (zdoby\u0142 5 proc. g\u0142os\u00f3w) i bezpartyjnego Adama Hare\u0144czyka (zdoby\u0142 0,95 proc. g\u0142os\u00f3w). W tegorocznych przedterminowych wyborach w Krakowie g\u0142osy prawicowych wyborc\u00f3w mog\u0105 si\u0119 roz\u0142o\u017cy\u0107 na wi\u0119cej kandydat\u00f3w, os\u0142abiaj\u0105c tym samym wynik PiS.<\/p>\n<p>Gorszy ni\u017c wtedy wynik b\u0119dzie postrzegany, tak\u017ce wewn\u0105trz partii, jako sromotna pora\u017cka, kt\u00f3ra tylko os\u0142abi morale dzia\u0142aczy. A to wszystko na rok przed kluczowym dla PiS bojem \u2014 wyborami parlamentarnymi.<\/p>\n<p>Partia chce wskaza\u0107 kandydata na prezydenta Krakowa nie wcze\u015bniej ni\u017c za 2\u20133 tygodnie. Do tego czasu w jej wn\u0119trzu kot\u0142owa\u0107 si\u0119 b\u0119d\u0105 r\u00f3\u017cne pomys\u0142y, kt\u00f3re staj\u0105 si\u0119 zarzewiem star\u0107 frakcji.<\/p>\n<p><a href=\"https:\/\/wiadomosci.onet.pl\/tylko-w-onecie\/referendum-w-krakowie-kolejna-zolta-kartka-dla-donalda-tuska\/8g7w7dl\" id=\"96e34d22-7449-47da-ade4-6003b4f3245d\" rel=\"nofollow noopener\" target=\"_blank\">Aleksander Miszalski zostanie odwo\u0142any. Druga \u017c\u00f3\u0142ta kartka dla Donalda Tuska<\/a>&#8222;Przemek by postawi\u0142 na Barbar\u0119 Nowak&#8221;<\/p>\n<p>W ma\u0142opolskim PiS dominuj\u0105 dwie frakcje: jedna skupiona wok\u00f3\u0142 by\u0142ej premier Beaty Szyd\u0142o, druga wok\u00f3\u0142 pos\u0142a \u0141ukasza Kmity. Jak s\u0142yszymy pierwsza z nich na kandydata forsuje miejskiego radnego Micha\u0142a Drewnickiego. On sam w rozmowie z Onetem zaprzecza, by cokolwiek na ten temat wiedzia\u0142, ale jego nazwisko w tym kontek\u015bcie pojawia si\u0119 nie od dzi\u015b.<\/p>\n<p>To on najmocniej z ca\u0142ego PiS anga\u017cowa\u0142 si\u0119 w kampani\u0119 referendaln\u0105. Media og\u00f3lnopolskie dostrzeg\u0142y, \u017ce w dzie\u0144 po referendum wyst\u0105pi\u0142 na konferencji PiS-u u boku Przemys\u0142awa Czarnka, co mia\u0142o rzekomo Drewnickiemu doda\u0107 punkt\u00f3w w wy\u015bcigu o nominacj\u0119 na kandydata.<\/p>\n<p> <img decoding=\"async\" src=\"https:\/\/www.europesays.com\/pl\/wp-content\/uploads\/2026\/05\/m9hk9lBaHR0cHM6Ly9vY2RuLmV1L3B1bHNjbXMvTURBXy9kZDg4OWI3NWJmMGI1Mzc5NWQzYmJkZjdmMzM0YTE4OS5qcGeRlQLNB.jpeg\" height=\"627\" width=\"940\" alt=\"Przemys\u0142aw Czarnek i Micha\u0142 Drewnicki podczas konferencji prasowej PiS w Krakowie\" loading=\"lazy\" class=\"ods-c-image__img ods-c-image__img--viewport-width\"\/> <\/p>\n<p>Przemys\u0142aw Czarnek i Micha\u0142 Drewnicki podczas konferencji prasowej PiS w KrakowiePAP\/\u0141ukasz G\u0105gulski \/ PAP<\/p>\n<p>\u2014 Przemek o niczym wtedy nie m\u00f3g\u0142 przes\u0105dzi\u0107, bo nawet nie zna uk\u0142ad\u00f3w w ma\u0142opolskim PiS \u2014 zaczyna jeden z pos\u0142\u00f3w PiS. Czarnek podczas konferencji prasowej na krakowskim rynku u\u017cy\u0142 sformu\u0142owania, jakoby to Beata Szyd\u0142o sta\u0142a na czele ma\u0142opolskich struktur. To jednak dawno temu si\u0119 zmieni\u0142o, a jej miejsce zaj\u0105\u0142 pose\u0142 \u0141ukasz Kmita. On i Czarnek reprezentuj\u0105 z kolei dwa wrogie dzi\u015b sobie obozy w PiS. Kmita to &#8222;harcerz&#8221; Morawieckiego, Czarnek jest &#8222;ma\u015blarzem&#8221;.<\/p>\n<p>\u2014 Czarnek przyjecha\u0142 do Krakowa, bo taka by\u0142a potrzeba chwili, ale jakby mia\u0142 decydowa\u0107, to by postawi\u0142 na Barbar\u0119 Nowak \u2014 \u015bmieje si\u0119 nasz rozm\u00f3wca z PiS.<\/p>\n<p>Barbara Nowak, dzi\u015b szefowa krakowskich struktur PiS, jako ma\u0142opolska kurator o\u015bwiaty by\u0142a wpatrzona w ministra Czarnka jak w obrazek. Bez mrugni\u0119cia okiem realizowa\u0142a jego najbardziej kontrowersyjne pomys\u0142y na o\u015bwiat\u0119, a czasem dodawa\u0142a swoje trzy grosze, budz\u0105c postrach w\u015br\u00f3d nauczycieli i dyrektor\u00f3w szk\u00f3\u0142. \u2014 Barbara chcia\u0142aby by\u0107 nasz\u0105 kandydatk\u0105 na prezydenta Krakowa, ale nagrabi\u0142a sobie ostatnio tym bojkotem obchod\u00f3w 3 Maja, wi\u0119c nie jest brana pod uwag\u0119 \u2014 m\u00f3wi nam dzia\u0142acz PiS z Ma\u0142opolski.<\/p>\n<p>PiS udzieli poparcia \u0141ukaszowi Gibale?<\/p>\n<p>Micha\u0142 Drewnicki, jak s\u0142yszymy w PiS, je\u015bli wystartuje, to raczej bez wi\u0119kszych nadziei, \u017ce wybory w Krakowie wygra. Jego kampania by\u0142aby mocno okrojona. Po pierwsze dlatego, \u017ce PiS jest w finansowym do\u0142ku. Po drugie, pos\u0142om z Krakowa, wyborczym weteranom, nie zale\u017cy, by na w\u0142asnej piersi wyhodowa\u0107 gwiazd\u0119, kt\u00f3ra zabierze im g\u0142osy w przysz\u0142orocznych wyborach do Sejmu.<\/p>\n<p class=\"ods-o-quote__paragraph\">\u2014 Zwolennicy kandydatury Drewnickiego s\u0105 dogadani z Giba\u0142\u0105. Wystartuje w pierwszej turze, a w drugiej poprzemy Giba\u0142\u0119 za stanowisko wiceprezydenta Krakowa \u2014 zdradza jeden z kr\u0105\u017c\u0105cych w partii scenariuszy polityk PiS.<\/p>\n<p>Sam Micha\u0142 Drewnicki przy okazji rozmowy z Onetem na temat potencjalnego startu \u0141ukasza Giba\u0142y w wyborach prezydenckich m\u00f3wi\u0142 o nim, \u017ce &#8222;nie jest z ich bajki&#8221;. Ale przy okazji zachwala\u0142 go, jako &#8222;merytorycznego&#8221; radnego, z kt\u00f3rym &#8222;mo\u017cna si\u0119 dogada\u0107&#8221;.<\/p>\n<p>Frakcja Kmity uwa\u017ca z kolei, \u017ce PiS w Krakowie potrzebuje kandydata bezpartyjnego. Najlepiej z profesorskim tytu\u0142em. Tylko \u017ce takiego, kt\u00f3ry zgodzi si\u0119 na start, ze \u015bwiec\u0105 szuka\u0107. Krakowski PiS \u2014 jak s\u0142yszymy od naszego \u017ar\u00f3d\u0142a \u2014 rozmawia tak\u017ce z osobami, kt\u00f3re zainicjowa\u0142y referendum. Rozwa\u017cany jest scenariusz wyci\u0105gni\u0119cia z tej grupy postaci, kt\u00f3ra wystartuje jako kandydat obywatelski, ale z poparciem PiS.<\/p>\n<p>&#8222;Przychodz\u0105 emisariusze, by zbada\u0107 grunt&#8221;. Pojawia si\u0119 nazwisko polityka PSL<\/p>\n<p>Kiedy w partii trwaj\u0105 gor\u0105czkowe poszukiwania kandydata, do jej polityk\u00f3w przychodz\u0105 tak\u017ce emisariusze z innych partii, by \u2014 jak s\u0142yszymy \u2014 zbada\u0107 grunt. <\/p>\n<p class=\"ods-o-quote__paragraph\">\u2014 Ostatnio by\u0142 kto\u015b od wiceministra Rasia. Sondowa\u0142, czy byliby\u015bmy w stanie udzieli\u0107 mu poparcia jako kandydatowi PSL. Reklamowa\u0142 go, \u017ce Ra\u015b by\u0142 kiedy\u015b szefem klubu PiS w krakowskiej Radzie Miasta, \u017ce ma konserwatywne pogl\u0105dy, \u017ce ma dobre kontakty z Ko\u015bcio\u0142em i tak dalej \u2014 m\u00f3wi nam pose\u0142 PiS.<\/p>\n<p>\u2014 Byliby\u015bcie w stanie poprze\u0107 kandydata partii koalicyjnej \u2014 pytam.<\/p>\n<p>\u2014 W tym momencie niczego nie mo\u017cemy wykluczy\u0107, cho\u0107 wariant z Rasiem jest ma\u0142o prawdopodobny \u2014 s\u0142ysz\u0119 w odpowiedzi.<\/p>\n<p> <img decoding=\"async\" src=\"https:\/\/www.europesays.com\/pl\/wp-content\/uploads\/2026\/05\/LEck9lBaHR0cHM6Ly9vY2RuLmV1L3B1bHNjbXMvTURBXy9lYjNlMzQ3Y2MxNmY4MTkxMDM0NzU3NDM0NGJmZDU2Ny5qcGeRlQLNB.jpeg\" height=\"627\" width=\"940\" alt=\"Ireneusz Ra\u015b i metropolita krakowski kard. Grzegorz Ry\u015b podczas obchod\u00f3w \u015awi\u0119ta 3 Maja w Krakowie\" loading=\"lazy\" class=\"ods-c-image__img ods-c-image__img--viewport-width\"\/> <\/p>\n<p>Ireneusz Ra\u015b i metropolita krakowski kard. Grzegorz Ry\u015b podczas obchod\u00f3w \u015awi\u0119ta 3 Maja w KrakowiePAP\/\u0141ukasz G\u0105gulski \/ PAP<\/p>\n<p>Ireneusz Ra\u015b, pose\u0142 klubu PSL i wiceminister sportu i turystyki jest wymieniany jako potencjalny kandydat na prezydenta Krakowa od kilku dni. Jest politykiem znanym w Krakowie, kt\u00f3ry zaczyna\u0142 polityczn\u0105 karier\u0119 w Porozumieniu Centrum i PiS. W 2005 r. do Sejmu startowa\u0142 ju\u017c jako kandydat Platformy Obywatelskiej. Od 2010 do 2013 r. szefowa\u0142 ma\u0142opolskim strukturom tej partii. W 2021 r. zosta\u0142 z partii wyrzucony (wraz z pos\u0142em Paw\u0142em Zalewskim), by rok p\u00f3\u017aniej za\u0142o\u017cy\u0107 w\u0142asn\u0105 parti\u0119 \u2014 Centrum dla Polski. Ostatnio do Sejmu dosta\u0142 si\u0119 z list Trzeciej Drogi.<\/p>\n<p>Prezes PSL W\u0142adys\u0142aw Kosiniak-Kamysz twierdzi, \u017ce wola\u0142by, by w wyborach w Krakowie wystartowa\u0142 wsp\u00f3lny kandydat koalicji rz\u0105dz\u0105cej. Ale na to szanse s\u0105 marne. Swojego kandydata zamierza wystawi\u0107 ka\u017cda partia tworz\u0105ca parlamentarn\u0105 wi\u0119kszo\u015b\u0107.<\/p>\n<p>Ludowcy teoretycznie s\u0105 otwarci na wariant wsp\u00f3lnego kandydata, ale zaznaczaj\u0105, \u017ce to musi by\u0107 kto\u015b od nich. KO wyklucza tak\u0105 mo\u017cliwo\u015b\u0107.<\/p>\n<p>Ewentualne poparcie udzielone przez PiS wiceministrowi rz\u0105du Donalda Tuska mog\u0142oby jednak powa\u017cnie zachwia\u0107 stosunkami mi\u0119dzy koalicjantami.<\/p>\n<p>&#8222;Przyszed\u0142 i oko puszcza pose\u0142 koalicji rz\u0105dz\u0105cej&#8221;<\/p>\n<p>Ireneusz Ra\u015b to jednak niejedyna posta\u0107 koalicji rz\u0105dz\u0105cej, o kt\u00f3rej s\u0142ysz\u0119 od polityk\u00f3w PiS.<\/p>\n<p class=\"ods-o-quote__paragraph\">\u2014 Przyszed\u0142 i oko puszcza pose\u0142 koalicji rz\u0105dz\u0105cej \u2014 zaczyna polityk PiS. \u2014 Rafa\u0142 Komarewicz rozmawia\u0142 z osob\u0105 z kierownictwa naszej partii. Rozpytywa\u0142, czy mo\u017ce udzielimy mu poparcia. Stwierdzi\u0142, \u017ce jest w stanie odej\u015b\u0107 z Centrum \u2014 m\u00f3wi nasz rozm\u00f3wca.<\/p>\n<p>Rafa\u0142 Komarewicz na pytanie Onetu, czy zamierza wystartowa\u0107 w wyborach na prezydenta Krakowa, odpowiada, \u017ce na razie takiego scenariusza nie rozwa\u017ca.<\/p>\n<p> <img decoding=\"async\" src=\"https:\/\/www.europesays.com\/pl\/wp-content\/uploads\/2026\/05\/AROk9lBaHR0cHM6Ly9vY2RuLmV1L3B1bHNjbXMvTURBXy82M2NmNDAxM2IyZTkxYTFkZTlhNTQyM2FmNmNiOTkxMy5qcGeRlQLNB.jpeg\" height=\"627\" width=\"940\" alt=\"Pose\u0142 Rafa\u0142 Komarewicz w trakcie kampanii samorz\u0105dowej w Krakowie w 2024 r.\" loading=\"lazy\" class=\"ods-c-image__img ods-c-image__img--viewport-width\"\/> <\/p>\n<p>Pose\u0142 Rafa\u0142 Komarewicz w trakcie kampanii samorz\u0105dowej w Krakowie w 2024 r.PAP\/\u0141ukasz G\u0105gulski \/ PAP<\/p>\n<p>Przypomnijmy, \u017ce w 2024 r. ubiega\u0142 si\u0119 o t\u0119 funkcj\u0119 jako kandydat Polski 2050. Ugra\u0142 wtedy 3,07 proc. Dzi\u015b jest politykiem klubu parlamentarnego Centrum, kt\u00f3re powsta\u0142o po odej\u015bciu grupy pos\u0142\u00f3w z Polski 2050. Nim zacz\u0105\u0142 prac\u0119 w parlamencie, by\u0142 krakowskim radnym z klubu prezydenckiego [prezydenta Jacka Majchrowskiego] &#8222;Przyjazny Krak\u00f3w&#8221;.<\/p>\n<p>Jego obecne ugrupowanie nie wystawi swojego kandydata w przedterminowych wyborach w Krakowie. Notowania Centrum oscyluj\u0105 wok\u00f3\u0142 1 proc. \u2014 to pierwszy pow\u00f3d, a po drugie wi\u0105\u017ce si\u0119 to ze sporymi wydatkami i zaanga\u017cowaniem ludzi w terenie. Obu tych rzeczy w Centrum na razie brakuje. To nie oznacza jednak, \u017ce Rafa\u0142 Komarewicz nie sonduje mo\u017cliwo\u015bci startu z poparciem kogo\u015b innego.<\/p>\n<p>Rafa\u0142 Komarewicz: niczego nie wykluczam<\/p>\n<p>\u2014 Niczego nie wykluczam. Ka\u017cda propozycja skutecznego dzia\u0142ania na rzecz Krakowa jest warta rozwa\u017cenia. Gdybym dosta\u0142 tak\u0105 propozycj\u0119, to bym j\u0105 rozwa\u017cy\u0142 \u2014 m\u00f3wi Onetowi pose\u0142 Komarewicz.<\/p>\n<p class=\"ods-o-quote__paragraph\">Na pytanie o to, czy prowadzi rozmowy z PiS, odpowiada: \u2014 Nie, nie prowadz\u0119, ale r\u00f3\u017cne osoby przychodz\u0105 do mnie i rzucaj\u0105 r\u00f3\u017cne propozycje \u2014 ucina.<\/p>\n<p>W sejmowych kuluarach m\u00f3wi si\u0119 tak\u017ce o tym, \u017ce Komarewicz zamierza opu\u015bci\u0107 klub Centrum i przyst\u0105pi\u0107 do jednego z konserwatywnych klub\u00f3w opozycji. To oznacza\u0142oby, \u017ce licz\u0105ce dzi\u015b 15 pos\u0142\u00f3w Centrum z klubu sta\u0142oby si\u0119 ko\u0142em. Tym doniesieniom w rozmowie z Wirtualn\u0105 Polsk\u0105 Komarewicz tak\u017ce zaprzeczy\u0142, ale dodawa\u0142 przy tym, \u017ce nie mo\u017ce wykluczy\u0107, co si\u0119 stanie w przysz\u0142o\u015bci, bo &#8222;polityka jest dynamiczna&#8221;.<\/p>\n","protected":false},"excerpt":{"rendered":"\u2014 Z tych wybor\u00f3w w Krakowie dla PiS-u mog\u0105 by\u0107 jesieni\u0105 niez\u0142e problemy \u2014 martwi si\u0119 pose\u0142 tej&hellip;\n","protected":false},"author":2,"featured_media":462610,"comment_status":"","ping_status":"","sticky":false,"template":"","format":"standard","meta":{"footnotes":"","_share_on_mastodon":"0"},"categories":[51606],"tags":[56,61195,3940,1304,45529,48,46,529,42,38,40,39,202,41,1524,4678,41025,47,341],"class_list":["post-464896","post","type-post","status-publish","format-standard","has-post-thumbnail","category-krakow","tag-article_premium","tag-bottomfeed_styl","tag-ko","tag-krakow","tag-lukasz_kmita","tag-nat_styl","tag-omp","tag-pis","tag-pl","tag-poland","tag-polish","tag-polska","tag-polska_2050","tag-polski","tag-przemyslaw_czarnek","tag-psl","tag-rafal_komarewicz","tag-screening_general","tag-tylko_w_onecie"],"share_on_mastodon":{"url":"https:\/\/pubeurope.com\/@pl\/116668297243399092","error":""},"_links":{"self":[{"href":"https:\/\/www.europesays.com\/pl\/wp-json\/wp\/v2\/posts\/464896","targetHints":{"allow":["GET"]}}],"collection":[{"href":"https:\/\/www.europesays.com\/pl\/wp-json\/wp\/v2\/posts"}],"about":[{"href":"https:\/\/www.europesays.com\/pl\/wp-json\/wp\/v2\/types\/post"}],"author":[{"embeddable":true,"href":"https:\/\/www.europesays.com\/pl\/wp-json\/wp\/v2\/users\/2"}],"replies":[{"embeddable":true,"href":"https:\/\/www.europesays.com\/pl\/wp-json\/wp\/v2\/comments?post=464896"}],"version-history":[{"count":0,"href":"https:\/\/www.europesays.com\/pl\/wp-json\/wp\/v2\/posts\/464896\/revisions"}],"wp:featuredmedia":[{"embeddable":true,"href":"https:\/\/www.europesays.com\/pl\/wp-json\/wp\/v2\/media\/462610"}],"wp:attachment":[{"href":"https:\/\/www.europesays.com\/pl\/wp-json\/wp\/v2\/media?parent=464896"}],"wp:term":[{"taxonomy":"category","embeddable":true,"href":"https:\/\/www.europesays.com\/pl\/wp-json\/wp\/v2\/categories?post=464896"},{"taxonomy":"post_tag","embeddable":true,"href":"https:\/\/www.europesays.com\/pl\/wp-json\/wp\/v2\/tags?post=464896"}],"curies":[{"name":"wp","href":"https:\/\/api.w.org\/{rel}","templated":true}]}}