{"id":464950,"date":"2026-05-31T09:15:14","date_gmt":"2026-05-31T09:15:14","guid":{"rendered":"https:\/\/www.europesays.com\/pl\/464950\/"},"modified":"2026-05-31T09:15:14","modified_gmt":"2026-05-31T09:15:14","slug":"mama-omeny-mensah-zachwycila-na-gali-top-charity-zapozowala-z-partnerem","status":"publish","type":"post","link":"https:\/\/www.europesays.com\/pl\/464950\/","title":{"rendered":"Mama Omeny Mensah zachwyci\u0142a na gali Top Charity. Zapozowa\u0142a z partnerem"},"content":{"rendered":"<p>Gala Top Charity przyci\u0105gn\u0119\u0142a uwag\u0119 nie tylko skal\u0105 zebranych \u015brodk\u00f3w, ale tak\u017ce swoim mi\u0119dzynarodowym charakterem. Wydarzenie sta\u0142o si\u0119 miejscem dyskusji o roli filantropii, odpowiedzialno\u015bci spo\u0142ecznej i przysz\u0142o\u015bci dzia\u0142a\u0144 charytatywnych. Organizatorzy podkre\u015blaj\u0105, \u017ce tegoroczna edycja nada\u0142a polskiej filantropii wymiar globalny. W\u015br\u00f3d najbardziej spektakularnych aukcji znalaz\u0142a si\u0119 tak\u017ce &#8222;Wielka Emocja&#8221; \u2014 tygodniowy pobyt transformacyjny z <a href=\"https:\/\/plejada.pl\/temat\/ewa-chodakowska\/ncegnk0\" id=\"b0d8cbf1-b8f3-493c-a202-557bc23073ce\" rel=\"nofollow noopener\" target=\"_blank\">Ew\u0105 Chodakowsk\u0105<\/a>. Ten licytowany przedmiot osi\u0105gn\u0105\u0142 cen\u0119 oko\u0142o 7,2 mln z\u0142 i sta\u0142 si\u0119 jednym z najbardziej po\u017c\u0105danych obiekt\u00f3w tegorocznej aukcji. \u0141\u0105czna suma \u015brodk\u00f3w pozyskanych w ci\u0105gu pi\u0119ciu edycji wynios\u0142a ponad 230 mln z\u0142.      Dalszy ci\u0105g artyku\u0142u pod materia\u0142em wideo Mama Omeny Mensah wspiera\u0142a c\u00f3rk\u0119 na gali<\/p>\n<p>W\u015br\u00f3d obecnych gwiazd by\u0142a r\u00f3wnie\u017c Izabella Mensah. Mama organizatorki zachwyci\u0142a kreacj\u0105 i elegancj\u0105.<\/p>\n<p> <img decoding=\"async\" src=\"https:\/\/www.europesays.com\/pl\/wp-content\/uploads\/2026\/05\/tlLk9lBaHR0cHM6Ly9vY2RuLmV1L3B1bHNjbXMvTURBXy8zMjhjMjhmNGYwNDAwZDk5MjhkNjFkYzJkNjFmYzVhYS5qcGeRlQLNA.jpeg\" height=\"470\" width=\"264\" alt=\"Izabella Mensah z partnerem\" loading=\"lazy\" class=\"ods-c-image__img ods-c-image__img--vertical\"\/> <\/p>\n<p>Izabella Mensah z partneremwww.instagram.com\/omenaartfoundation<\/p>\n<p> <a href=\"https:\/\/plejada.pl\/temat\/omenaa-mensah\/ny755nd\" id=\"f8eba0b9-17be-473f-824b-847ae5dbdf9e\" rel=\"nofollow noopener\" target=\"_blank\">Omenaa Mensah<\/a> z okazji niedawnego Dnia Matki zapozowa\u0142a do zdj\u0119cia nie tylko z mam\u0105, ale tak\u017ce swoj\u0105 c\u00f3rk\u0105, Vaness\u0105.     <\/p>\n<blockquote class=\"ods-o-quote\">\n<p class=\"ods-o-quote__paragraph\">Dzie\u0144 Kobiet w towarzystwie najwa\u017cniejszych kobiet w moim \u017cyciu. Moja mamusia Izabella i c\u00f3rka Vanessa! Kocham i jestem kochana. Czy masz w swoim otoczeniu kobiet\u0119, kt\u00f3rej chcia\u0142by\u015b dzi\u015b szczeg\u00f3lnie podzi\u0119kowa\u0107?<\/p>\n<\/blockquote>\n<p>\u2014 napisa\u0142a w po\u015bcie.<\/p>\n<p>Vanessa Mensah r\u00f3wnie\u017c pojawi\u0142a si\u0119 na Top Charity, pozuj\u0105c do zdj\u0119\u0107 z c\u00f3rk\u0105 Rafa\u0142a Brzoski.<\/p>\n<p> <img decoding=\"async\" src=\"https:\/\/www.europesays.com\/pl\/wp-content\/uploads\/2026\/05\/_i6k9lBaHR0cHM6Ly9vY2RuLmV1L3B1bHNjbXMvTURBXy9jOWY3YzQ0YWNkZDc3YmViZDdhNGUxMTQ1ZGY2MzJiYS5wbmeSlQMAA.jpeg\" height=\"800\" width=\"451\" alt=\"Vanessa Mensah i Wiktoria Brzoska\" loading=\"lazy\" class=\"ods-c-image__img ods-c-image__img--vertical\"\/> <\/p>\n<p>Vanessa Mensah i Wiktoria Brzoskawww.instagram.com\/omenaartfoundation<\/p>\n<p>Dwie m\u0142ode kobiety niejednokrotnie pokazywa\u0142y si\u0119 razem, co \u015bwiadczy o ich dobrej relacji i blisko\u015bci. Sama Vanessa cz\u0119sto publikuje na Instagramie wsp\u00f3lne zdj\u0119cie z Wiktori\u0105 Brzosk\u0105.<\/p>\n<p>  <img decoding=\"async\" src=\"https:\/\/www.europesays.com\/pl\/wp-content\/uploads\/2026\/05\/ckMk9lBaHR0cHM6Ly9vY2RuLmV1L3B1bHNjbXMvTURBXy8wODM3MTQ5ZGRiNjBlMmVlZjRhNDQwYTc4NjNlZmZjZi5qcGeRlQLNA.jpeg\" height=\"473\" width=\"264\" alt=\"Wiktoria Brzoska, Vanessa Mensah\" loading=\"lazy\" class=\"ods-c-image__img ods-c-image__img--vertical\"\/> <\/p>\n<p>Wiktoria Brzoska, Vanessa Mensahhttps:\/\/www.instagram.com\/vaniszm\/?hl=pl<\/p>\n<p> Dzi\u0119kujemy, \u017ce przeczyta\u0142a\u015b\/e\u015b nasz artyku\u0142 do ko\u0144ca. W serwisie Plejada.pl ka\u017cdego dnia piszemy o najwa\u017cniejszych wydarzeniach show-biznesowych. B\u0105d\u017a na bie\u017c\u0105co!<a rel=\"nofollow noopener\" href=\"https:\/\/profile.google.com\/cp\/Cg0vZy8xMWJ6X19wdHBx\" id=\"4870b0d4-2e3f-4088-a113-4952c697fc0c\" target=\"_blank\"> Obserwuj<\/a> Plejad\u0119 w Google. Odwied\u017a nas tak\u017ce na<a rel=\"nofollow noopener\" href=\"https:\/\/www.facebook.com\/plejadapl\" id=\"c95ee71e-86fc-4bc3-b0d1-1bcb5465893c\" target=\"_blank\"> Facebooku<\/a>,<a rel=\"nofollow noopener\" href=\"https:\/\/www.instagram.com\/plejadapl\/\" id=\"335258ec-b0bd-4166-aff1-5cfcb1bf7bfb\" target=\"_blank\"> Instagramie<\/a>,<a rel=\"nofollow noopener\" href=\"https:\/\/www.youtube.com\/c\/plejada\" id=\"6cd1aadb-686f-4027-81ff-46a840af68d7\" target=\"_blank\"> YouTubie<\/a> oraz<a rel=\"nofollow noopener\" href=\"https:\/\/www.tiktok.com\/@plejada_pl\" id=\"1a9a3861-cef3-4127-9137-3e9859aaf155\" target=\"_blank\"> TikToku<\/a>.     Chcesz podzieli\u0107 si\u0119 ciekawym newsem lub zaproponowa\u0107 temat? Skontaktuj si\u0119 z nami, pisz\u0105c maila na adres: <a rel=\"nofollow noopener\" href=\"https:\/\/www.onet.pl\/styl-zycia\/plejada\/mama-omeny-mensah-zachwycila-na-gali-top-charity-zapozowala-z-partnerem\/mailto:plejada@redakcjaonet.pl\" id=\"3c3c54b3-cdc1-4684-82e6-89ea04493c5e\" target=\"_blank\">plejada@redakcjaonet.pl<\/a>.<script async src=\"\/\/www.instagram.com\/embed.js\"><\/script><script async src=\"\/\/www.tiktok.com\/embed.js\"><\/script><\/p>\n","protected":false},"excerpt":{"rendered":"Gala Top Charity przyci\u0105gn\u0119\u0142a uwag\u0119 nie tylko skal\u0105 zebranych \u015brodk\u00f3w, ale tak\u017ce swoim mi\u0119dzynarodowym charakterem. Wydarzenie sta\u0142o si\u0119&hellip;\n","protected":false},"author":2,"featured_media":464951,"comment_status":"","ping_status":"","sticky":false,"template":"","format":"standard","meta":{"footnotes":"","_share_on_mastodon":"0"},"categories":[22],"tags":[61195,122,48,125,41100,46,55,42,38,40,39,41,16970,123,47],"class_list":["post-464950","post","type-post","status-publish","format-standard","has-post-thumbnail","category-rozrywka","tag-bottomfeed_styl","tag-entertainment","tag-nat_styl","tag-newsy","tag-omena_mensah","tag-omp","tag-phx","tag-pl","tag-poland","tag-polish","tag-polska","tag-polski","tag-rafal_brzoska","tag-rozrywka","tag-screening_general"],"share_on_mastodon":{"url":"https:\/\/pubeurope.com\/@pl\/116668434344286416","error":""},"_links":{"self":[{"href":"https:\/\/www.europesays.com\/pl\/wp-json\/wp\/v2\/posts\/464950","targetHints":{"allow":["GET"]}}],"collection":[{"href":"https:\/\/www.europesays.com\/pl\/wp-json\/wp\/v2\/posts"}],"about":[{"href":"https:\/\/www.europesays.com\/pl\/wp-json\/wp\/v2\/types\/post"}],"author":[{"embeddable":true,"href":"https:\/\/www.europesays.com\/pl\/wp-json\/wp\/v2\/users\/2"}],"replies":[{"embeddable":true,"href":"https:\/\/www.europesays.com\/pl\/wp-json\/wp\/v2\/comments?post=464950"}],"version-history":[{"count":0,"href":"https:\/\/www.europesays.com\/pl\/wp-json\/wp\/v2\/posts\/464950\/revisions"}],"wp:featuredmedia":[{"embeddable":true,"href":"https:\/\/www.europesays.com\/pl\/wp-json\/wp\/v2\/media\/464951"}],"wp:attachment":[{"href":"https:\/\/www.europesays.com\/pl\/wp-json\/wp\/v2\/media?parent=464950"}],"wp:term":[{"taxonomy":"category","embeddable":true,"href":"https:\/\/www.europesays.com\/pl\/wp-json\/wp\/v2\/categories?post=464950"},{"taxonomy":"post_tag","embeddable":true,"href":"https:\/\/www.europesays.com\/pl\/wp-json\/wp\/v2\/tags?post=464950"}],"curies":[{"name":"wp","href":"https:\/\/api.w.org\/{rel}","templated":true}]}}