{"id":464960,"date":"2026-05-31T09:20:12","date_gmt":"2026-05-31T09:20:12","guid":{"rendered":"https:\/\/www.europesays.com\/pl\/464960\/"},"modified":"2026-05-31T09:20:12","modified_gmt":"2026-05-31T09:20:12","slug":"tak-sie-bawi-elita-corka-mensah-obok-corki-brzoski-rozenek-w-historycznej-kreacji-plejada","status":"publish","type":"post","link":"https:\/\/www.europesays.com\/pl\/464960\/","title":{"rendered":"Tak si\u0119 bawi elita. C\u00f3rka Mensah obok c\u00f3rki Brzoski. Rozenek w &quot;historycznej&quot; kreacji &#8211; Plejada"},"content":{"rendered":"<ol>\n<li><a href=\"https:\/\/news.google.com\/rss\/articles\/CBMitwFBVV95cUxOMk1hd0x6ekx6TmhmX0w3akkzU1RSV0tjdWJVRDNFd0FYcEtKajk4MHRvMFh4WnZXX1pFTWVXSFc0SVIzNUd2dmRFbG1qVVRveGlyZWJ2SU5vbk5xdlBzZi1NSElwMTdmYldoUlZuUmNMeWRiZTdldWtiUGszZVpia2xseThIUmJWbUNCYldlcnlXdm52WlZSdzY2X0Z4YlZINTIwb1M4VGtPTVRBb3ZWNlBKWlpRd0E?oc=5\" target=\"_blank\" rel=\"nofollow noopener\">Tak si\u0119 bawi elita. C\u00f3rka Mensah obok c\u00f3rki Brzoski. Rozenek w &#8222;historycznej&#8221; kreacji<\/a>&nbsp;&nbsp;Plejada<\/li>\n<li><a href=\"https:\/\/news.google.com\/rss\/articles\/CBMi0AFBVV95cUxPMktNYmQ0X0xOSWo0Rl8wN1d4N2g5OUQ4QUV3Q3F6MmZrUENFWXZCVEx0YnJnb1owV1d6YlNkYWVGRHBVUWk4Vk5KWUtEVGY2cUFRRElIb3F4Z1ZLVEcxVUpmRDcyTlN1LW1MZVJUU2NkTEpZX2JfdVJPalJrRW00R2tYX1NDcTRFR3B3SllYUjQySVR5MWU1MUk4dWl6bXVBbE51NUoxYlZOdENjb193eHhXVndNRThLcWJNLVluT3hjdG03NTl4THBfaDdfQmVl?oc=5\" target=\"_blank\" rel=\"nofollow noopener\">Rozenek-Majdan w &#8222;historycznej&#8221; kreacji. Na gali Mensah zachwyci\u0142a te\u017c Pazura<\/a>&nbsp;&nbsp;Onet<\/li>\n<li><a href=\"https:\/\/news.google.com\/rss\/articles\/CBMiswFBVV95cUxNNUdWS3Vwb2lESko3czJ2SGVVbkJNTElwOEtTejVoa205aWNVZGVUZi1JYVpOQmdPeV9lQmwwbVNzLXIzSDVmc3FnSE5zVTJxXzB3bk41Nmt2bllTWUE1LUpnYURfOWVXZDA5U1d3QzJvYlNzUUllazJ2eUhlZUxNejFwOWpOY0szeVQ3SXZ6aXo4ajFLVzQ1OTdZWVFoNDQyRDRKcllFQXAzb2ZOQ241MENKNA?oc=5\" target=\"_blank\" rel=\"nofollow noopener\">Pi\u0105ta edycja TOP CHARITY z rekordem, nagrodami i kr\u00f3lem Asante z Ghany<\/a>&nbsp;&nbsp;Rzeczpospolita<\/li>\n<li><a href=\"https:\/\/news.google.com\/rss\/articles\/CBMirAFBVV95cUxQeU52QURRWWNnLUpoZVpDZVRMZ1RGVjloakVJcHZXWWFsSUd2OHBTdTRySTJWSGw5d0JWQ2ZjbmdEa0Y5c3g3d3hZbGZ3T2RQX1UyakFoazVmdWVzWGNQdDF1aTFaUjhHNTRDMERXZldwME9NSnVIUkN6R2JOTmhtck9lMUE4a1ZJZVRfTDFVQTRuNGpHQXVnLWhKajdZTWp1aGZBR2I1TkJQbGw3?oc=5\" target=\"_blank\" rel=\"nofollow noopener\">Ma\u0142gorzata Rozenek-Majdan w kreacji inspirowanej Afryk\u0105. &#8222;Nosz\u0119 opowie\u015b\u0107&#8221;<\/a>&nbsp;&nbsp;Fakt<\/li>\n<li><a href=\"https:\/\/news.google.com\/rss\/articles\/CBMikwJBVV95cUxPOXRFSFFsRWNyVkN2Z211NUtWaktKX05SMjRGeFZ0LWxTd1dJcGd2N1dHMGJVcDZZT3BXd3VpREdqbWxZMVlfQktfRGhXeDZjc0FmazFUZXI0RXpfangzU19FVkJQUktJWThHQXlRLTBmZWswODlKZkVVV0tLbERSTUV5Um9ESFkxU2lXVTRlU2lQMTJaaVNQeE1LblAyWXAyV1hMclR2QnFZSzRMT2FiejRjbTRGOXFaN3hRdzRQV1VOam1EeUI3clhNQUsxZ2psV2hhY3BTTW5EWFlCZktXX01UYUZSSHkwckRWTFlHSGdIWndReVpvbGE5UE13Z0NRTTZZR0xmcEVvZmkwbEd3UkNYQQ?oc=5\" target=\"_blank\" rel=\"nofollow noopener\">Ma\u0142gorzata Rozenek w IMPONUJ\u0104CEJ kreacji na TOP CHARITY Omeny Mensah. &#8222;Materia\u0142 zosta\u0142 barwiony naturalnym pigmentem z py\u0142u gha\u0144skich ska\u0142&#8221; (ZDJ\u0118CIA)<\/a>&nbsp;&nbsp;Pudelek<\/li>\n<\/ol>\n","protected":false},"excerpt":{"rendered":"Tak si\u0119 bawi elita. C\u00f3rka Mensah obok c\u00f3rki Brzoski. Rozenek w &#8222;historycznej&#8221; kreacji&nbsp;&nbsp;Plejada Rozenek-Majdan w &#8222;historycznej&#8221; kreacji. Na&hellip;\n","protected":false},"author":2,"featured_media":464961,"comment_status":"","ping_status":"","sticky":false,"template":"","format":"standard","meta":{"footnotes":"","_share_on_mastodon":"0"},"categories":[5],"tags":[13743,61195,32,33,4188,36,37,27,34,35,5221,28,31,48,25,1114,46,42,38,40,39,41,7515,16970,47,29,30,26,804],"class_list":["post-464960","post","type-post","status-publish","format-standard","has-post-thumbnail","category-naglowki","tag-aleksander_kwasniewski","tag-bottomfeed_styl","tag-breaking-news","tag-breakingnews","tag-ewa_chodakowska","tag-featured-news","tag-featurednews","tag-headlines","tag-latest-news","tag-latestnews","tag-malgorzata_rozenek_majdan","tag-naglowki","tag-najwazniejsze-artykuly","tag-nat_styl","tag-news","tag-omenaa_mensah","tag-omp","tag-pl","tag-poland","tag-polish","tag-polska","tag-polski","tag-radoslaw_majdan","tag-rafal_brzoska","tag-screening_general","tag-top-stories","tag-topstories","tag-wiadomosci","tag-zdjecia_gwiazd"],"share_on_mastodon":{"url":"","error":"Validation failed: Text character limit of 500 exceeded"},"_links":{"self":[{"href":"https:\/\/www.europesays.com\/pl\/wp-json\/wp\/v2\/posts\/464960","targetHints":{"allow":["GET"]}}],"collection":[{"href":"https:\/\/www.europesays.com\/pl\/wp-json\/wp\/v2\/posts"}],"about":[{"href":"https:\/\/www.europesays.com\/pl\/wp-json\/wp\/v2\/types\/post"}],"author":[{"embeddable":true,"href":"https:\/\/www.europesays.com\/pl\/wp-json\/wp\/v2\/users\/2"}],"replies":[{"embeddable":true,"href":"https:\/\/www.europesays.com\/pl\/wp-json\/wp\/v2\/comments?post=464960"}],"version-history":[{"count":0,"href":"https:\/\/www.europesays.com\/pl\/wp-json\/wp\/v2\/posts\/464960\/revisions"}],"wp:featuredmedia":[{"embeddable":true,"href":"https:\/\/www.europesays.com\/pl\/wp-json\/wp\/v2\/media\/464961"}],"wp:attachment":[{"href":"https:\/\/www.europesays.com\/pl\/wp-json\/wp\/v2\/media?parent=464960"}],"wp:term":[{"taxonomy":"category","embeddable":true,"href":"https:\/\/www.europesays.com\/pl\/wp-json\/wp\/v2\/categories?post=464960"},{"taxonomy":"post_tag","embeddable":true,"href":"https:\/\/www.europesays.com\/pl\/wp-json\/wp\/v2\/tags?post=464960"}],"curies":[{"name":"wp","href":"https:\/\/api.w.org\/{rel}","templated":true}]}}