{"id":464964,"date":"2026-05-31T09:22:10","date_gmt":"2026-05-31T09:22:10","guid":{"rendered":"https:\/\/www.europesays.com\/pl\/464964\/"},"modified":"2026-05-31T09:22:10","modified_gmt":"2026-05-31T09:22:10","slug":"slowa-bartlomieja-pejo-nie-spodobaly-sie-gosciom-wywolaly-burze-w-studiu","status":"publish","type":"post","link":"https:\/\/www.europesays.com\/pl\/464964\/","title":{"rendered":"S\u0142owa Bart\u0142omieja Pejo nie spodoba\u0142y si\u0119 go\u015bciom. Wywo\u0142a\u0142y burz\u0119 w studiu"},"content":{"rendered":"<p>W programie &#8222;7. dzie\u0144 tygodnia&#8221; politycy rozmawiali o kontrowersjach wok\u00f3\u0142 decyzji Wo\u0142odymyra Ze\u0142enskiego. <a href=\"https:\/\/wiadomosci.onet.pl\/swiat\/jednostka-wojskowa-z-imieniem-bohaterow-upa-fala-krytyki-po-decyzji-zelenskiego\/64c98jd\" id=\"0e66ed52-bac8-4ea2-8c83-261b70e40c58\" rel=\"nofollow noopener\" target=\"_blank\">Prezydent Ukrainy zdecydowa\u0142 o nadaniu jednej z jednostek Si\u0142 Zbrojnych Ukrainy imienia &#8222;Bohater\u00f3w UPA&#8221;. <\/a>W reakcji Karol Nawrocki przekaza\u0142, \u017ce<a href=\"https:\/\/wiadomosci.onet.pl\/kraj\/karol-nawrocki-ostro-reaguje-na-decyzje-ukrainy-chce-odebrac-order-zelenskiemu\/eek8r3w\" id=\"9e2e00e1-a7db-41a5-8758-2aee9a3bed93\" rel=\"nofollow noopener\" target=\"_blank\"> chce odebra\u0107 Ze\u0142enskiemu Order Or\u0142a Bia\u0142ego.<\/a> Dalszy ci\u0105g artyku\u0142u pod materia\u0142em wideo <\/p>\n<p>Jako pierwszy g\u0142os zabra\u0142 Marcin Hora\u0142a z PiS. \u2014 Nie mo\u017cemy czci\u0107 kogo\u015b, kto czci ludzi, kt\u00f3rzy mordowali w spos\u00f3b zaplanowany Polak\u00f3w \u2014 stwierdzi\u0142. Prowadz\u0105cy rozmow\u0119 Andrzej Stankiewicz przypomnia\u0142, \u017ce order Ze\u0142enskiemu nada\u0142 Andrzej Duda.<\/p>\n<p>\u2014 Kiedy nadawa\u0142, nie mia\u0142y miejsca takie rzeczy, \u017ceby imieniem bohater\u00f3w UPA nazywa\u0107 du\u017c\u0105 jednostk\u0119 wojskow\u0105. Z perspektywy czasu mo\u017ce by\u0142o b\u0142\u0105d, ale nie wini\u0119 tu pana prezydenta, bo analiza wsteczna zawsze skuteczna, nie ma daru proroctwa \u2014 skomentowa\u0142 pose\u0142 PiS.<\/p>\n<p>Robert Biedro\u0144 krytycznie o ruchu Karola Nawrockiego. &#8222;Histeryczna reakcja&#8221;     <\/p>\n<p>Zdaniem Roberta Biedronia z Lewicy decyzja Ze\u0142enskiego wymaga zdecydowanej reakcji ze strony Polski. Jego zdaniem powinni\u015bmy ocenia\u0107 zmiany decyzji i przeprosin. Stwierdzi\u0142 jednak, \u017ce &#8222;reakcja prezydenta Nawrockiego jest histeryczna&#8221;. \u2014 Po pierwsze, \u015brodowisko prezydenta miota si\u0119 od \u015bciany do \u015bciany i dzi\u015b pan Hora\u0142a po raz kolejny to salto mortale wykona\u0142. Z jednej strony chwal\u0105 prezydenta Dud\u0119 kilka lat temu, \u017ce nadaje taki order i broni\u0105 tej decyzji mimo krytyki, dzi\u015b uwa\u017caj\u0105, \u017ce ten order trzeba odebra\u0107 \u2014 oceni\u0142 Biedro\u0144.<\/p>\n<p>\u2014 Prezydent ma bardzo proste narz\u0119dzie, z kt\u00f3rego mo\u017cna skorzysta\u0107 bez histerii, bez paniki. Powinien zadzwoni\u0107 do prezydenta Ze\u0142enskiego i powiedzie\u0107: ch\u0142opie, co ty wyprawiasz? \u2014 stwierdzi\u0142 dalej polityk. Stankiewicz wskaza\u0142, \u017ce Ze\u0142enski &#8222;ju\u017c co\u015b zrobi\u0142 i si\u0119 z tego nie wycofa&#8221;. \u2014 Wycofa, nie wycofa. Zale\u017cy jakie argumenty ze strony polskiej padn\u0105 \u2014 odpowiedzia\u0142 Biedro\u0144.<\/p>\n<p>\u2014 My\u015bli pan, panie redaktorze, \u017ce je\u015bli zabierzemy mu ten order, to on nagle [si\u0119 wycofa] \u2014 spyta\u0142 Biedro\u0144, na co prowadz\u0105cy zaprzeczy\u0142. \u2014 Ja te\u017c nie, ja bym zadzwoni\u0142 i doprowadzi\u0142 do tego, co bardzo dobrze wychodzi\u0142o Lechowi Kaczy\u0144skiemu. Ten dialog by\u0142 trudny, ale on go jednak prowadzi\u0142. Mamy i\u015b\u0107 na wojn\u0119 z Ukrai\u0144cami? \u2014 doda\u0142 polityk Lewicy. \u2014 S\u0105 jeszcze inne opcje poza wojn\u0105 z Ukrai\u0144cami i nierobieniem nic \u2014 wtr\u0105ci\u0142 si\u0119 Hora\u0142a.<\/p>\n<p>     Awantura w studiu. S\u0142owa pos\u0142a oburzy\u0142y go\u015bci<\/p>\n<p>Najwi\u0119ksze emocje w\u015br\u00f3d go\u015bci wywo\u0142a\u0142a jednak wypowied\u017a pos\u0142a Konfederacji Bart\u0142omieja Pejo. Jego zdaniem zachowanie polskiego prezydenta jest prawid\u0142owe. \u2014 Pa\u0144stwo u\u017cywacie cz\u0119sto poj\u0119\u0107 takich jak &#8222;przyjaciele z Ukrainy&#8221;. Przyjaciele nie morduj\u0105, nie topi\u0105 \u2014 stwierdzi\u0142.<\/p>\n<p>Po jego s\u0142owach w studiu zawrza\u0142o. Interweniowa\u0142 Andrzej Stankiewicz. \u2014 Uwa\u017cajmy na j\u0119zyk. Przodkowie przyjaci\u00f3\u0142, je\u015bli ju\u017c. Obecnie Ukrai\u0144cy nie morduj\u0105, nie topi\u0105, nie gwa\u0142c\u0105 Polak\u00f3w ani Polek \u2014 zwr\u00f3ci\u0142 uwag\u0119.<\/p>\n<p>\u2014 Obecnie Ukrai\u0144cy pod przewodnictwem Ze\u0142enskiego pluj\u0105 w twarz Polakom i nie ma czego\u015b takiego jak jedna prawda i druga prawda. Prawda jest jedna i do niej powinni\u015bmy d\u0105\u017cy\u0107 \u2014 odpowiedzia\u0142 Pejo.<\/p>\n<p>Dalej oceni\u0142, \u017ce <a href=\"https:\/\/wiadomosci.onet.pl\/kraj\/donald-tusk-o-nadaniu-ukrainskiej-jednostce-imienia-bohaterow-upa\/yvsfe8j\" id=\"248e419d-7ed0-483d-8509-7f44d474466f\" rel=\"nofollow noopener\" target=\"_blank\">s\u0142owa premiera w tej sprawie<\/a> by\u0142y skandaliczne. \u2014 \u017be &#8222;ka\u017cdy ma prawo do swoich interpretacji&#8221;. Jakich interpretacji? To jest prawda, nie interpretacja \u2014 m\u00f3wi\u0142. Przerwa\u0142 mu Robert Kropiwnicki z KO. \u2014 M\u00f3wimy o tera\u017aniejszo\u015bci, o przysz\u0142o\u015bci, a nie o tym, co by\u0142o 80 lat temu \u2014 zwr\u00f3ci\u0142 uwag\u0119. Pejo kontynuowa\u0142 jednak niewzruszony. \u2014 Pose\u0142 Biedro\u0144 te\u017c m\u00f3wi\u0142 o tym, \u017ce trzeba mo\u017ce p\u00f3j\u015b\u0107 dalej, ja to tak zrozumia\u0142em, mo\u017ce u\u017cy\u0107 jakich\u015b argument\u00f3w, mo\u017ce zablokowa\u0107 jak\u0105\u015b pomoc Ukrainie \u2014 wskaza\u0142.     &#8222;Prezent dla Putina&#8221;<\/p>\n<p>Pose\u0142 Konfederacji podkre\u015bla, \u017ce wola\u0142by wykorzysta\u0107 kwesti\u0119 pomocy Ukrainie. \u2014 I wola\u0142by pan ogl\u0105da\u0107 ruskie czo\u0142gi \u2014 spyta\u0142 Kropiwnicki. \u2014 Nie wola\u0142bym, bo Ze\u0142enski w ko\u0144cu te\u017c musi si\u0119 ugi\u0105\u0107 i zrozumie\u0107, \u017ce to my pomagamy \u2014 odpowiedzia\u0142 Pejo.<\/p>\n<p>Dalej doda\u0142, Polska przekaza\u0142a Ukrainie sprz\u0119t militarny wart miliardy, a Ze\u0142enski &#8222;pluje w twarz Polakom&#8221;. \u2014 To skandaliczne, \u017ce nie ma jednoznacznej wypowiedzi w\u0142a\u015bnie ponad podzia\u0142ami. My si\u0119 zastanawiamy czy jest jedna prawda i druga prawda \u2014 stwierdzi\u0142.<\/p>\n<p>Po s\u0142owach polityka w studiu podnios\u0142a si\u0119 wrzawa. \u2014 S\u0142uchajcie, ja mam pro\u015bb\u0119. W sprawie tego, co si\u0119 sta\u0142o w Wo\u0142yniu, do tej pory by\u0142a zgoda ca\u0142ego spektrum politycznego w Polsce. My\u015bl\u0119, \u017ce to, co dzieje si\u0119 teraz, to jest idealny prezent dla Putina \u2014 przebi\u0142 si\u0119 przez krzyki Biedro\u0144. \u2014 A kto do tego doprowadzi\u0142? Sam Ze\u0142enski \u2014 przerwa\u0142 mu Pejo.<\/p>\n<p>\u2014 Pan jest politykiem, pan musi trze\u017awo patrze\u0107 na sprawy, nie mo\u017ce pan pozwala\u0107 sobie na to, \u017ce pan ulega jakim\u015b prymitywnym emocjom, kt\u00f3re s\u0105 idealnym prezentem dla Putina. On teraz otwiera szampana [&#8230;] przegramy wszyscy \u2014 odpowiedzia\u0142 mu Biedro\u0144. Pose\u0142 Konfederacji stwierdzi\u0142 dalej, \u017ce &#8222;prezent ten wys\u0142a\u0142 sam Ze\u0142enski&#8221;.<\/p>\n","protected":false},"excerpt":{"rendered":"W programie &#8222;7. dzie\u0144 tygodnia&#8221; politycy rozmawiali o kontrowersjach wok\u00f3\u0142 decyzji Wo\u0142odymyra Ze\u0142enskiego. Prezydent Ukrainy zdecydowa\u0142 o nadaniu&hellip;\n","protected":false},"author":2,"featured_media":464965,"comment_status":"","ping_status":"","sticky":false,"template":"","format":"standard","meta":{"footnotes":"","_share_on_mastodon":"0"},"categories":[62712],"tags":[6774,24620,61195,690,43,49,17649,48,46,22006,12773,47,415,309],"class_list":["post-464964","post","type-post","status-publish","format-standard","has-post-thumbnail","category-karol-nawrocki","tag-7_dzien_tygodnia","tag-bartlomiej_pejo","tag-bottomfeed_styl","tag-karol-nawrocki","tag-karol_nawrocki","tag-kraj","tag-marcin_horala","tag-nat_styl","tag-omp","tag-order_orla_bialego","tag-robert_biedron","tag-screening_general","tag-ukraina","tag-wolodymyr_zelenski"],"share_on_mastodon":{"url":"https:\/\/pubeurope.com\/@pl\/116668461369753813","error":""},"_links":{"self":[{"href":"https:\/\/www.europesays.com\/pl\/wp-json\/wp\/v2\/posts\/464964","targetHints":{"allow":["GET"]}}],"collection":[{"href":"https:\/\/www.europesays.com\/pl\/wp-json\/wp\/v2\/posts"}],"about":[{"href":"https:\/\/www.europesays.com\/pl\/wp-json\/wp\/v2\/types\/post"}],"author":[{"embeddable":true,"href":"https:\/\/www.europesays.com\/pl\/wp-json\/wp\/v2\/users\/2"}],"replies":[{"embeddable":true,"href":"https:\/\/www.europesays.com\/pl\/wp-json\/wp\/v2\/comments?post=464964"}],"version-history":[{"count":0,"href":"https:\/\/www.europesays.com\/pl\/wp-json\/wp\/v2\/posts\/464964\/revisions"}],"wp:featuredmedia":[{"embeddable":true,"href":"https:\/\/www.europesays.com\/pl\/wp-json\/wp\/v2\/media\/464965"}],"wp:attachment":[{"href":"https:\/\/www.europesays.com\/pl\/wp-json\/wp\/v2\/media?parent=464964"}],"wp:term":[{"taxonomy":"category","embeddable":true,"href":"https:\/\/www.europesays.com\/pl\/wp-json\/wp\/v2\/categories?post=464964"},{"taxonomy":"post_tag","embeddable":true,"href":"https:\/\/www.europesays.com\/pl\/wp-json\/wp\/v2\/tags?post=464964"}],"curies":[{"name":"wp","href":"https:\/\/api.w.org\/{rel}","templated":true}]}}