{"id":465045,"date":"2026-05-31T10:18:10","date_gmt":"2026-05-31T10:18:10","guid":{"rendered":"https:\/\/www.europesays.com\/pl\/465045\/"},"modified":"2026-05-31T10:18:10","modified_gmt":"2026-05-31T10:18:10","slug":"izrael-uderza-na-hezbollah-ze-zdwojona-sila-jest-rozszerzenie-operacji-w-libanie","status":"publish","type":"post","link":"https:\/\/www.europesays.com\/pl\/465045\/","title":{"rendered":"Izrael uderza na Hezbollah ze zdwojon\u0105 si\u0142\u0105. Jest rozszerzenie operacji w Libanie"},"content":{"rendered":"<p>Armia Izraela &#8222;przekroczy\u0142a Litani i rozszerzy\u0142a swoje dzia\u0142ania przeciwko celom Hezbollahu na p\u00f3\u0142noc od rzeki. Operacja rozszerza si\u0119 na inne obszary&#8221; \u2014 napisano na X.<\/p>\n<p>Wojsko przekaza\u0142o, \u017ce kilka dni wcze\u015bniej rozpocz\u0119\u0142o dzia\u0142ania w rejonach wzg\u00f3rza Beaufort i miejscowo\u015bci Wadi al-Saluki na po\u0142udniu Libanu. Ich celem jest &#8222;likwidacja infrastruktury terrorystycznej, eliminacja terroryst\u00f3w oraz usuni\u0119cie bezpo\u015brednich zagro\u017ce\u0144 dla izraelskich cywil\u00f3w&#8221;.<\/p>\n<p> Dalszy ci\u0105g artyku\u0142u pod materia\u0142em wideo Izrael wkroczy\u0142 na strategiczne wzg\u00f3rze. Armia zaj\u0119\u0142a zamek krzy\u017cowc\u00f3w<\/p>\n<p>Rzecznik izraelskiej armii Awiczaj Adrai poinformowa\u0142, \u017ce \u017co\u0142nierze zaj\u0119li strategicznie po\u0142o\u017cone wzg\u00f3rze, na kt\u00f3rym znajduje si\u0119 zamek Beaufort, wzniesiony w XII w. przez krzy\u017cowc\u00f3w. Na platformie X opublikowa\u0142 zdj\u0119cie przedstawiaj\u0105ce izraelskich \u017co\u0142nierzy przed zamkiem. Izrael kontrolowa\u0142 t\u0119 twierdz\u0119 przez 18 lat po jej zdobyciu podczas wojny liba\u0144skiej, a\u017c do wycofania wojsk z Libanu w 2000 r.<\/p>\n<p>      Rozejm trwa jedynie formalnie. Obie strony oskar\u017caj\u0105 si\u0119 nawzajem o jego \u0142amanie<\/p>\n<p>W pi\u0105tek premier Izraela Benjamin Netanjahu poinformowa\u0142, \u017ce izraelskie wojska przekroczy\u0142y rzek\u0119 Litani, oko\u0142o 30 km na p\u00f3\u0142noc od granicy z pa\u0144stwem \u017cydowskim. Wcze\u015bniej szef izraelskiego rz\u0105du o\u015bwiadczy\u0142, \u017ce znaczna cz\u0119\u015b\u0107 po\u0142udniowego Libanu sta\u0142a si\u0119 &#8222;stref\u0105 walk&#8221;. Premier Libanu Nawaf Salam oskar\u017cy\u0142 w sobot\u0119 Izrael o prowadzenie wobec jego kraju polityki spalonej ziemi i odpowiedzialno\u015bci zbiorowej.<\/p>\n<p>Od 16 kwietnia w Libanie formalnie obowi\u0105zuje rozejm, og\u0142oszony przez USA. Izrael i Hezbollah oskar\u017caj\u0105 si\u0119 jednak wzajemnie o jego \u0142amanie i kontynuuj\u0105 niemal codzienne ataki.<\/p>\n<p>W\u0142adze Izraela deklaruj\u0105, \u017ce nasilenie ofensywy jest reakcj\u0105 na coraz cz\u0119stsze ataki dron\u00f3w Hezbollahu. Wed\u0142ug relacji medi\u00f3w w ostatnim czasie izraelska armia ka\u017cdej nocy zestrzeliwa\u0142a ponad 100 bezza\u0142ogowc\u00f3w.<\/p>\n<p>Wed\u0142ug w\u0142adz liba\u0144skich, cytowanych przez AFP, od pocz\u0105tku konfliktu w wyniku izraelskich atak\u00f3w zgin\u0119\u0142o 3 371 os\u00f3b, a ponad milion mieszka\u0144c\u00f3w zosta\u0142o zmuszonych do opuszczenia swoich dom\u00f3w.<\/p>\n","protected":false},"excerpt":{"rendered":"Armia Izraela &#8222;przekroczy\u0142a Litani i rozszerzy\u0142a swoje dzia\u0142ania przeciwko celom Hezbollahu na p\u00f3\u0142noc od rzeki. Operacja rozszerza si\u0119&hellip;\n","protected":false},"author":2,"featured_media":465046,"comment_status":"","ping_status":"","sticky":false,"template":"","format":"standard","meta":{"footnotes":"","_share_on_mastodon":"0"},"categories":[14],"tags":[905,61195,32,33,27,3660,91,34,35,3659,28,31,48,25,46,40,41,47,80,29,30,26,82,83,84],"class_list":["post-465045","post","type-post","status-publish","format-standard","has-post-thumbnail","category-swiat","tag-bliski_wschod","tag-bottomfeed_styl","tag-breaking-news","tag-breakingnews","tag-headlines","tag-hezbollah","tag-izrael","tag-latest-news","tag-latestnews","tag-liban","tag-naglowki","tag-najwazniejsze-artykuly","tag-nat_styl","tag-news","tag-omp","tag-polish","tag-polski","tag-screening_general","tag-swiat","tag-top-stories","tag-topstories","tag-wiadomosci","tag-world","tag-world-news","tag-worldnews"],"share_on_mastodon":{"url":"https:\/\/pubeurope.com\/@pl\/116668681742448614","error":""},"_links":{"self":[{"href":"https:\/\/www.europesays.com\/pl\/wp-json\/wp\/v2\/posts\/465045","targetHints":{"allow":["GET"]}}],"collection":[{"href":"https:\/\/www.europesays.com\/pl\/wp-json\/wp\/v2\/posts"}],"about":[{"href":"https:\/\/www.europesays.com\/pl\/wp-json\/wp\/v2\/types\/post"}],"author":[{"embeddable":true,"href":"https:\/\/www.europesays.com\/pl\/wp-json\/wp\/v2\/users\/2"}],"replies":[{"embeddable":true,"href":"https:\/\/www.europesays.com\/pl\/wp-json\/wp\/v2\/comments?post=465045"}],"version-history":[{"count":0,"href":"https:\/\/www.europesays.com\/pl\/wp-json\/wp\/v2\/posts\/465045\/revisions"}],"wp:featuredmedia":[{"embeddable":true,"href":"https:\/\/www.europesays.com\/pl\/wp-json\/wp\/v2\/media\/465046"}],"wp:attachment":[{"href":"https:\/\/www.europesays.com\/pl\/wp-json\/wp\/v2\/media?parent=465045"}],"wp:term":[{"taxonomy":"category","embeddable":true,"href":"https:\/\/www.europesays.com\/pl\/wp-json\/wp\/v2\/categories?post=465045"},{"taxonomy":"post_tag","embeddable":true,"href":"https:\/\/www.europesays.com\/pl\/wp-json\/wp\/v2\/tags?post=465045"}],"curies":[{"name":"wp","href":"https:\/\/api.w.org\/{rel}","templated":true}]}}