{"id":465260,"date":"2026-05-31T12:45:11","date_gmt":"2026-05-31T12:45:11","guid":{"rendered":"https:\/\/www.europesays.com\/pl\/465260\/"},"modified":"2026-05-31T12:45:11","modified_gmt":"2026-05-31T12:45:11","slug":"robert-biedron-starl-sie-z-bartlomiejem-pejo-pan-sie-poducz-troche","status":"publish","type":"post","link":"https:\/\/www.europesays.com\/pl\/465260\/","title":{"rendered":"Robert Biedro\u0144 star\u0142 si\u0119 z Bart\u0142omiejem Pejo. &#8222;Pan si\u0119 poducz troch\u0119&#8221;"},"content":{"rendered":"<p>W pi\u0105tek <a href=\"https:\/\/www.onet.pl\/informacje\/onetwiadomosci\/ustawa-o-statusie-osoby-najblizszej-jest-decyzja-sejmu\/ttvhz2w,79cfc278\" id=\"9f75a14c-70b5-4b05-b0ce-7dfcc2afcdde\" rel=\"nofollow noopener\" target=\"_blank\">Sejm uchwali\u0142 ustaw\u0119 o statusie osoby najbli\u017cszej w zwi\u0105zku i umowie o wsp\u00f3lnym po\u017cyciu.<\/a> Ze strony Kancelarii Prezydenta ju\u017c pojawi\u0142a si\u0119 deklaracja, \u017ce Karol Nawrocki nie zgodzi si\u0119 na legalizacj\u0119 zwi\u0105zk\u00f3w partnerskich. Kwestia ta by\u0142a tematem dyskusji go\u015bci Andrzeja Stankiewicza w programie &#8222;7. dzie\u0144 tygodnia&#8221;.<\/p>\n<p>Pierwszy o g\u0142os poproszony zosta\u0142 Robert Biedro\u0144. Polityk Lewicy zaznaczy\u0142, \u017ce chcia\u0142by si\u0119 spotka\u0107 w tej sprawie z prezydentem. \u2014 Mam nadziej\u0119, \u017ce prezydent b\u0119dzie otwarty na argumenty [&#8230;] Pan prezydent mo\u017ce sobie wetowa\u0107, ale tej mi\u0142o\u015bci ludzi nie da si\u0119 zakaza\u0107, oni nadal b\u0119d\u0105 w takich zwi\u0105zkach, oni \u017cyj\u0105 w Polsce \u2014 m\u00f3wi\u0142. Jego wypowied\u017a w pewnym momencie przerwali Bart\u0142omiej Pejo z Konfederacji i Marcin Hora\u0142a z PiS. \u2014 Nikt tego nie zakazuje \u2014 wskazali.<\/p>\n<p>\u2014 O, si\u0119 odezwali \u2014 zareagowa\u0142 Biedro\u0144. \u2014 No ale \u017cyj\u0105 \u2014 us\u0142ysza\u0142 w odpowiedzi.<\/p>\n<p>Starcie w studiu. &#8222;Pan si\u0119 poducz troch\u0119&#8221;<\/p>\n<p>Polityk Lewicy kontynuowa\u0142 wypowied\u017a, zaznaczaj\u0105c, \u017ce osoby w zwi\u0105zkach homoseksualnych chc\u0105, by ich sprawy zosta\u0142y rozwi\u0105zane. \u2014 Mo\u017ce porozmawiajmy o tych sprawach \u2014 ponownie przerwali mu politycy opozycji.<\/p>\n<p>Biedro\u0144 wyja\u015bni\u0142, wyra\u017anie wzburzony, \u017ce chodzi m.in. o kwestie medyczne. \u2014 Je\u015bli m\u00f3j partner trafi do szpitala, ja nie mog\u0119 decydowa\u0107 o jego \u017cyciu i zdrowiu \u2014 m\u00f3wi\u0142. \u2014 Oczywi\u015bcie, \u017ce pan mo\u017ce, na podstawie upowa\u017cnienia \u2014 odpowiedzia\u0142 mu Pejo.<\/p>\n<p>\u2014 Nie ma czego\u015b takiego \u2014 chcia\u0142 wtr\u0105ci\u0107 Biedro\u0144. Polityk Konfederacji m\u00f3wi\u0142 jednak dalej. Wskaza\u0142, \u017ce sam jest upowa\u017cniony do dost\u0119pu do danych medycznych kilku os\u00f3b. \u2014 I to jest ta dyskusja \u2014 skwitowa\u0142 Biedro\u0144, t\u0142umacz\u0105c, \u017ce upowa\u017cnienie trzeba przyzna\u0107 za ka\u017cdym razem, a nie ma upowa\u017cnienia na ca\u0142e \u017cycie. \u2014 Panie, pan si\u0119 poducz troch\u0119, bo ja ju\u017c mam do\u015b\u0107 tej dyskusji bez argument\u00f3w \u2014 zwr\u00f3ci\u0142 si\u0119 do pos\u0142a Konfederacji.<\/p>\n<p>\u2014 Pan si\u0119 poducz, bo oczywi\u015bcie taka mo\u017cliwo\u015b\u0107 jest \u2014 odpowiedzia\u0142 mu Pejo.<\/p>\n","protected":false},"excerpt":{"rendered":"W pi\u0105tek Sejm uchwali\u0142 ustaw\u0119 o statusie osoby najbli\u017cszej w zwi\u0105zku i umowie o wsp\u00f3lnym po\u017cyciu. Ze strony&hellip;\n","protected":false},"author":2,"featured_media":465261,"comment_status":"","ping_status":"","sticky":false,"template":"","format":"standard","meta":{"footnotes":"","_share_on_mastodon":"0"},"categories":[12],"tags":[6774,24620,61195,32,33,36,37,27,43,49,34,35,28,31,48,25,46,42,38,40,39,41,12773,47,29,30,26,8646],"class_list":["post-465260","post","type-post","status-publish","format-standard","has-post-thumbnail","category-polska","tag-7_dzien_tygodnia","tag-bartlomiej_pejo","tag-bottomfeed_styl","tag-breaking-news","tag-breakingnews","tag-featured-news","tag-featurednews","tag-headlines","tag-karol_nawrocki","tag-kraj","tag-latest-news","tag-latestnews","tag-naglowki","tag-najwazniejsze-artykuly","tag-nat_styl","tag-news","tag-omp","tag-pl","tag-poland","tag-polish","tag-polska","tag-polski","tag-robert_biedron","tag-screening_general","tag-top-stories","tag-topstories","tag-wiadomosci","tag-zwiazki_partnerskie"],"share_on_mastodon":{"url":"https:\/\/pubeurope.com\/@pl\/116669259979968341","error":""},"_links":{"self":[{"href":"https:\/\/www.europesays.com\/pl\/wp-json\/wp\/v2\/posts\/465260","targetHints":{"allow":["GET"]}}],"collection":[{"href":"https:\/\/www.europesays.com\/pl\/wp-json\/wp\/v2\/posts"}],"about":[{"href":"https:\/\/www.europesays.com\/pl\/wp-json\/wp\/v2\/types\/post"}],"author":[{"embeddable":true,"href":"https:\/\/www.europesays.com\/pl\/wp-json\/wp\/v2\/users\/2"}],"replies":[{"embeddable":true,"href":"https:\/\/www.europesays.com\/pl\/wp-json\/wp\/v2\/comments?post=465260"}],"version-history":[{"count":0,"href":"https:\/\/www.europesays.com\/pl\/wp-json\/wp\/v2\/posts\/465260\/revisions"}],"wp:featuredmedia":[{"embeddable":true,"href":"https:\/\/www.europesays.com\/pl\/wp-json\/wp\/v2\/media\/465261"}],"wp:attachment":[{"href":"https:\/\/www.europesays.com\/pl\/wp-json\/wp\/v2\/media?parent=465260"}],"wp:term":[{"taxonomy":"category","embeddable":true,"href":"https:\/\/www.europesays.com\/pl\/wp-json\/wp\/v2\/categories?post=465260"},{"taxonomy":"post_tag","embeddable":true,"href":"https:\/\/www.europesays.com\/pl\/wp-json\/wp\/v2\/tags?post=465260"}],"curies":[{"name":"wp","href":"https:\/\/api.w.org\/{rel}","templated":true}]}}