{"id":465452,"date":"2026-05-31T15:05:08","date_gmt":"2026-05-31T15:05:08","guid":{"rendered":"https:\/\/www.europesays.com\/pl\/465452\/"},"modified":"2026-05-31T15:05:08","modified_gmt":"2026-05-31T15:05:08","slug":"warszawa-zatanczyla-pod-kula-disco-relacja-z-orange-warsaw-festival-2026","status":"publish","type":"post","link":"https:\/\/www.europesays.com\/pl\/465452\/","title":{"rendered":"Warszawa zata\u0144czy\u0142a pod kul\u0105 disco. Relacja z Orange Warsaw Festival 2026"},"content":{"rendered":"<p><a name=\"eztoc26244900_0_9\" id=\"eztoc26244900_0_9\"\/>Relacja z Orange Warsaw Festival 2026<\/p>\n<p>Na ten weekend rokrocznie czekaj\u0105 tysi\u0105ce fan\u00f3w muzyki w Polsce. Mo\u017cna \u015bmia\u0142o powiedzie\u0107, \u017ce Orange Warsaw Festival 2026 spe\u0142ni\u0142 oczekiwania i po raz kolejny udowodni\u0142, \u017ce jest jednym z najmocniejszych punkt\u00f3w na festiwalowej mapie Polski, a tak\u017ce tej cz\u0119\u015bci Europy. O lepszym otwarciu sezonu festiwalowego chyba nie mo\u017cna by\u0142o marzy\u0107, a Radio ZET ponownie by\u0142o cz\u0119\u015bci\u0105 tego wyj\u0105tkowego wydarzenia.<\/p>\n<p>Dwa dni pe\u0142ne muzyki, emocji i spotka\u0144 z artystami z r\u00f3\u017cnych muzycznych \u015bwiat\u00f3w. Na Torze Wy\u015bcig\u00f3w Konnych S\u0142u\u017cewiec nie brakowa\u0142o \u015bwietnych koncert\u00f3w. Dwie sceny, kilkunastu wykonawc\u00f3w i tysi\u0105ce widz\u00f3w. Ka\u017cdy m\u00f3g\u0142 znale\u017a\u0107 tu co\u015b dla siebie, a kolorowe outfity, bieganie mi\u0119dzy scenami i szerokie u\u015bmiechy festiwalowicz\u00f3w najlepiej pokazywa\u0142y atmosfer\u0119, jaka 29 i 30 maja panowa\u0142a na OWF 2026.<\/p>\n<p>G\u0142\u00f3wn\u0105 scen\u0119 festiwalu, kt\u00f3ra by\u0142a p\u00f3\u017aniej \u015bwiadkiem wielu \u015bwietnych wyst\u0119p\u00f3w, otworzy\u0142 nie byle kto, bo jedna z najwa\u017cniejszych postaci w historii polskiego hip-hopu,\u00a0Pezet. Wielkich hit\u00f3w nie brakowa\u0142o, go\u015bci specjalnych r\u00f3wnie\u017c &#8211; w pewnym momencie u boku rapera pojawi\u0142a si\u0119 bij\u0105ca obecnie rekordy popularno\u015bci,\u00a0Livka. Wsp\u00f3lnie wykonali dobrze znany z naszej anteny przeb\u00f3j \u201eObejmuj\u0119 nocy\u201d. To by\u0142 jednak dopiero pocz\u0105tek festiwalowych emocji dla 23-latki, kt\u00f3ra kilka godzin p\u00f3\u017aniej da\u0142a \u015bwietny koncert na mniejszej scenie.<\/p>\n<p>        <a name=\"eztoc26244900_0_10\" id=\"eztoc26244900_0_10\"\/>Lewis Capaldi i Dominic Fike na Orange Warsaw Festival 2026<\/p>\n<p>Tego wieczoru na Orange Main Stage ka\u017cdy z artyst\u00f3w zabra\u0142 publiczno\u015b\u0107 do zupe\u0142nie innego \u015bwiata. TV Girl przenie\u015bli festiwalowicz\u00f3w do swojego indie-popowego uniwersum. By\u0142o lekko, nostalgicznie i bez po\u015bpiechu. P\u00f3\u017aniej przysz\u0142a pora na prawdziwy wybuch energii. Dominic Fike zagra\u0142 sw\u00f3j jedyny koncert w Europie w tym roku i bez w\u0105tpienia by\u0142 to jeden z najmocniejszych wyst\u0119p\u00f3w ca\u0142ego festiwalu. Na scenie nie brakowa\u0142o punkowej energii, spontaniczno\u015bci i szalonych moment\u00f3w. W pewnym momencie artysta otrzyma\u0142 od fan\u00f3w koszulk\u0119 z napisem \u201eKocham polskie dziewczyny\u201d, kt\u00f3r\u0105 natychmiast za\u0142o\u017cy\u0142, wywo\u0142uj\u0105c ogromny entuzjazm t\u0142umu.\u00a0Lewis Capaldi udowodni\u0142, dlaczego jest jednym z najbardziej lubianych artyst\u00f3w swojego pokolenia. Gdy wybrzmia\u0142y \u201eSomeone You Loved\u201d czy \u201eBefore You Go\u201d, pod scen\u0105 nie brakowa\u0142o wzrusze\u0144, a niejednej osobie zakr\u0119ci\u0142a si\u0119 \u0142za w oku. Brytyjczyk doskonale wie, jak poruszy\u0107 publiczno\u015b\u0107, ale jego ogromn\u0105 si\u0142\u0105 jest r\u00f3wnie\u017c nietuzinkowe poczucie humoru. Mi\u0119dzy utworami nie brakowa\u0142o \u017cart\u00f3w, spontanicznych komentarzy i rozm\u00f3w z fanami, dzi\u0119ki czemu przez ca\u0142y koncert panowa\u0142a wyj\u0105tkowo bliska atmosfera. Tak to si\u0119 robi!<\/p>\n<p>Wiele ciekawych rzeczy dzia\u0142o si\u0119 tego dnia tak\u017ce na Warsaw Stage. Pojawi\u0142a si\u0119 tam nie tylko wspomniana ju\u017c wcze\u015bniej\u00a0Livka, ale r\u00f3wnie\u017c m.in. duet si\u00f3str\u00a0Sarah Julia. Zesp\u00f3\u0142 otworzy\u0142 ca\u0142\u0105 tegoroczn\u0105 edycj\u0119, a ich wyst\u0119p by\u0142 pe\u0142en folkowej wra\u017cliwo\u015bci, harmonii i ciep\u0142a. Chwil\u0119 p\u00f3\u017aniej publiczno\u015b\u0107 mog\u0142a pozna\u0107 Alessi Rose, jedn\u0105 z najciekawszych wschodz\u0105cych gwiazd brytyjskiego popu. Zupe\u0142nie inny klimat zaproponowa\u0142a\u00a0Kasia Lins. \u015awie\u017co po wielkim triumfie na Fryderykach wokalistka zabra\u0142a s\u0142uchaczy do mrocznego, intryguj\u0105cego \u015bwiata inspirowanego tw\u00f3rczo\u015bci\u0105 Grzegorza Ciechowskiego.<\/p>\n<p>Czy da\u0142o si\u0119 przebi\u0107 tak udany pierwszy dzie\u0144 Orange Warsaw Festival? Jak si\u0119 okaza\u0142o &#8211; jak najbardziej. W sobot\u0119 Tor Wy\u015bcig\u00f3w Konnych S\u0142u\u017cewiec ponownie wype\u0142ni\u0142 si\u0119 tysi\u0105cami fan\u00f3w, a wielu z nich czeka\u0142o przede wszystkim na wyst\u0119p jednej z najbardziej intryguj\u0105cych postaci wsp\u00f3\u0142czesnego popu.<\/p>\n<p>Zanim jednak przysz\u0142a pora na najwi\u0119ksze gwiazdy wieczoru, Orange Main Stage przej\u0105\u0142 Jan-rapowanie. Polski raper od pierwszych minut postawi\u0142 na energi\u0119 i \u015bwietny kontakt z publiczno\u015bci\u0105, skutecznie rozgrzewaj\u0105c wszystkich przed tym, co mia\u0142o dopiero nadej\u015b\u0107.<\/p>\n<p>P\u00f3\u017aniej scen\u0105 zaw\u0142adn\u0105\u0142 Blood Orange, czyli Devont\u00e9 Hynes &#8211; artysta, kt\u00f3ry od lat wymyka si\u0119 gatunkowym szufladkom. Funk, jazz, R&amp;B i alternatywa znakomicie si\u0119 tu przenika\u0142y, tworz\u0105c momentami wr\u0119cz hipnotyzuj\u0105c\u0105 muzyczn\u0105 podr\u00f3\u017c. To by\u0142 koncert dla tych, kt\u00f3rzy w muzyce szukaj\u0105 nieoczywisto\u015bci.<\/p>\n<p>Koncert FKA twigs to jeden z tych moment\u00f3w, kt\u00f3re uczestnicy OWF 2026 b\u0119d\u0105 wspomina\u0107 jeszcze przez d\u0142ugi czas. Brytyjska artystka zaprezentowa\u0142a widowisko dopracowane w najdrobniejszych szczeg\u00f3\u0142ach &#8211; balansuj\u0105ce mi\u0119dzy zmys\u0142owo\u015bci\u0105, prowokacj\u0105 i eksplozj\u0105 energii. Spokojniejsze momenty przeplata\u0142y si\u0119 z tanecznymi sekwencjami pe\u0142nymi ekspresji, niezwyk\u0142ej sensualnej atmosfery i teatralnego rozmachu, tworz\u0105c spektakl, od kt\u00f3rego trudno by\u0142o oderwa\u0107 wzrok.<\/p>\n<p><a name=\"eztoc26244900_0_11\" id=\"eztoc26244900_0_11\"\/>Olivia Dean zaczarowa\u0142a Warszaw\u0119<\/p>\n<p>Ale chyba mo\u017cemy wszyscy przyzna\u0107 jedno &#8211; wielu festiwalowicz\u00f3w czeka\u0142o przede wszystkim na Olivi\u0119 Dean. Jedna z najciekawszych artystek m\u0142odego pokolenia udowodni\u0142a, dlaczego w ostatnich latach zachwyca publiczno\u015b\u0107 nie tylko w Wielkiej Brytanii, ale i na ca\u0142ym \u015bwiecie.<\/p>\n<p>Od pierwszych minut zabra\u0142a publiczno\u015b\u0107 do swojego soulowego retro \u015bwiata, w kt\u00f3rym najwa\u017cniejsze s\u0105 emocje, autentyczno\u015b\u0107 i dobra energia. Przez ca\u0142y koncert nie schodzi\u0142 jej z twarzy u\u015bmiech. Dean biega\u0142a od jednego ko\u0144ca sceny do drugiego, nieustannie nawi\u0105zuj\u0105c kontakt z publiczno\u015bci\u0105 i zachwycaj\u0105c si\u0119 energi\u0105 polskich fan\u00f3w. Lekko\u015b\u0107, subtelno\u015b\u0107 i naturalna charyzma Brytyjki naprawd\u0119 robi\u0105 wra\u017cenie.<\/p>\n<p>Sekcja d\u0119ta, ch\u00f3rki i \u015bwietnie zaaran\u017cowane utwory sprawi\u0142y, \u017ce ka\u017cda piosenka brzmia\u0142a jeszcze pe\u0142niej ni\u017c na p\u0142ycie. Gdy wybrzmia\u0142y \u201eMan I Need\u201d, \u201eNice To Each Other\u201d czy \u201eSo Easy To Fall In Love\u201d, spod sceny natychmiast da\u0142o si\u0119 us\u0142ysze\u0107 g\u0142o\u015bny \u015bpiew i entuzjastyczne okrzyki. To by\u0142 jeden z tych koncert\u00f3w, podczas kt\u00f3rych na chwil\u0119 zapomina si\u0119 o ca\u0142ym \u015bwiecie.<\/p>\n<p>Radio ZET mia\u0142o okazj\u0119 spotka\u0107 si\u0119 z Olivi\u0105 Dean podczas Orange Warsaw Festival 2026. Jako jedyne polskie medium przeprowadzili\u015bmy z artystk\u0105 wywiad, kt\u00f3rego fragmenty ju\u017c wkr\u00f3tce b\u0119dzie mo\u017cna us\u0142ysze\u0107 na naszej antenie i znale\u017a\u0107 na naszej stronie internetowej.<\/p>\n<p>R\u00f3wnie ciekawie by\u0142o w sobot\u0119 na Warsaw Stage.\u00a0Ganna zachwyci\u0142a publiczno\u015b\u0107 oryginalnym widowiskiem \u0142\u0105cz\u0105cym nowoczesn\u0105 elektronik\u0119 z ukrai\u0144skim folklorem, a Daniel Godson udowodni\u0142, \u017ce jest jednym z ciekawszych m\u0142odych artyst\u00f3w na polskiej scenie, p\u0142ynnie mieszaj\u0105c pop, R&amp;B i soul.\u00a0Nie zabrak\u0142o te\u017c mocnego hip-hopowego akcentu.\u00a0Sok\u00f3\u0142 po raz kolejny potwierdzi\u0142 status legendy polskiego rapu, a bbno$ zamieni\u0142 sw\u00f3j koncert w prawdziwe szalone show. Jednym z najpi\u0119kniejszych moment\u00f3w ca\u0142ego festiwalu okaza\u0142 si\u0119 go\u015bcinny wyst\u0119p Bedoesa oraz podopiecznych Fundacji Cancer Fighters, kt\u00f3rzy wsp\u00f3lnie wykonali utw\u00f3r \u201eCi\u0105gle tutaj jestem (diss na raka)\u201d.<\/p>\n<p>        <a name=\"eztoc26244900_0_12\" id=\"eztoc26244900_0_12\"\/>Strefa Radia ZET na Orange Warsaw Festival 2026<\/p>\n<p>Orange Warsaw Festival nie m\u00f3g\u0142by si\u0119 odby\u0107 bez ekipy Radia ZET! Nasza kultowa ju\u017c czerwona strefa ponownie przyci\u0105ga\u0142a t\u0142umy festiwalowicz\u00f3w, kt\u00f3rzy mi\u0119dzy koncertami mogli z\u0142apa\u0107 chwil\u0119 oddechu, zrobi\u0107 pami\u0105tkowe zdj\u0119cie i poczu\u0107 wyj\u0105tkow\u0105 festiwalow\u0105 atmosfer\u0119.<\/p>\n<p>W tym roku postawili\u015bmy na blask i klimat rodem z parkiet\u00f3w disco. Mn\u00f3stwo b\u0142yszcz\u0105cych kul i pi\u0119kne dekoracje sprawia\u0142y, \u017ce szczeg\u00f3lnie po zmroku strefa Radia ZET prezentowa\u0142a si\u0119 naprawd\u0119 wyj\u0105tkowo. Nie brakowa\u0142o te\u017c ch\u0119tnych do odwiedzenia naszego mobilnego studia i podejrzenia, jak od kuchni wygl\u0105da praca radiowc\u00f3w podczas jednego z najwi\u0119kszych festiwali muzycznych w Polsce.<\/p>\n<p>Du\u017cym zainteresowaniem cieszy\u0142a si\u0119 r\u00f3wnie\u017c nasza specjalna\u00a0tablica z pytaniem \u201eWhat Makes You Shine?\u201d. Festiwalowicze mogli zostawia\u0107 na niej swoje odpowiedzi, dziel\u0105c si\u0119 tym, co daje im energi\u0119, inspiruje i sprawia, \u017ce mog\u0105 b\u0142yszcze\u0107 ka\u017cdego dnia. Z ka\u017cd\u0105 godzin\u0105 coraz wi\u0119cej karteczek zape\u0142nia\u0142o si\u0119 niezwykle ciekawymi refleksjami.<\/p>\n<p>Przez ca\u0142y festiwal prowadzili\u015bmy tak\u017ce specjalny program, a w naszym studiu pojawiali si\u0119 wyj\u0105tkowi go\u015bcie. Wpad\u0142 do nas mi\u0119dzy innymi Fukaj, kt\u00f3ry znalaz\u0142 chwil\u0119 na rozmow\u0119 z ekip\u0105 Radia ZET. Do tego konkursy, aktywno\u015bci i mn\u00f3stwo dobrej energii &#8211; dok\u0142adnie tak, jak przysta\u0142o na OWF.<\/p>\n<p>Jedno by\u0142o pewne &#8211; w tym roku Orange Warsaw Festival b\u0142yszcza\u0142 dos\u0142ownie i w przeno\u015bni. Kule disco mo\u017cna by\u0142o dostrzec niemal wsz\u0119dzie: w strefie Radia ZET, podczas silent disco, a nawet w oprawie koncertu Olivii Dean. Wygl\u0105da na to, \u017ce wszyscy dali si\u0119 porwa\u0107 gor\u0105czce dyskotekowej nocy.<\/p>\n<p>Za nami dwa wspania\u0142e dni pe\u0142ne muzycznych emocji, a to przecie\u017c dopiero pocz\u0105tek festiwalowego sezonu! Ju\u017c w lipcu widzimy si\u0119 na Open\u2019er Festival 2026. Do zobaczenia!<\/p>\n","protected":false},"excerpt":{"rendered":"Relacja z Orange Warsaw Festival 2026 Na ten weekend rokrocznie czekaj\u0105 tysi\u0105ce fan\u00f3w muzyki w Polsce. Mo\u017cna \u015bmia\u0142o&hellip;\n","protected":false},"author":2,"featured_media":465453,"comment_status":"","ping_status":"","sticky":false,"template":"","format":"standard","meta":{"footnotes":"","_share_on_mastodon":"0"},"categories":[51605],"tags":[6588,2921,1252,2711,42,38,40,39,41,435],"class_list":["post-465452","post","type-post","status-publish","format-standard","has-post-thumbnail","category-warszawa","tag-festiwal","tag-koncert","tag-muzyka","tag-orange","tag-pl","tag-poland","tag-polish","tag-polska","tag-polski","tag-warszawa"],"share_on_mastodon":{"url":"","error":""},"_links":{"self":[{"href":"https:\/\/www.europesays.com\/pl\/wp-json\/wp\/v2\/posts\/465452","targetHints":{"allow":["GET"]}}],"collection":[{"href":"https:\/\/www.europesays.com\/pl\/wp-json\/wp\/v2\/posts"}],"about":[{"href":"https:\/\/www.europesays.com\/pl\/wp-json\/wp\/v2\/types\/post"}],"author":[{"embeddable":true,"href":"https:\/\/www.europesays.com\/pl\/wp-json\/wp\/v2\/users\/2"}],"replies":[{"embeddable":true,"href":"https:\/\/www.europesays.com\/pl\/wp-json\/wp\/v2\/comments?post=465452"}],"version-history":[{"count":0,"href":"https:\/\/www.europesays.com\/pl\/wp-json\/wp\/v2\/posts\/465452\/revisions"}],"wp:featuredmedia":[{"embeddable":true,"href":"https:\/\/www.europesays.com\/pl\/wp-json\/wp\/v2\/media\/465453"}],"wp:attachment":[{"href":"https:\/\/www.europesays.com\/pl\/wp-json\/wp\/v2\/media?parent=465452"}],"wp:term":[{"taxonomy":"category","embeddable":true,"href":"https:\/\/www.europesays.com\/pl\/wp-json\/wp\/v2\/categories?post=465452"},{"taxonomy":"post_tag","embeddable":true,"href":"https:\/\/www.europesays.com\/pl\/wp-json\/wp\/v2\/tags?post=465452"}],"curies":[{"name":"wp","href":"https:\/\/api.w.org\/{rel}","templated":true}]}}