{"id":465545,"date":"2026-05-31T16:11:18","date_gmt":"2026-05-31T16:11:18","guid":{"rendered":"https:\/\/www.europesays.com\/pl\/465545\/"},"modified":"2026-05-31T16:11:18","modified_gmt":"2026-05-31T16:11:18","slug":"sondaz-koalicja-obywatelska-prowadzi-ale-traci-poparcie","status":"publish","type":"post","link":"https:\/\/www.europesays.com\/pl\/465545\/","title":{"rendered":"Sonda\u017c: Koalicja Obywatelska prowadzi, ale traci poparcie"},"content":{"rendered":"\n<p>&#13;<br \/>\nZ najnowszego sonda\u017cu Instytutu Pollster dla\u00a0&#8222;Super Expressu&#8221; wynika, \u017ce\u00a0gdyby wybory do\u00a0Sejmu odbywa\u0142y si\u0119 teraz, to\u00a0zwyci\u0119\u017cy\u0142aby Koalicja Obywatelska z\u00a0poparciem na\u00a0poziomie 33 proc. Cho\u0107 ugrupowanie Donalda Tuska traci w\u00a0por\u00f3wnaniu z\u00a0poprzednim badaniem 2,8 pkt proc., to\u00a0utrzymuje bezpieczn\u0105 przewag\u0119 nad Prawem i\u00a0Sprawiedliwo\u015bci\u0105. PiS uzyska\u0142oby 26,7 proc. poparcia. To\u00a0oznacza spadek o\u00a00,2 pkt proc. &#13;\n<\/p>\n<p>&#13;<br \/>\nTrzecia by\u0142aby Konfederacja z\u00a0wynikiem 13,3 proc. g\u0142os\u00f3w (wzrost o\u00a01,6 pkt proc.). Do\u00a0Sejmu dosta\u0142yby si\u0119 tak\u017ce Lewica, na\u00a0kt\u00f3r\u0105 chce g\u0142osowa\u0107 7,8 proc. respondent\u00f3w (wzrost o\u00a00,6 pkt proc.), oraz\u00a0Konfederacja Korony Polskiej z\u00a0poparciem 7\u00a0proc. ankietowanych (wzrost o\u00a01,5 pkt proc.). &#13;\n<\/p>\n<p>&#13;<br \/>\nPoza Sejmem znalaz\u0142yby si\u0119 natomiast partia Razem z\u00a0wynikiem 4,8 proc. (spadek o\u00a00,7 pkt proc.), Polskie Stronnictwo Ludowe, kt\u00f3re wskaza\u0142o 4\u00a0proc. uczestnik\u00f3w badania (bez zmian), oraz\u00a0Polska 2050 z\u00a0poparciem na\u00a0poziomie 2,7 proc. (wzrost o\u00a00,4 pkt proc.). Zaledwie 0,5 proc. badanych wskaza\u0142o inne partie (spadek o\u00a00,3 pkt proc.). &#13;\n<\/p>\n<p>&#13;<br \/>\nGdyby wyniki tego sonda\u017cu prze\u0142o\u017cy\u0107 na\u00a0miejsca w\u00a0Sejmie, Koalicja Obywatelska mia\u0142aby 188 mandat\u00f3w, Prawo i\u00a0Sprawiedliwo\u015b\u0107 \u2013\u00a0156, Konfederacja \u2013\u00a065, Konfederacja Korony Polskiej \u2013\u00a026, natomiast Lewica \u2013\u00a025. &#13;\n<\/p>\n<p>&#13;<br \/>\nSonda\u017c zosta\u0142 przeprowadzony przez Instytut Pollster dla\u00a0&#8222;Super Expressu&#8221; w\u00a0dniach 28-29 maja metod\u0105 CAWI (wywiady internetowe) na\u00a0reprezentatywnej pr\u00f3bie 1057 respondent\u00f3w. &#13;\n<\/p>\n<p>W innym sonda\u017cu KO blisko 40 proc. poparcia<\/p>\n<p>&#13;<br \/>\nW <a href=\"https:\/\/dorzeczy.pl\/kraj\/893083\/sondaz-ko-coraz-blizej-40-proc-poparcia-ale-nawet-z-lewica-nie-ma-wiekszosci.html\" rel=\"nofollow noopener\" target=\"_blank\">sonda\u017cu<\/a> Og\u00f3lnopolskiej Grupy Badawczej 38,89 proc. ankietowanych chcia\u0142oby odda\u0107 g\u0142os na\u00a0Koalicj\u0119 Obywatelsk\u0105. Drugie jest PiS z\u00a0wynikiem 27,03 proc. Trzecia Konfederacja mo\u017ce liczy\u0107 na\u00a011,76 proc. poparcia. Dalej jest formacja Grzegorza Brauna, Konfederacja Korony Polskiej, na\u00a0kt\u00f3r\u0105 zag\u0142osowa\u0142oby 9,32 respondent\u00f3w. Lewica uzyska\u0142aby 5,2 proc. poparcia. &#13;\n<\/p>\n<p>&#13;<br \/>\nCh\u0119\u0107 oddania g\u0142osu na\u00a0parti\u0119 Razem deklaruje 3,51 proc. respondent\u00f3w. PSL ma\u00a0w\u00a0tym badaniu 2,39 proc., za\u015b\u00a0Polska 2050 \u2013\u00a01,9 proc. &#13;\n<\/p>\n<p>&#13;<br \/>\nCzytaj te\u017c:<br \/><a href=\"https:\/\/dorzeczy.pl\/opinie\/894304\/bosak-odpowiada-na-propozycje-czarnka-nie-traccie-czasu.html\" rel=\"follow nofollow noopener\" data-schema=\"DORZECZY\" data-image=\"https:\/\/img.dorzeczy.pl\/_thumb\/e7\/34\/8e303ebdd556279d56d4f6f1a376.jpeg\" target=\"_blank\">Wsp\u00f3lny kandydat na\u00a0prezydenta Krakowa? Bosak do\u00a0Czarnka: Nie\u00a0tra\u0107cie czasu<\/a>Czytaj te\u017c:<br \/><a href=\"https:\/\/dorzeczy.pl\/kraj\/894388\/braun-nie-wystartuje-w-wyborach-na-prezydenta-krakowa.html\" rel=\"follow nofollow noopener\" data-schema=\"DORZECZY\" data-image=\"https:\/\/img.dorzeczy.pl\/_thumb\/5d\/0c\/1ed44e5666f9c9ae2a5498a00653.jpeg\" target=\"_blank\">Braun nie\u00a0wystartuje w\u00a0wyborach w\u00a0Krakowie. Przedstawi\u0142 swojego kandydata<\/a>&#13;<\/p>\n","protected":false},"excerpt":{"rendered":"&#13; Z najnowszego sonda\u017cu Instytutu Pollster dla\u00a0&#8222;Super Expressu&#8221; wynika, \u017ce\u00a0gdyby wybory do\u00a0Sejmu odbywa\u0142y si\u0119 teraz, to\u00a0zwyci\u0119\u017cy\u0142aby Koalicja Obywatelska&hellip;\n","protected":false},"author":2,"featured_media":465546,"comment_status":"","ping_status":"","sticky":false,"template":"","format":"standard","meta":{"footnotes":"","_share_on_mastodon":"0"},"categories":[62713],"tags":[662,1345,98,2464,1006,13518,49,4463,7797,366],"class_list":["post-465545","post","type-post","status-publish","format-standard","has-post-thumbnail","category-donald-tusk","tag-dawid-sienkowski","tag-donald-tusk","tag-dorzeczy","tag-koalicja-obywatelska","tag-konfederacja","tag-korona","tag-kraj","tag-lewica","tag-prawo-i-sprawiedliwosc","tag-sondaz"],"share_on_mastodon":{"url":"https:\/\/pubeurope.com\/@pl\/116670069866370880","error":""},"_links":{"self":[{"href":"https:\/\/www.europesays.com\/pl\/wp-json\/wp\/v2\/posts\/465545","targetHints":{"allow":["GET"]}}],"collection":[{"href":"https:\/\/www.europesays.com\/pl\/wp-json\/wp\/v2\/posts"}],"about":[{"href":"https:\/\/www.europesays.com\/pl\/wp-json\/wp\/v2\/types\/post"}],"author":[{"embeddable":true,"href":"https:\/\/www.europesays.com\/pl\/wp-json\/wp\/v2\/users\/2"}],"replies":[{"embeddable":true,"href":"https:\/\/www.europesays.com\/pl\/wp-json\/wp\/v2\/comments?post=465545"}],"version-history":[{"count":0,"href":"https:\/\/www.europesays.com\/pl\/wp-json\/wp\/v2\/posts\/465545\/revisions"}],"wp:featuredmedia":[{"embeddable":true,"href":"https:\/\/www.europesays.com\/pl\/wp-json\/wp\/v2\/media\/465546"}],"wp:attachment":[{"href":"https:\/\/www.europesays.com\/pl\/wp-json\/wp\/v2\/media?parent=465545"}],"wp:term":[{"taxonomy":"category","embeddable":true,"href":"https:\/\/www.europesays.com\/pl\/wp-json\/wp\/v2\/categories?post=465545"},{"taxonomy":"post_tag","embeddable":true,"href":"https:\/\/www.europesays.com\/pl\/wp-json\/wp\/v2\/tags?post=465545"}],"curies":[{"name":"wp","href":"https:\/\/api.w.org\/{rel}","templated":true}]}}