{"id":465560,"date":"2026-05-31T16:24:28","date_gmt":"2026-05-31T16:24:28","guid":{"rendered":"https:\/\/www.europesays.com\/pl\/465560\/"},"modified":"2026-05-31T16:24:28","modified_gmt":"2026-05-31T16:24:28","slug":"alicja-grabka-odchodzi-z-pge-budowlanych-lodz","status":"publish","type":"post","link":"https:\/\/www.europesays.com\/pl\/465560\/","title":{"rendered":"Alicja Grabka odchodzi z PGE Budowlanych \u0141\u00f3d\u017a"},"content":{"rendered":"<p>Najlepsza dru\u017cyna TAURON Ligi traci swoj\u0105 kapitan i pierwsz\u0105 rozgrywaj\u0105c\u0105. \u2013 B\u0119d\u0119 bardzo t\u0119skni\u0107 i mam nadziej\u0119, \u017ce nasze drogi jeszcze si\u0119 kiedy\u015b skrzy\u017cuj\u0105 \u2013 m\u00f3wi Alicja Grabka, kt\u00f3ra \u017cegna si\u0119 z PGE Budowlanymi \u0141\u00f3d\u017a.<\/p>\n<p>Grabka by\u0142a kapitanem dru\u017cyny, kt\u00f3ra w zako\u0144czonym sezonie zdoby\u0142a dwa trofea \u2013 TAURON Puchar Polski i mistrzostwo Polski. 28-letnia rozgrywaj\u0105ca rozegra\u0142a w TAURON Lidze 11 sezon\u00f3w, ale ten ostatni by\u0142 najlepszym w jej wykonaniu. Pi\u0119ciokrotnie by\u0142a wybierana na najlepsz\u0105 siatkark\u0119 meczu, <a href=\"https:\/\/www.tauronliga.pl\/news,nominowani-w-kategorii-siatkarka-sezonu-20252026-alicja-grabka.html\" rel=\"nofollow noopener\" target=\"_blank\">by\u0142a te\u017c nominowana na zawodniczk\u0119 sezonu<\/a>\u00a0i <a href=\"https:\/\/www.tauronliga.pl\/news,druzyna-gwiazd-sezonu-20252026-w-tauron-lidze.html\" rel=\"nofollow noopener\" target=\"_blank\">znalaz\u0142a si\u0119 w dru\u017cynie gwiazd<\/a>.<\/p>\n<p>&#8211; To zawodniczka, kt\u00f3ra rozkwit\u0142a najbardziej \u2013 twierdzi \u00a0Maciej Biernat, trener PGE Budowlanych. &#8211; Rola liderki w naszym zespole pokazuje, jak du\u017cy post\u0119p zrobi\u0142a. Gra w siatk\u00f3wk\u0119 to jedno, ale czucie grupy, zarz\u0105dzanie nie, wsparcie dla kole\u017canek to wymagaj\u0105ce zadanie i nie ka\u017cdy mo\u017ce sobie z tym poradzi\u0107.<\/p>\n<p>W swoim o\u015bwiadczeniu Grabka podzi\u0119kowa\u0142a kibicom za wsparcie, jakie otrzyma\u0142a przez dwa lata gry w \u0142\u00f3dzkiej dru\u017cynie: \u2013 Dzi\u0119kuj\u0119, \u017ce sprawili\u015bcie, \u017ce poczu\u0142am si\u0119 w waszym mie\u015bcie i klubie jak w domu. Dzi\u0119ki wam moje marzenia si\u0119 spe\u0142ni\u0142y, bo to wy nie\u015bli\u015bcie nas do z\u0142otego medalu mistrzostw Polski i do zdobycia Pucharu Polski. B\u0119d\u0119 bardzo t\u0119skni\u0107.<\/p>\n<p>Zawodniczka, kt\u00f3ra z reprezentacj\u0105 Polski przygotowuje si\u0119 do wyst\u0119p\u00f3w w Lidze Narod\u00f3w, skierowa\u0142a swoje s\u0142owa tak\u017ce do Marcina Chudzika, prezesa PGE Budowlanych: &#8211; Dzi\u0119kuj\u0119 za szans\u0119, jak\u0105 prezes mi da\u0142.<\/p>\n<p>&#13;<\/p>\n<p>Ala, przez dwa lata gry w naszych barwach zapisa\u0142a jedne z najpi\u0119kniejszych kart w historii klubu. Najpierw poprowadzi\u0142a nas do br\u0105zowego medalu mistrzostw Polski, a w minionym sezonie do zdobycia mistrzostwa kraju i Pucharu Polski. Pani Kapitan, dzi\u0119kuj\u0119, \u017ce by\u0142a\u015b cz\u0119\u015bci\u0105 PGE Budowlanych \u0141\u00f3d\u017a. Nie m\u00f3wi\u0119 \u201e\u017cegnaj\u201d, m\u00f3wi\u0119 tylko: do zobaczenia \u2013 to s\u0142owa prezesa Chudzika.<\/p>\n<p>&#13;<\/p>\n<p>Wcze\u015bniej mistrz Polski poinformowa\u0142, \u017ce z zespo\u0142u odchodz\u0105 te\u017c Bruna Honorio, Aleksandra Wenerska (obie zako\u0144czy\u0142y kariery), Paulina Damaske, Agata Milewska i Karolina Dru\u017ckowska.<\/p>\n<p><a href=\"https:\/\/www.tauronliga.pl\/news,tauron-liga-20262027-transfery-i-zmiany-w-kadrach-klubowych.html\" rel=\"nofollow noopener\" target=\"_blank\">OFICJALNA LISTA TRANFEROWA TAURON LIGI<\/a><\/p>\n<p>\t\t\t<a class=\"btn btn-default btn-back\" href=\"https:\/\/www.tauronliga.pl\/message\/section\/news.html\" rel=\"nofollow noopener\" target=\"_blank\">Powr\u00f3t do listy<\/a><\/p>\n<p>\n        Powi\u0105zane informacje\n    <\/p>\n<p>            \t\t\t\t<a href=\"https:\/\/www.tauronliga.pl\/zawodnicy\/id\/139\/tour\/50.html\" class=\"player-box-photo\" rel=\"nofollow noopener\" target=\"_blank\"><br \/>\n\t\t\t\t\t<img loading=\"lazy\" decoding=\"async\" class=\"img-responsive\" width=\"400\" height=\"400\" alt=\"\" src=\"https:\/\/www.europesays.com\/pl\/wp-content\/uploads\/2026\/05\/21._Alicja_Grabka.png\"\/><br \/>\n\t\t\t\t<\/a>\t<\/p>\n<p>            \t\t\t\t<a class=\"game-team-box-photo\" href=\"https:\/\/www.tauronliga.pl\/teams\/id\/19\/tour\/50.html\" rel=\"nofollow noopener\" target=\"_blank\"><br \/>\n\t\t\t\t\t\t\t\t\t\t\t<img loading=\"lazy\" decoding=\"async\" class=\"img-responsive\" width=\"400\" height=\"400\" src=\"https:\/\/www.europesays.com\/pl\/wp-content\/uploads\/2026\/05\/1780244668_51_logo_kompozytowe_pge.png\" alt=\"PGE Budowlani \u0141\u00f3d\u017a\"\/><br \/>\n\t\t\t\t\t\t\t\t\t<\/a>\t<\/p>\n<p>\n        POWI\u0104ZANE WIADOMO\u015aCI\n    <\/p>\n","protected":false},"excerpt":{"rendered":"Najlepsza dru\u017cyna TAURON Ligi traci swoj\u0105 kapitan i pierwsz\u0105 rozgrywaj\u0105c\u0105. \u2013 B\u0119d\u0119 bardzo t\u0119skni\u0107 i mam nadziej\u0119, \u017ce&hellip;\n","protected":false},"author":2,"featured_media":465561,"comment_status":"","ping_status":"","sticky":false,"template":"","format":"standard","meta":{"footnotes":"","_share_on_mastodon":"0"},"categories":[51608],"tags":[20441,13155,3652,4448,6243,42,38,40,39,41,6244,131,9095],"class_list":["post-465560","post","type-post","status-publish","format-standard","has-post-thumbnail","category-lodz","tag-kobiet","tag-liga","tag-lodz","tag-pilka","tag-pilka-siatkowa","tag-pl","tag-poland","tag-polish","tag-polska","tag-polski","tag-siatka","tag-siatkowka","tag-tauron"],"share_on_mastodon":{"url":"https:\/\/pubeurope.com\/@pl\/116670120810437568","error":""},"_links":{"self":[{"href":"https:\/\/www.europesays.com\/pl\/wp-json\/wp\/v2\/posts\/465560","targetHints":{"allow":["GET"]}}],"collection":[{"href":"https:\/\/www.europesays.com\/pl\/wp-json\/wp\/v2\/posts"}],"about":[{"href":"https:\/\/www.europesays.com\/pl\/wp-json\/wp\/v2\/types\/post"}],"author":[{"embeddable":true,"href":"https:\/\/www.europesays.com\/pl\/wp-json\/wp\/v2\/users\/2"}],"replies":[{"embeddable":true,"href":"https:\/\/www.europesays.com\/pl\/wp-json\/wp\/v2\/comments?post=465560"}],"version-history":[{"count":0,"href":"https:\/\/www.europesays.com\/pl\/wp-json\/wp\/v2\/posts\/465560\/revisions"}],"wp:featuredmedia":[{"embeddable":true,"href":"https:\/\/www.europesays.com\/pl\/wp-json\/wp\/v2\/media\/465561"}],"wp:attachment":[{"href":"https:\/\/www.europesays.com\/pl\/wp-json\/wp\/v2\/media?parent=465560"}],"wp:term":[{"taxonomy":"category","embeddable":true,"href":"https:\/\/www.europesays.com\/pl\/wp-json\/wp\/v2\/categories?post=465560"},{"taxonomy":"post_tag","embeddable":true,"href":"https:\/\/www.europesays.com\/pl\/wp-json\/wp\/v2\/tags?post=465560"}],"curies":[{"name":"wp","href":"https:\/\/api.w.org\/{rel}","templated":true}]}}