{"id":465763,"date":"2026-05-31T18:48:22","date_gmt":"2026-05-31T18:48:22","guid":{"rendered":"https:\/\/www.europesays.com\/pl\/465763\/"},"modified":"2026-05-31T18:48:22","modified_gmt":"2026-05-31T18:48:22","slug":"podsumowanie-sezonu-2025-2026-w-pluslidze-energa-trefl-gdansk","status":"publish","type":"post","link":"https:\/\/www.europesays.com\/pl\/465763\/","title":{"rendered":"Podsumowanie sezonu 2025\/2026 w PlusLidze: Energa Trefl Gda\u0144sk"},"content":{"rendered":"<p>Od pierwszej do przedostatniej kolejki fazy zasadniczej Energa Trefl Gda\u0144sk zajmowa\u0142 miejsce premiowane gr\u0105 w play-off. O niepowodzeniu, jakim by\u0142o zaj\u0119cie dziewi\u0105tej pozycji, zdecydowa\u0142a s\u0142aba ko\u0144c\u00f3wka \u2013 tylko dwa zwyci\u0119stwa w o\u015bmiu ostatnich seriach.<\/p>\n<p>Sezon 2024\/2025 \u2013 zako\u0144czony na 11. pozycji &#8211; by\u0142 najs\u0142abszy w historii wyst\u0119p\u00f3w Energi Trefla w PlusLidze, dlatego w zespole dosz\u0142o do zmian na kluczowej pozycji, jak\u0105 jest rozegranie. Po czterech latach z klubu odszed\u0142 Lukas Kampa, a tak\u017ce jego zmiennik Kamil Droszy\u0144ski. Karier\u0119 zako\u0144czy\u0142 Jakub Jarosz. Za prowadzenie gry mia\u0142 odpowiada\u0107 Amerykanin Joe Worsley, dla kt\u00f3rego alternatyw\u0105 by\u0142 do\u015bwiadczony Przemys\u0142aw St\u0119pie\u0144. Jak si\u0119 okaza\u0142o, wielkim wzmocnieniem by\u0142o pozyskanie Tobiasa Christiana Branda, jedno z najlepiej punktuj\u0105cych w PlusLidze.<\/p>\n<p><img decoding=\"async\" class=\"  wgimage\" src=\"https:\/\/www.europesays.com\/pl\/wp-content\/uploads\/2026\/05\/miejsca.jpg\" alt=\"\"\/><\/p>\n<p>Energa Trefl to by\u0142a dru\u017cyna w\u0142asnej hali. W Ergo Arenie wygra\u0142a dziewi\u0119\u0107 z 14 spotka\u0144, z czego siedem pocz\u0105tkowych. Gda\u0144sk\u0105 twierdz\u0119 zdoby\u0142 dopiero Indykpol AZS Olsztyn w 17 kolejce (18 stycznia), zwyci\u0119\u017caj\u0105c 3:2, a przegra\u0142 tam m.in. Aluron CMC Warta Zawiercie, p\u00f3\u017aniejszy mistrz Polski. Podopieczni trenera Mariusza Sordyla rozegrali a\u017c 11 tie-break\u00f3w (o trzy mniej od ZAKSY K\u0119dzierzyn-Ko\u017ale) \u2013 w siedmiu byli lepsi.<\/p>\n<p>Jeden punkt do szcz\u0119\u015bcia<\/p>\n<p>Opr\u00f3cz Branda wiele zale\u017ca\u0142o od Aliakseia Nasevicha. M\u0142ody atakuj\u0105cy gra\u0142 nier\u00f3wno i w ko\u0144c\u00f3wce rozgrywek wiele szans dosta\u0142 do\u015bwiadczony Damian Schulz. Nasevich by\u0142 dziesi\u0105tym zagrywaj\u0105cym w zespole i dziesi\u0105tym w PlusLidze (38 as\u00f3w), lecz jego efektywno\u015b\u0107 by\u0142a najs\u0142absza z ligowej czo\u0142\u00f3wki (-18,7 proc.). Dobrze zaprezentowali si\u0119 \u015brodkowi, na czele z Mustaph\u0105 M\u2019Baye. Po d\u0142ugiej przerwie spowodowanej wr\u00f3ci\u0142 do gry Piotr Nowakowski, dwukrotny mistrz \u015bwiata.<\/p>\n<p>Mi\u0119dzy 13. a 16. kolejk\u0105 Energa Trefl zanotowa\u0142 seri\u0119 czterech zwyci\u0119stw, by do ko\u0144ca rozgrywek wygra\u0107 tylko trzykrotnie. Wp\u0142yw na obni\u017cenie poziomu mia\u0142a choroba Worsleya, kt\u00f3ry opu\u015bci\u0142 kilka spotka\u0144.<\/p>\n<p><img decoding=\"async\" class=\"  wgimage\" src=\"https:\/\/www.europesays.com\/pl\/wp-content\/uploads\/2026\/05\/statys.jpg\" alt=\"\"\/><\/p>\n<p>Losy gry w fazie play-off rozstrzygn\u0119\u0142y si\u0119 w ko\u0144c\u00f3wce, a gda\u0144szczanom zabrak\u0142o punktu, by wyprzedzi\u0107 ZAKS\u0118 i zagra\u0107 o medale. W 26. Kolejce, rozgrywanej jako przedostatnia, wygrali ze zdegradowanym ju\u017c Steam Hemarpolem Politechnik\u0105 Cz\u0119stochowa, ale tylko 3:2. Gdyby nie to, byliby wy\u017cej w tabeli od k\u0119dzierzynian.<\/p>\n<p>Z ciekawostek warto doda\u0107, \u017ce mecz Energi Trefla z Asseco Resovi\u0105 w 15. kolejce zgromadzi\u0142 na trybunach 5800 kibic\u00f3w, co by\u0142o najlepsz\u0105 frekwencj\u0105 w sezonie 2025\/2026 w PlusLidze.<\/p>\n<p>Zmiany b\u0119d\u0105 niewielkie<\/p>\n<p>W nowym sezonie tzw. szkielet zespo\u0142u pozostaje bez zmian, bo wa\u017cne kontrakty maj\u0105 m.in. Piotr Orczyk, Nasevich, Damian Kogut i M\u2019Baye, a umowy przed\u0142u\u017cyli ju\u017c Joe Worsley i Piotr Nowakowski. Trenerem pozostaje Mariusz Sordyl, kt\u00f3ry zacz\u0105\u0142 prac\u0119 w Enerdze Treflu w 2024 roku.<\/p>\n<p><img decoding=\"async\" class=\"  wgimage\" src=\"https:\/\/www.europesays.com\/pl\/wp-content\/uploads\/2026\/05\/20260314_211342_FIG7259.jpg\" alt=\"\"\/><\/p>\n<p>\t\t\t<a class=\"btn btn-default btn-back\" href=\"https:\/\/www.plusliga.pl\/message\/section\/news.html\" rel=\"nofollow noopener\" target=\"_blank\">Powr\u00f3t do listy<\/a><\/p>\n<p>\n        Powi\u0105zane informacje\n    <\/p>\n<p>\n        POWI\u0104ZANE WIADOMO\u015aCI\n    <\/p>\n","protected":false},"excerpt":{"rendered":"Od pierwszej do przedostatniej kolejki fazy zasadniczej Energa Trefl Gda\u0144sk zajmowa\u0142 miejsce premiowane gr\u0105 w play-off. O niepowodzeniu,&hellip;\n","protected":false},"author":2,"featured_media":465764,"comment_status":"","ping_status":"","sticky":false,"template":"","format":"standard","meta":{"footnotes":"","_share_on_mastodon":"0"},"categories":[51610],"tags":[1048,4448,6243,42,6242,38,40,39,41,6244,131],"class_list":["post-465763","post","type-post","status-publish","format-standard","has-post-thumbnail","category-gdansk","tag-gdansk","tag-pilka","tag-pilka-siatkowa","tag-pl","tag-plusliga","tag-poland","tag-polish","tag-polska","tag-polski","tag-siatka","tag-siatkowka"],"share_on_mastodon":{"url":"https:\/\/pubeurope.com\/@pl\/116670687364411366","error":""},"_links":{"self":[{"href":"https:\/\/www.europesays.com\/pl\/wp-json\/wp\/v2\/posts\/465763","targetHints":{"allow":["GET"]}}],"collection":[{"href":"https:\/\/www.europesays.com\/pl\/wp-json\/wp\/v2\/posts"}],"about":[{"href":"https:\/\/www.europesays.com\/pl\/wp-json\/wp\/v2\/types\/post"}],"author":[{"embeddable":true,"href":"https:\/\/www.europesays.com\/pl\/wp-json\/wp\/v2\/users\/2"}],"replies":[{"embeddable":true,"href":"https:\/\/www.europesays.com\/pl\/wp-json\/wp\/v2\/comments?post=465763"}],"version-history":[{"count":0,"href":"https:\/\/www.europesays.com\/pl\/wp-json\/wp\/v2\/posts\/465763\/revisions"}],"wp:featuredmedia":[{"embeddable":true,"href":"https:\/\/www.europesays.com\/pl\/wp-json\/wp\/v2\/media\/465764"}],"wp:attachment":[{"href":"https:\/\/www.europesays.com\/pl\/wp-json\/wp\/v2\/media?parent=465763"}],"wp:term":[{"taxonomy":"category","embeddable":true,"href":"https:\/\/www.europesays.com\/pl\/wp-json\/wp\/v2\/categories?post=465763"},{"taxonomy":"post_tag","embeddable":true,"href":"https:\/\/www.europesays.com\/pl\/wp-json\/wp\/v2\/tags?post=465763"}],"curies":[{"name":"wp","href":"https:\/\/api.w.org\/{rel}","templated":true}]}}