{"id":465978,"date":"2026-05-31T21:41:16","date_gmt":"2026-05-31T21:41:16","guid":{"rendered":"https:\/\/www.europesays.com\/pl\/465978\/"},"modified":"2026-05-31T21:41:16","modified_gmt":"2026-05-31T21:41:16","slug":"skoki-narciarskie-orlen-cup-w-zakopanem-kil-raczka-tomasiak-i-walach-z-dubletem","status":"publish","type":"post","link":"https:\/\/www.europesays.com\/pl\/465978\/","title":{"rendered":"Skoki narciarskie. ORLEN Cup w Zakopanem: Kil, R\u0105czka, Tomasiak i Wa\u0142ach z dubletem"},"content":{"rendered":"<p>Joanna Kil, Oskar R\u0105czka, Konrad Tomasiak i Pawe\u0142 Wa\u0142ach okazali si\u0119 niepokonani podczas premierowego weekendu letniego sezonu ORLEN Cup 2026. W niedziel\u0119 na kompleksie \u015aredniej Krokwi im. Bronis\u0142awa Czecha w Zakopanem ze zwyci\u0119stw cieszyli si\u0119 r\u00f3wnie\u017c Szymon Jojko i Jakub Niemczyk.<\/p>\n<p>                            <a class=\"fancybox\" href=\"https:\/\/www.skijumping.pl\/content\/images\/news\/powieksz\/tm1107_2026-05-31_20-26-48.jpg\" data-fancybox=\"gallery37856\" data-caption=\"Pawe\u0142 Wa\u0142ach, fot. Tadeusz Mieczy\u0144ski\" rel=\"nofollow noopener\" target=\"_blank\"><img decoding=\"async\" class=\"img-responsive lazyload\" src=\"https:\/\/www.europesays.com\/pl\/wp-content\/uploads\/2026\/05\/280x190_q80_tm1107_2026-05-31_20-26-48.jpg\" alt=\"Pawe\u0142 Wa\u0142ach\" title=\"Pawe\u0142 Wa\u0142ach\"\/><\/a>Pawe\u0142 Wa\u0142ach<\/p>\n<p><a href=\"https:\/\/www.skijumping.pl\/content\/20260531_CH\u0141OPIEC_ST._rl.pdf\" rel=\"nofollow noopener\" target=\"_blank\">Ch\u0142opiec starszy (roczniki 2013 i 2014, HS70)<\/a><\/p>\n<p>Niedzielna rywalizacja nie przynios\u0142a zmian w uk\u0142adzie si\u0142 najm\u0142odszej z kategorii wiekowych. Konkurs \u201ech\u0142opc\u00f3w starszych\u201d \u2013 podobnie jak w sobot\u0119 \u2013 pad\u0142 \u0142upem Oskara R\u0105czki (KS Czarny Dunajec; 65,5 oraz 61 metr\u00f3w). Drugie i trzecie miejsce \u2013 ponownie \u2013 przypad\u0142o kolejno Janowi Malczewskiemu (KS Rutkow-ski; 61 i 62 metry) oraz Markowi Matusznemu z Wi\u015bla\u0144skiego Stowarzyszenia Sportowego (55,5 oraz 60 metr\u00f3w).<\/p>\n<p>Do konkursu przyst\u0105pi\u0142o 26 adept\u00f3w skok\u00f3w narciarskich.<\/p>\n<p>Kliknij na nazw\u0119 kategorii, aby zobaczy\u0107 protok\u00f3\u0142 z pe\u0142nymi wynikami.<\/p>\n<p><a href=\"https:\/\/www.skijumping.pl\/content\/20260531_M\u0141ODZIK_RL.pdf\" rel=\"nofollow noopener\" target=\"_blank\">M\u0142odzik (roczniki 2011 i 2012, HS70)<\/a><\/p>\n<p>Po\u015br\u00f3d \u201em\u0142odzik\u00f3w\u201d zn\u00f3w najlepiej poradzi\u0142 sobie Pawe\u0142 Wa\u0142ach. Przedstawiciel Wi\u015bla\u0144skiego Stowarzyszenia Sportowego wygra\u0142 obie serie konkursowe, skacz\u0105c 61,5 oraz 63,5 metra. Drug\u0105 lokat\u0119 wywalczy\u0142 Wojciech Rusnak (KS AZS Zakopane; 60 i 64 metry). Trzeci by\u0142 Antoni Kido\u0144 (KS Czarny Dunajec; 58,5 oraz 63,5 metra).<\/p>\n<p>Sklasyfikowano 26 zawodnik\u00f3w.<\/p>\n<p>Kliknij na nazw\u0119 kategorii, aby zobaczy\u0107 protok\u00f3\u0142 z pe\u0142nymi wynikami.<\/p>\n<p><a href=\"https:\/\/www.skijumping.pl\/content\/20260531_KOBIETY_RL.pdf\" rel=\"nofollow noopener\" target=\"_blank\">Kobiety (HS70)<\/a><\/p>\n<p>W drugim konkursie kobiet raz jeszcze bezkonkurencyjna okaza\u0142a si\u0119 kombinatorka norweska \u2013 Joanna Kil (LKS Poroniec Poronin). 25-latka l\u0105dowa\u0142a na 55. i 50. metrze. Na podium ponownie towarzyszy\u0142y jej Lena Gw\u00f3\u017ad\u017a (LKS Klimczok Bystra; 49,5 oraz 50 metr\u00f3w) i Emilia Antosz (KS Czarny Dunajec; 47,5 oraz 46,5 metra).<\/p>\n<p>Na rozbiegu pojawi\u0142o si\u0119 dziewi\u0119\u0107 skoczki\u0144.<\/p>\n<p>Kliknij na nazw\u0119 kategorii, aby zobaczy\u0107 protok\u00f3\u0142 z pe\u0142nymi wynikami.<\/p>\n<p><a href=\"https:\/\/www.skijumping.pl\/content\/20260531_junior_m\u0142._rl.pdf\" rel=\"nofollow noopener\" target=\"_blank\">Junior m\u0142odszy (roczniki 2009 i 2010, HS105)<\/a><\/p>\n<p>W gronie \u201ejunior\u00f3w m\u0142odszych\u201d dominacj\u0119 potwierdzi\u0142 Konrad Tomasiak (LKS Klimczok Bystra). 17-latek zapewni\u0142 sobie wiktori\u0119 lotami na odleg\u0142o\u015b\u0107 97,5 oraz 104 metr\u00f3w. Mi\u0142osz Malarz (KS Rutkow-ski) lata\u0142 na 93. i 101. metr, a do m\u0142odszego brata Kacpra Tomasiaka straci\u0142 dziesi\u0119\u0107 punkt\u00f3w. Najni\u017cszy stopie\u0144 podium wywalczy\u0142 Wojciech Wr\u00f3bel (SS-R LZS Sok\u00f3\u0142 Szczyrk; 93 oraz 91,5 metra).<\/p>\n<p>Wystartowa\u0142o 26 skoczk\u00f3w.<\/p>\n<p>Kliknij na nazw\u0119 kategorii, aby zobaczy\u0107 protok\u00f3\u0142 z pe\u0142nymi wynikami.<\/p>\n<p><a href=\"https:\/\/www.skijumping.pl\/content\/20260531_JUNIOR_RL.pdf\" rel=\"nofollow noopener\" target=\"_blank\">Junior (roczniki 2007 i 2008, HS105)<\/a><\/p>\n<p>W kategorii \u201ejunior\u00f3w\u201d b\u0142ysn\u0105\u0142 Jakub Niemczyk (LKS Klimczok Bystra; 96,5 oraz 98,5 metra), kt\u00f3ry o dwa i p\u00f3\u0142 punktu ogra\u0142 Micha\u0142a Obtu\u0142owicza z Klubu Sportowego Eve-nement Zakopane (93,5 oraz 101 metr\u00f3w). Czo\u0142ow\u0105 \u201e3\u201d uzupe\u0142ni\u0142 Dawid Dziobo\u0144 (KS Rutkow-ski; 95,5 oraz 98 metr\u00f3w).<\/p>\n<p>Zawody uko\u0144czy\u0142o 21 skoczk\u00f3w.<\/p>\n<p>Kliknij na nazw\u0119 kategorii, aby zobaczy\u0107 protok\u00f3\u0142 z pe\u0142nymi wynikami.<\/p>\n<p><a href=\"https:\/\/www.skijumping.pl\/content\/20260531_SENIOR_RL.pdf\" rel=\"nofollow noopener\" target=\"_blank\">Senior (rocznik 2006 i starsi, HS105)<\/a><\/p>\n<p>Z potyczki m\u0119\u017cczyzn na \u015aredniej Krokwi (HS105) tym razem zwyci\u0119sko wyszed\u0142 Szymon Jojko (KS AZS AWF Katowice; 100,5 oraz 99,5 metra). Na drugiej lokacie uplasowa\u0142 si\u0119 Mateusz Gruszka (KS AZS Zakopane; 101,5 oraz 91,5 metra) przed swoim klubowym koleg\u0105 \u2013 Marcinem Wr\u00f3blem (97 oraz 94,5 metra).<\/p>\n<p>Skaka\u0142o 19 zawodnik\u00f3w.<\/p>\n<p>Drugim oraz trzecim przystankiem letniego sezonu ORLEN Cup 2026 b\u0119dzie Szczyrk (5-6 wrze\u015bnia oraz 3-4 pa\u017adziernika). Fina\u0142 odb\u0119dzie si\u0119 w Zakopanem (16-18 pa\u017adziernika). Tytularnym sponsorem programu ORLEN Szukamy Nast\u0119pc\u00f3w Mistrza jest ORLEN S.A., natomiast organizatorem zawod\u00f3w ORLEN Cup jest Polski Zwi\u0105zek Narciarski.<\/p>\n","protected":false},"excerpt":{"rendered":"Joanna Kil, Oskar R\u0105czka, Konrad Tomasiak i Pawe\u0142 Wa\u0142ach okazali si\u0119 niepokonani podczas premierowego weekendu letniego sezonu ORLEN&hellip;\n","protected":false},"author":2,"featured_media":465979,"comment_status":"","ping_status":"","sticky":false,"template":"","format":"standard","meta":{"footnotes":"","_share_on_mastodon":"0"},"categories":[52097],"tags":[1574,1546,1557,1558,1561,1573,1571,1563,291,1553,1564,1549,1551,1543,1550,1562,1547,1565,1540,1568,774,1544,42,38,40,39,41,1554,1359,1567,1560,1559,1566,1556,1569,1539,1538,1555,1552,1541,1548,1542,1570,1572,645,1545],"class_list":["post-465978","post","type-post","status-publish","format-standard","has-post-thumbnail","category-orlen","tag-4skocznie","tag-adam","tag-adam-malysz","tag-adammalysz","tag-coc","tag-czteryskocznie","tag-fis","tag-fis-cup","tag-historia","tag-horngacher","tag-io","tag-kobayashi","tag-kraft","tag-kuba","tag-kubacki","tag-lotos-cup","tag-malysz","tag-ms","tag-narciarskie","tag-narty","tag-orlen","tag-piotrek","tag-pl","tag-poland","tag-polish","tag-polska","tag-polski","tag-polskie","tag-ranking","tag-ski-jumping","tag-skijump","tag-skijumping","tag-skoczkowie","tag-skocznia","tag-skocznie","tag-skoki","tag-skoki-narciarskie","tag-skokinarciarskie","tag-stefan","tag-stoch","tag-wellinger","tag-wolny","tag-zakopane","tag-zawody","tag-zdjecia","tag-zyla"],"share_on_mastodon":{"url":"","error":"Validation failed: Text character limit of 500 exceeded"},"_links":{"self":[{"href":"https:\/\/www.europesays.com\/pl\/wp-json\/wp\/v2\/posts\/465978","targetHints":{"allow":["GET"]}}],"collection":[{"href":"https:\/\/www.europesays.com\/pl\/wp-json\/wp\/v2\/posts"}],"about":[{"href":"https:\/\/www.europesays.com\/pl\/wp-json\/wp\/v2\/types\/post"}],"author":[{"embeddable":true,"href":"https:\/\/www.europesays.com\/pl\/wp-json\/wp\/v2\/users\/2"}],"replies":[{"embeddable":true,"href":"https:\/\/www.europesays.com\/pl\/wp-json\/wp\/v2\/comments?post=465978"}],"version-history":[{"count":0,"href":"https:\/\/www.europesays.com\/pl\/wp-json\/wp\/v2\/posts\/465978\/revisions"}],"wp:featuredmedia":[{"embeddable":true,"href":"https:\/\/www.europesays.com\/pl\/wp-json\/wp\/v2\/media\/465979"}],"wp:attachment":[{"href":"https:\/\/www.europesays.com\/pl\/wp-json\/wp\/v2\/media?parent=465978"}],"wp:term":[{"taxonomy":"category","embeddable":true,"href":"https:\/\/www.europesays.com\/pl\/wp-json\/wp\/v2\/categories?post=465978"},{"taxonomy":"post_tag","embeddable":true,"href":"https:\/\/www.europesays.com\/pl\/wp-json\/wp\/v2\/tags?post=465978"}],"curies":[{"name":"wp","href":"https:\/\/api.w.org\/{rel}","templated":true}]}}