{"id":466025,"date":"2026-05-31T22:26:16","date_gmt":"2026-05-31T22:26:16","guid":{"rendered":"https:\/\/www.europesays.com\/pl\/466025\/"},"modified":"2026-05-31T22:26:16","modified_gmt":"2026-05-31T22:26:16","slug":"omenaa-mensah-i-rafal-brzoska-nie-kryja-radosci-po-gali-zebrali-astronomiczna-sume","status":"publish","type":"post","link":"https:\/\/www.europesays.com\/pl\/466025\/","title":{"rendered":"Omenaa Mensah i Rafa\u0142 Brzoska nie kryj\u0105 rado\u015bci po gali. Zebrali astronomiczn\u0105 sum\u0119"},"content":{"rendered":"<p><a href=\"https:\/\/plejada.pl\/zdjecia-gwiazd\/top-charity-2026-malgorzata-rozenek-majdan-zachwycila-edyta-pazura-skradla-show\/r34jkxr\" id=\"35ebbd48-843c-45d5-8605-2450037d415d\" rel=\"nofollow noopener\" target=\"_blank\">W sobotni wiecz\u00f3r odby\u0142a si\u0119 pi\u0105ta edycja gali Top Charity,<\/a> kt\u00f3ra zgromadzi\u0142a plejad\u0119 gwiazd. Nast\u0119pnego dnia Omenaa Mensah i Rafa\u0142 Brzoska opublikowali wpis, w kt\u00f3rym nie kryli szcz\u0119\u015bcia, dziel\u0105c si\u0119 kolejnym sukcesem. Para podwoi\u0142a sum\u0119 zgromadzon\u0105 na cele charytatywne podczas wydarzenia, dok\u0142adaj\u0105c 10 mln euro, czyli ok. 42 mln z\u0142.<\/p>\n<blockquote class=\"ods-o-quote\">\n<p class=\"ods-o-quote__paragraph\">Tradycyjnie i oficjalnie \u2014 mamy kolejny rekord! Zebrali\u015bmy ponad 20 mln euro (ok. 85 mln z\u0142) w 90 min! Pi\u0105ta edycja Top Charity Gala. Ponad 480 przedsi\u0119biorc\u00f3w z ca\u0142ego \u015bwiata licytowa\u0142o mi\u0119dzynarodowe dzie\u0142a sztuki i wielkie emocje. Z ich licytacji zebrano prawie 10 mln euro, kt\u00f3re tradycyjnie jak co roku podwoili\u015bmy z Omenk\u0105 z prywatnego maj\u0105tku<\/p>\n<\/blockquote>\n<p>\u2014 przekazali.<\/p>\n<p> Dalszy ci\u0105g artyku\u0142u pod materia\u0142em wideo Omenaa Mensah i Rafa\u0142 Brzoska nie kryj\u0105 rado\u015bci po gali. &#8222;Mamy kolejny rekord&#8221;<\/p>\n<p>Nast\u0119pnie razem wyliczyli najdro\u017csze wylicytowane aukcje podczas wydarzenia. Rze\u017aba Krzysztofa Renesa &#8222;On, Venus, M\u0142odo\u015b\u0107&#8221; z cyklu &#8222;Universale&#8221; zosta\u0142a wylicytowana za 1,8 mln z\u0142, tygodniowy pobyt transformacyjny dla grupy 20 par darczy\u0144c\u00f3w z Ew\u0105 Chodakowsk\u0105 wyni\u00f3s\u0142 7,2 mln z\u0142, a wizyta w Stanach Zjednoczonych i spotkanie z Elonem Muskiem \u2014 2,5 mln z\u0142.<\/p>\n<blockquote class=\"ods-o-quote\">\n<p class=\"ods-o-quote__paragraph\">\u0141\u0105cznie nasza inicjatywa przekaza\u0142a ponad 230 mln z\u0142 wsparcia w ci\u0105gu pi\u0119ciu edycji. (&#8230;) Patrz\u0119 na te liczby z dum\u0105. Nie dlatego, \u017ce s\u0105 rekordowe. Ale dlatego, \u017ce za ka\u017cd\u0105 z nich stoj\u0105 ludzie, kt\u00f3rzy postanowili dzia\u0142a\u0107 i s\u0105 to przedsi\u0119biorcy!<\/p>\n<\/blockquote>\n<p>&#8222;Dzi\u0119kuj\u0119 Omence, ca\u0142emu zespo\u0142owi TOP CHARITY, partnerom, darczy\u0144com, artystom i ca\u0142ej spo\u0142eczno\u015bci, kt\u00f3ra ka\u017cdego roku wsp\u00f3\u0142tworzy t\u0119 inicjatyw\u0119. Bez Was ten rekord nigdy by si\u0119 nie wydarzy\u0142. Przysz\u0142o\u015bci nie da si\u0119 wylicytowa\u0107. Ale mo\u017cna j\u0105 wsp\u00f3lnie zbudowa\u0107&#8221; \u2014 czytamy.<\/p>\n<p>      <img decoding=\"async\" src=\"https:\/\/www.europesays.com\/pl\/wp-content\/uploads\/2026\/05\/tOVk9lBaHR0cHM6Ly9vY2RuLmV1L3B1bHNjbXMvTURBXy80OGNjZTZhOWNmZjdjNDM2NzI0NjMyNTA3YzIyNTE5MC5qcGeRlQLNB.jpeg\" height=\"800\" width=\"534\" alt=\"Rafa\u0142 Brzoska, Omenaa Mensah\" loading=\"lazy\" class=\"ods-c-image__img ods-c-image__img--vertical\"\/> <\/p>\n<p>Rafa\u0142 Brzoska, Omenaa MensahAlex Dolny, Cezary Piwowarski \/ https:\/\/omenaa-foundation_1.prowly.com\/<\/p>\n<p> Dzi\u0119kujemy, \u017ce przeczyta\u0142a\u015b\/e\u015b nasz artyku\u0142 do ko\u0144ca. W serwisie Plejada.pl ka\u017cdego dnia piszemy o najwa\u017cniejszych wydarzeniach show-biznesowych. B\u0105d\u017a na bie\u017c\u0105co!<a rel=\"nofollow noopener\" href=\"https:\/\/profile.google.com\/cp\/Cg0vZy8xMWJ6X19wdHBx\" id=\"2f85ed35-da65-426b-9851-f3d8f9f238f8\" target=\"_blank\"> Obserwuj<\/a> Plejad\u0119 w Google. Odwied\u017a nas tak\u017ce na<a rel=\"nofollow noopener\" href=\"https:\/\/www.facebook.com\/plejadapl\" id=\"0696927c-36da-45ef-b50a-9366bfb1e52a\" target=\"_blank\"> Facebooku<\/a>,<a rel=\"nofollow noopener\" href=\"https:\/\/www.instagram.com\/plejadapl\/\" id=\"c5e31fa3-b101-4be2-9d5b-8ee131cdb7c1\" target=\"_blank\"> Instagramie<\/a>,<a rel=\"nofollow noopener\" href=\"https:\/\/www.youtube.com\/c\/plejada\" id=\"42e7a91b-18e5-46e8-b660-246b7d214320\" target=\"_blank\"> YouTubie<\/a> oraz<a rel=\"nofollow noopener\" href=\"https:\/\/www.tiktok.com\/@plejada_pl\" id=\"90584d28-149a-4880-ac75-0877eac7eea7\" target=\"_blank\"> TikToku<\/a>.Chcesz podzieli\u0107 si\u0119 ciekawym newsem lub zaproponowa\u0107 temat? Skontaktuj si\u0119 z nami, pisz\u0105c maila na adres: <a rel=\"nofollow noopener\" href=\"https:\/\/www.onet.pl\/styl-zycia\/plejada\/omenaa-mensah-i-rafal-brzoska-nie-kryja-radosci-po-gali-zebrali-astronomiczna-sume\/mailto:plejada@redakcjaonet.pl\" id=\"aa9eee6b-f459-4888-8dc9-99115ec6fbba\" target=\"_blank\">plejada@redakcjaonet.pl<\/a>.<script async src=\"\/\/www.instagram.com\/embed.js\"><\/script><script async src=\"\/\/www.tiktok.com\/embed.js\"><\/script><\/p>\n","protected":false},"excerpt":{"rendered":"W sobotni wiecz\u00f3r odby\u0142a si\u0119 pi\u0105ta edycja gali Top Charity, kt\u00f3ra zgromadzi\u0142a plejad\u0119 gwiazd. Nast\u0119pnego dnia Omenaa Mensah&hellip;\n","protected":false},"author":2,"featured_media":466026,"comment_status":"","ping_status":"","sticky":false,"template":"","format":"standard","meta":{"footnotes":"","_share_on_mastodon":"0"},"categories":[22],"tags":[61195,122,48,125,1114,46,55,42,38,40,39,41,16970,123,47],"class_list":["post-466025","post","type-post","status-publish","format-standard","has-post-thumbnail","category-rozrywka","tag-bottomfeed_styl","tag-entertainment","tag-nat_styl","tag-newsy","tag-omenaa_mensah","tag-omp","tag-phx","tag-pl","tag-poland","tag-polish","tag-polska","tag-polski","tag-rafal_brzoska","tag-rozrywka","tag-screening_general"],"share_on_mastodon":{"url":"https:\/\/pubeurope.com\/@pl\/116671545157118564","error":""},"_links":{"self":[{"href":"https:\/\/www.europesays.com\/pl\/wp-json\/wp\/v2\/posts\/466025","targetHints":{"allow":["GET"]}}],"collection":[{"href":"https:\/\/www.europesays.com\/pl\/wp-json\/wp\/v2\/posts"}],"about":[{"href":"https:\/\/www.europesays.com\/pl\/wp-json\/wp\/v2\/types\/post"}],"author":[{"embeddable":true,"href":"https:\/\/www.europesays.com\/pl\/wp-json\/wp\/v2\/users\/2"}],"replies":[{"embeddable":true,"href":"https:\/\/www.europesays.com\/pl\/wp-json\/wp\/v2\/comments?post=466025"}],"version-history":[{"count":0,"href":"https:\/\/www.europesays.com\/pl\/wp-json\/wp\/v2\/posts\/466025\/revisions"}],"wp:featuredmedia":[{"embeddable":true,"href":"https:\/\/www.europesays.com\/pl\/wp-json\/wp\/v2\/media\/466026"}],"wp:attachment":[{"href":"https:\/\/www.europesays.com\/pl\/wp-json\/wp\/v2\/media?parent=466025"}],"wp:term":[{"taxonomy":"category","embeddable":true,"href":"https:\/\/www.europesays.com\/pl\/wp-json\/wp\/v2\/categories?post=466025"},{"taxonomy":"post_tag","embeddable":true,"href":"https:\/\/www.europesays.com\/pl\/wp-json\/wp\/v2\/tags?post=466025"}],"curies":[{"name":"wp","href":"https:\/\/api.w.org\/{rel}","templated":true}]}}