{"id":466336,"date":"2026-06-01T03:34:11","date_gmt":"2026-06-01T03:34:11","guid":{"rendered":"https:\/\/www.europesays.com\/pl\/466336\/"},"modified":"2026-06-01T03:34:11","modified_gmt":"2026-06-01T03:34:11","slug":"tragiczny-wypadek-17-latka-z-radomia-dwie-instytucje-badaja-sprawe","status":"publish","type":"post","link":"https:\/\/www.europesays.com\/pl\/466336\/","title":{"rendered":"Tragiczny wypadek 17-latka z Radomia. Dwie instytucje badaj\u0105 spraw\u0119"},"content":{"rendered":"<p>Sprawa badana jest dwutorowo. Prezes Urz\u0119du Transportu Kolejowego (UTK) wszcz\u0105\u0142 post\u0119powanie administracyjne wobec Kolei Mazowieckich w sprawie naruszenia przepis\u00f3w dotycz\u0105cych bezpiecze\u0144stwa. <a href=\"https:\/\/www.onet.pl\/informacje\/onetwarszawa\/wypadek-w-woli-bierwieckiej-17-letni-dominik-walczy-o-zycie\/4nhzj2b,79cfc278\" id=\"0c5d9026-0801-484e-b1b7-7efe230f0c4c\" rel=\"nofollow noopener\" target=\"_blank\">To pod poci\u0105g tego przewo\u017anika wpad\u0142 w lutym 17-latek na przystanku kolejowym w Woli Bierwieckiej<\/a> niedaleko Radomia. <\/p>\n<p>Dominik wyszed\u0142 na chwil\u0119 na peron, by pom\u00f3c przy wyniesieniu w\u00f3zka z dzieckiem. Gdy chcia\u0142 z powrotem wsi\u0105\u015b\u0107 do wagonu, poci\u0105g ju\u017c ruszy\u0142. Drzwi przyci\u0119\u0142y nastolakowi r\u0119k\u0119, ch\u0142opak wpad\u0142 pomi\u0119dzy kraw\u0119d\u017a peronu a pud\u0142o poci\u0105gu. Licealista w wypadku straci\u0142 obie nogi i cz\u0119\u015b\u0107 d\u0142oni.<\/p>\n<p> Dalszy ci\u0105g artyku\u0142u pod materia\u0142em wideo      Ponad 20 nieprawid\u0142owo\u015bci u przewo\u017anika<\/p>\n<p>Jak poinformowa\u0142 rzecznik prasowy UTK Tomasz Frankowski, w trakcie kontroli u przewo\u017anika kolejowego, stwierdzono ponad 20 nieprawid\u0142owo\u015bci. Wskazano m.in. na brak w\u0142a\u015bciwej obserwacji wymiany podr\u00f3\u017cnych przez kierownika poci\u0105gu oraz w\u0142a\u015bciwej obserwacji peronu za pomoc\u0105 kamer zewn\u0119trznych przez maszynist\u0119 w trakcie rozruchu poci\u0105gu.<\/p>\n<p>Kontrolerzy zwr\u00f3cili te\u017c uwag\u0119 na nieprawid\u0142owo\u015bci w zakresie rozm\u00f3w z wykorzystaniem urz\u0105dze\u0144 radio\u0142\u0105czno\u015bci poci\u0105gowej, brak synchronizacji urz\u0105dze\u0144 w zakresie czasu wyst\u0105pienia zdarzenia i brak w\u0142a\u015bciwego prowadzenia dokumentacji poci\u0105gowej.<\/p>\n<p>Po kontroli prezes UTK wszcz\u0105\u0142 post\u0119powanie administracyjne wobec Kolei Mazowieckich w sprawie stwierdzenia naruszenia przepis\u00f3w dotycz\u0105cych obowi\u0105zk\u00f3w przewo\u017anika kolejowego w zakresie bezpiecze\u0144stwa transportu kolejowego. Chodzi przede wszystkim o nieprawid\u0142owy nadz\u00f3r nad procesem wymiany pasa\u017cerskiej.<\/p>\n<p>Rzecznik powiedzia\u0142, \u017ce Koleje Mazowieckie wnios\u0142y zastrze\u017cenia do ustale\u0144 zawartych w protokole kontroli, jednak wi\u0119kszo\u015b\u0107 z nich nie zosta\u0142a uwzgl\u0119dniona.<\/p>\n<p>Prokuratura prowadzi \u015bledztwo<\/p>\n<p>\u015aledztwo w sprawie nieumy\u015blnego spowodowania wypadku komunikacyjnego, kt\u00f3rego skutkiem jest ci\u0119\u017cki uszczerbek na zdrowiu prowadzi r\u00f3wnolegle Prokuratura Okr\u0119gowa w Radomiu. Do tej pory nikt nie us\u0142ysza\u0142 zarzut\u00f3w.<\/p>\n<p>&#8222;Na podstawie zgromadzonego materia\u0142u prokurator niebawem podejmie kolejne decyzje procesowe. B\u0119dziemy o nich informowa\u0107 media, ze wzgl\u0119du na du\u017ce zainteresowanie opinii publicznej&#8221; \u2014 powiedzia\u0142a PAP rzeczniczka prokuratury Aneta G\u00f3\u017ad\u017a.<\/p>\n<p>\u015aledczy przes\u0142uchali ju\u017c wszystkich \u015bwiadk\u00f3w, w tym kierownika poci\u0105gu. Przeanalizowano tak\u017ce nagranie z monitoringu, na kt\u00f3rym wida\u0107, co wydarzy\u0142o si\u0119 na peronie w Woli Bierwieckiej. Prokuratura otrzyma\u0142a te\u017c wyniki wsp\u00f3lnej kontroli przeprowadzonej przez Koleje Mazowieckie i PKP Polskie Linie Kolejowe.<\/p>\n<p>17-letni Dominik przez prawie miesi\u0105c po wypadku pozostawa\u0142 w \u015bpi\u0105czce farmakologicznej, a lekarze z Wojskowego Instytutu Medycznego przy ul. Szaser\u00f3w w Warszawie walczyli o jego \u017cycie. Pod koniec kwietnia wr\u00f3ci\u0142 do domu. Teraz czeka go d\u0142uga rehabilitacja. Poniewa\u017c w wyniku wypadku straci\u0142 obie nogi i cz\u0119\u015b\u0107 d\u0142oni, konieczne b\u0119d\u0105 protezy. Ich zakup b\u0119dzie mo\u017cliwy dzi\u0119ki tysi\u0105com Polak\u00f3w, kt\u00f3rzy odwiedzili na zbi\u00f3rk\u0119 pieni\u0119dzy uruchomion\u0105 przez Fundacj\u0119 Podaruj Dobro.<\/p>\n","protected":false},"excerpt":{"rendered":"Sprawa badana jest dwutorowo. Prezes Urz\u0119du Transportu Kolejowego (UTK) wszcz\u0105\u0142 post\u0119powanie administracyjne wobec Kolei Mazowieckich w sprawie naruszenia&hellip;\n","protected":false},"author":2,"featured_media":466337,"comment_status":"","ping_status":"","sticky":false,"template":"","format":"standard","meta":{"footnotes":"","_share_on_mastodon":"0"},"categories":[12],"tags":[61195,32,33,36,37,27,363,49,34,35,28,31,48,25,46,42,38,40,39,41,1627,2913,47,29,30,26,2588],"class_list":["post-466336","post","type-post","status-publish","format-standard","has-post-thumbnail","category-polska","tag-bottomfeed_styl","tag-breaking-news","tag-breakingnews","tag-featured-news","tag-featurednews","tag-headlines","tag-kolej_pociagi_transport_kolejowy","tag-kraj","tag-latest-news","tag-latestnews","tag-naglowki","tag-najwazniejsze-artykuly","tag-nat_styl","tag-news","tag-omp","tag-pl","tag-poland","tag-polish","tag-polska","tag-polski","tag-prokuratura","tag-radom","tag-screening_general","tag-top-stories","tag-topstories","tag-wiadomosci","tag-wypadek"],"share_on_mastodon":{"url":"https:\/\/pubeurope.com\/@pl\/116672755413399253","error":""},"_links":{"self":[{"href":"https:\/\/www.europesays.com\/pl\/wp-json\/wp\/v2\/posts\/466336","targetHints":{"allow":["GET"]}}],"collection":[{"href":"https:\/\/www.europesays.com\/pl\/wp-json\/wp\/v2\/posts"}],"about":[{"href":"https:\/\/www.europesays.com\/pl\/wp-json\/wp\/v2\/types\/post"}],"author":[{"embeddable":true,"href":"https:\/\/www.europesays.com\/pl\/wp-json\/wp\/v2\/users\/2"}],"replies":[{"embeddable":true,"href":"https:\/\/www.europesays.com\/pl\/wp-json\/wp\/v2\/comments?post=466336"}],"version-history":[{"count":0,"href":"https:\/\/www.europesays.com\/pl\/wp-json\/wp\/v2\/posts\/466336\/revisions"}],"wp:featuredmedia":[{"embeddable":true,"href":"https:\/\/www.europesays.com\/pl\/wp-json\/wp\/v2\/media\/466337"}],"wp:attachment":[{"href":"https:\/\/www.europesays.com\/pl\/wp-json\/wp\/v2\/media?parent=466336"}],"wp:term":[{"taxonomy":"category","embeddable":true,"href":"https:\/\/www.europesays.com\/pl\/wp-json\/wp\/v2\/categories?post=466336"},{"taxonomy":"post_tag","embeddable":true,"href":"https:\/\/www.europesays.com\/pl\/wp-json\/wp\/v2\/tags?post=466336"}],"curies":[{"name":"wp","href":"https:\/\/api.w.org\/{rel}","templated":true}]}}