{"id":466364,"date":"2026-06-01T04:04:09","date_gmt":"2026-06-01T04:04:09","guid":{"rendered":"https:\/\/www.europesays.com\/pl\/466364\/"},"modified":"2026-06-01T04:04:09","modified_gmt":"2026-06-01T04:04:09","slug":"emmanuel-macron-reaguje-na-dzialania-izraela-w-libanie-nic-nie-usprawiedliwia-eskalacji-wiadomosci-onet","status":"publish","type":"post","link":"https:\/\/www.europesays.com\/pl\/466364\/","title":{"rendered":"Emmanuel Macron reaguje na dzia\u0142ania Izraela w Libanie. &quot;Nic nie usprawiedliwia eskalacji&quot; &#8211; Wiadomo\u015bci Onet"},"content":{"rendered":"<ol>\n<li><a href=\"https:\/\/news.google.com\/rss\/articles\/CBMipgFBVV95cUxOUnVqLVlmNTRtZkFiVjk2d0pDbExwRVFxSGdZNGY2RFhQZk9vcFFtdVBGRHduR2lpQ0JTWWQ5QXotdndXZ2lsdU0xNlNBUGJ4cHNxdlAxb2pucXhxQjg3eVRCNk9hQlRNZmNLRHVYNlhCYmUtbXh2bDZWa0RicDBZR0F0bmp0TlpSbGVlVUxoRm9mSWtOWjBEZXBTNzBHMFlHOG5vRlVR?oc=5\" target=\"_blank\" rel=\"nofollow noopener\">Emmanuel Macron reaguje na dzia\u0142ania Izraela w Libanie. &#8222;Nic nie usprawiedliwia eskalacji&#8221;<\/a>&nbsp;&nbsp;Wiadomo\u015bci Onet<\/li>\n<li><a href=\"https:\/\/news.google.com\/rss\/articles\/CBMi0AFBVV95cUxNVDBEUXlDX1JydW9lLUZiVzVvV2kzREt6TjJtTWo4OGFpeWd3YW1FZ1NZMi03Y1lsU0NkZzdOUXZUNHhaVi05S2YxUkhmcy1KQnVNUVM0RkxORmtwQzFET2NpN2NxakwySE5DQjhWUDhZR2ZReHE5WDhxLTZucFNCSUZaT0c3VWJXZUlNWFJOM3ZfZ3lpeGQ4R2d6UXBYUUxUUmtaeGpkNk82akVYT3EwSDdTcG53eUJuYWdFVktlMEUzZDhXLUhGcmp1NTIweFZm?oc=5\" target=\"_blank\" rel=\"nofollow noopener\">Flaga Izraela nad twierdz\u0105 krzy\u017cowc\u00f3w. Najg\u0142\u0119bsza ofensywa od \u0107wier\u0107 wieku<\/a>&nbsp;&nbsp;RMF24<\/li>\n<li><a href=\"https:\/\/news.google.com\/rss\/articles\/CBMinAFBVV95cUxObWdJUzhWY1JsZTY5N3A1aTBfTzdvM0VFUjc4Q05JTkRQZlFfQS1TdVhBTzlPTTN2dlNfdFN4TU1qOWFIRGxrckt0aWp2akotWnhMbW9kUDBOMGhpNFpNYXVYZVFhVFRoWWdkR3hpNV9wSHVxWEwwdV9FRzBPRnN4SDF1X0cxb3h1VUhHa2gxTHZZOUdleVF1WWpMbTM?oc=5\" target=\"_blank\" rel=\"nofollow noopener\">Izraelski nalot na po\u0142udniu Libanu. W\u0142adze o ofiarach<\/a>&nbsp;&nbsp;TVN24<\/li>\n<li><a href=\"https:\/\/news.google.com\/rss\/articles\/CBMiwgFBVV95cUxPeGVxbGdEZVRINjdYOGJpU0pFUUxKS1g0dzZGMHBjc2JBT3hsNFZfUHVOcmhfSUdZTFBtc0R0RlFCZ0VRckxlRV92WWY4NnU1RE1pTWhnbFFRdlE4R1pBN1JobnBadUpPRkRKNjJzdmtoWkh3UU1oRkNBb3hFcUVVT2hpdmo4RXVsMDFoX01uMWs0YzBYNC02ZVNvYjNaV29ZODVHcTBZTWhNQ1FMVlVDSlpqZFg2ZzREZ1VzWWJEYm0xUQ?oc=5\" target=\"_blank\" rel=\"nofollow noopener\">&#8222;Punkt zwrotny&#8221;, flaga Izraela nad twierdz\u0105 krzy\u017cowc\u00f3w. Najg\u0142\u0119bsza taka ofensywa<\/a>&nbsp;&nbsp;PolsatNews.pl<\/li>\n<li><a href=\"https:\/\/news.google.com\/rss\/articles\/CBMihwFBVV95cUxNNDhhY1BFZnNkSU9LZzE5a0VLb29rbzgyOXpHblZXNm8yT3lCYl9raTJYOTBpUFpoVktIcXdWUmRfeG5FeHhYOFNsUDU4R0RmYnhETEN2LWtJQ0Fqd09xSE9Ic2xtNUx2aURfZUNmSXNYVzlfdkN1SmZWclRiVVR6M2tFRXpyb3c?oc=5\" target=\"_blank\" rel=\"nofollow noopener\">Izraelska armia zaj\u0119\u0142a s\u0142awny zamek w Libanie<\/a>&nbsp;&nbsp;Wiadomo\u015bci Onet<\/li>\n<\/ol>\n","protected":false},"excerpt":{"rendered":"Emmanuel Macron reaguje na dzia\u0142ania Izraela w Libanie. &#8222;Nic nie usprawiedliwia eskalacji&#8221;&nbsp;&nbsp;Wiadomo\u015bci Onet Flaga Izraela nad twierdz\u0105 krzy\u017cowc\u00f3w.&hellip;\n","protected":false},"author":2,"featured_media":466365,"comment_status":"","ping_status":"","sticky":false,"template":"","format":"standard","meta":{"footnotes":"","_share_on_mastodon":"0"},"categories":[14],"tags":[61195,32,33,340,96,27,91,34,35,3659,28,31,48,25,46,1191,40,41,47,80,29,30,70,26,82,83,84],"class_list":["post-466364","post","type-post","status-publish","format-standard","has-post-thumbnail","category-swiat","tag-bottomfeed_styl","tag-breaking-news","tag-breakingnews","tag-emmanuel_macron","tag-francja","tag-headlines","tag-izrael","tag-latest-news","tag-latestnews","tag-liban","tag-naglowki","tag-najwazniejsze-artykuly","tag-nat_styl","tag-news","tag-omp","tag-onz","tag-polish","tag-polski","tag-screening_general","tag-swiat","tag-top-stories","tag-topstories","tag-w_skrocie","tag-wiadomosci","tag-world","tag-world-news","tag-worldnews"],"share_on_mastodon":{"url":"https:\/\/pubeurope.com\/@pl\/116672873380108565","error":""},"_links":{"self":[{"href":"https:\/\/www.europesays.com\/pl\/wp-json\/wp\/v2\/posts\/466364","targetHints":{"allow":["GET"]}}],"collection":[{"href":"https:\/\/www.europesays.com\/pl\/wp-json\/wp\/v2\/posts"}],"about":[{"href":"https:\/\/www.europesays.com\/pl\/wp-json\/wp\/v2\/types\/post"}],"author":[{"embeddable":true,"href":"https:\/\/www.europesays.com\/pl\/wp-json\/wp\/v2\/users\/2"}],"replies":[{"embeddable":true,"href":"https:\/\/www.europesays.com\/pl\/wp-json\/wp\/v2\/comments?post=466364"}],"version-history":[{"count":0,"href":"https:\/\/www.europesays.com\/pl\/wp-json\/wp\/v2\/posts\/466364\/revisions"}],"wp:featuredmedia":[{"embeddable":true,"href":"https:\/\/www.europesays.com\/pl\/wp-json\/wp\/v2\/media\/466365"}],"wp:attachment":[{"href":"https:\/\/www.europesays.com\/pl\/wp-json\/wp\/v2\/media?parent=466364"}],"wp:term":[{"taxonomy":"category","embeddable":true,"href":"https:\/\/www.europesays.com\/pl\/wp-json\/wp\/v2\/categories?post=466364"},{"taxonomy":"post_tag","embeddable":true,"href":"https:\/\/www.europesays.com\/pl\/wp-json\/wp\/v2\/tags?post=466364"}],"curies":[{"name":"wp","href":"https:\/\/api.w.org\/{rel}","templated":true}]}}