{"id":466765,"date":"2026-06-01T08:43:07","date_gmt":"2026-06-01T08:43:07","guid":{"rendered":"https:\/\/www.europesays.com\/pl\/466765\/"},"modified":"2026-06-01T08:43:07","modified_gmt":"2026-06-01T08:43:07","slug":"kolejna-proba-odwolania-sutryka-we-wroclawiu-analizujemy-zgloszenia","status":"publish","type":"post","link":"https:\/\/www.europesays.com\/pl\/466765\/","title":{"rendered":"Kolejna pr\u00f3ba odwo\u0142ania Sutryka we Wroc\u0142awiu? \u201eAnalizujemy zg\u0142oszenia&#8221;"},"content":{"rendered":"<p>Dlaczego druga pr\u00f3ba odwo\u0142ania prezydenta Wroc\u0142awia si\u0119 nie powiod\u0142a.<\/p>\n<p>Co planuje SOS Wroc\u0142aw w kwestii kolejnego referendum.<\/p>\n<p>Jakie wnioski wyci\u0105gni\u0119to z poprzednich pr\u00f3b referendalnych.<\/p>\n<p>Pod koniec marca 2025 roku by\u0142o ju\u017c wiadomo, \u017ce nie uda\u0142o si\u0119 zebra\u0107 wymaganej liczby podpis\u00f3w pod wnioskiem o referendum w sprawie odwo\u0142ania prezydenta<br \/>\n<a href=\"https:\/\/wiadomosci.radiozet.pl\/tag\/kategoria\/wroclaw\" target=\"_self\" rel=\"dofollow noopener\">Wroc\u0142awia<\/a>. Zabrak\u0142o ok. 11 tys. do potrzebnych 46 646. Kolejn\u0105 pr\u00f3b\u0119 SOS Wroc\u0142aw podj\u0119\u0142o kilka miesi\u0119cy p\u00f3\u017aniej. W drugiej po\u0142owie listopada inicjatywa zako\u0144czy\u0142a si\u0119 fiaskiem. B\u0119dzie trzecia pr\u00f3ba?\u00a0<\/p>\n<p><a name=\"eztoc41861470_0_5\" id=\"eztoc41861470_0_5\"\/>Referendum we Wroc\u0142awiu. Kolejna pr\u00f3ba odwo\u0142ania Jacka Sutryka?<\/p>\n<p>\u2013\u00a0Otrzymujemy bardzo wiele zapyta\u0144 o kolejn\u0105 pr\u00f3b\u0119 organizacji referendum. Trudno je zignorowa\u0107, bo nie usta\u0142y \u017cadne z przyczyn, dla kt\u00f3rych uruchomione zosta\u0142y poprzednie inicjatywy. Przeciwnie \u2013 ekipa prezydenta tylko generuje kolejne powa\u017cne problemy, z kt\u00f3rym miasto b\u0119dzie mierzy\u0142o si\u0119 latami \u2013 m\u00f3wi\u0105 przedstawiciele SOS Wroc\u0142aw w rozmowie z RadioZET.pl. Liderem organizacji jest radny Rady Miejskiej Wroc\u0142awia Piotr Uhle. <\/p>\n<p>\u2013\u00a0Trzeba jednak zdawa\u0107 sobie spraw\u0119, jakiego rodzaju jest to wyzwanie. My wiemy o tym doskonale, bo mierzyli\u015bmy si\u0119 z tym dwukrotnie. Dlatego, m\u00f3wi\u0105 wprost: je\u015bli\u00a0Wroc\u0142awianie b\u0119d\u0105 naprawd\u0119 zainteresowani referendum, to trzecia pr\u00f3ba z pewno\u015bci\u0105 b\u0119dzie mia\u0142a miejsce \u2013 deklaruje organizacja. Jak podkre\u015blono, jest jednak za wcze\u015bnie, by m\u00f3wi\u0107 o konkretnym terminie. \u2013\u00a0P\u00f3ki co analizujemy zg\u0142oszenia i sygna\u0142y, kt\u00f3re do nas sp\u0142ywaj\u0105 od obywateli tego miasta, kt\u00f3rzy nie godz\u0105 si\u0119 na dalsz\u0105 degradacj\u0119 ich ukochanego Wroc\u0142awia \u2013 dodaje SOS Wroc\u0142aw.\u00a0<\/p>\n<p>Przedstawiciele organizacji zapewniaj\u0105 jednocze\u015bnie, \u017ce z\u00a0poprzednich dw\u00f3ch inicjatyw oraz skutecznych pr\u00f3b odwo\u0142ania prezydent\u00f3w w Zabrzu i Krakowie wyci\u0105gni\u0119to liczne wnioski. \u2013\u00a0Przede wszystkim na inicjatyw\u0119 potrzeba wi\u0119cej \u015brodk\u00f3w organizacyjnych i finansowych. Niezb\u0119dna jest r\u00f3wnie\u017c silniejsza obecno\u015b\u0107 w mediach i pe\u0142ne zaanga\u017cowanie wszystkich si\u0142 niezale\u017cnych od ratusza \u2013 dodaj\u0105 cz\u0142onkowie organizacji.\u00a0<\/p>\n<p><a name=\"eztoc41861470_0_6\" id=\"eztoc41861470_0_6\"\/>Fala odwo\u0142a\u0144 prezydent\u00f3w po referendum w Krakowie?<\/p>\n<p>Po odwo\u0142aniu Aleksandra Miszalskiego w Krakowie rozpocz\u0119\u0142a si\u0119 dyskusja mi\u0119dzy innymi na temat zasad\u00a0organizacji referend\u00f3w lokalnych. Jak pisali\u015bmy w poniedzia\u0142ek na RadioZET.pl,<br \/>\n<a href=\"https:\/\/wiadomosci.radiozet.pl\/polska\/referendum-zamiast-wyborow-tak-krakow-moze-zmienic-polske\" target=\"_self\" rel=\"dofollow noopener\">kontrowersje\u00a0<\/a><br \/>\n<a href=\"https:\/\/wiadomosci.radiozet.pl\/polska\/referendum-zamiast-wyborow-tak-krakow-moze-zmienic-polske\" target=\"_self\" rel=\"dofollow noopener\">budz\u0105 progi frekwencyjne<\/a>, kt\u00f3re jednych zach\u0119caj\u0105 do mobilizacji, a drugich do bojkotu g\u0142osowania. Dla niekt\u00f3rych tego typu inicjatywa to silna, oddolna mobilizacja, a dla innych \u2013 zaprzeczenie demokracji przez formalno-prawn\u0105 konstrukcj\u0119 referendum, kt\u00f3ra pozwala stosunkowo niewielkiej grupie wywr\u00f3ci\u0107 sytuacj\u0119 w samorz\u0105dzie.\u00a0<\/p>\n<p>Krakowskie referendum doda\u0142o wiatru w \u017cagle ugrupowaniom walcz\u0105cym w Warszawie z<br \/>\n<a href=\"https:\/\/wiadomosci.radiozet.pl\/tag\/kategoria\/donald-tusk\" target=\"_blank\" rel=\"dofollow noopener\">Donaldem Tuskiem<\/a> i koalicj\u0105 rz\u0105dz\u0105c\u0105. To jednak nie koniec. Pojawiaj\u0105 si\u0119 ju\u017c\u00a0zapowiedzi zorganizowania referend\u00f3w odwo\u0142awczych w innych miastach, gdzie rz\u0105dz\u0105 samorz\u0105dowcy zwi\u0105zani z KO. Na razie na li\u015bcie jest Wroc\u0142aw,\u00a0Lublin, Rzesz\u00f3w czy Bia\u0142ystok, ale mo\u017ce si\u0119 ona wyd\u0142u\u017cy\u0107.\u00a0W Radomiu trwa ju\u017c zbi\u00f3rka podpis\u00f3w za odwo\u0142aniem prezydenta Rados\u0142awa Witkowskiego.<\/p>\n<p>\u0179r\u00f3d\u0142o: Radio ZET<\/p>\n<p>By\u0142e\u015b \u015bwiadkiem czego\u015b niespodziewanego? Masz temat, kt\u00f3rym powinni\u015bmy si\u0119 zaj\u0105\u0107?<\/p>\n<p>Zg\u0142o\u015b spraw\u0119 przez <a href=\"https:\/\/wiadomosci.radiozet.pl\/czerwony-telefon\" target=\"_blank\" title=\"Czerwony telefon Radia Zet\" rel=\"nofollow noopener\">Czerwony telefon Radia ZET<\/a><\/p>\n","protected":false},"excerpt":{"rendered":"Dlaczego druga pr\u00f3ba odwo\u0142ania prezydenta Wroc\u0142awia si\u0119 nie powiod\u0142a. Co planuje SOS Wroc\u0142aw w kwestii kolejnego referendum. Jakie&hellip;\n","protected":false},"author":2,"featured_media":466766,"comment_status":"","ping_status":"","sticky":false,"template":"","format":"standard","meta":{"footnotes":"","_share_on_mastodon":"0"},"categories":[51607],"tags":[17214,26261,42,38,40,907,39,41,12070,1853],"class_list":["post-466765","post","type-post","status-publish","format-standard","has-post-thumbnail","category-wroclaw","tag-dolnoslaskie","tag-jacek-sutryk","tag-pl","tag-poland","tag-polish","tag-polityka","tag-polska","tag-polski","tag-referendum","tag-wroclaw"],"share_on_mastodon":{"url":"https:\/\/pubeurope.com\/@pl\/116673970592918437","error":""},"_links":{"self":[{"href":"https:\/\/www.europesays.com\/pl\/wp-json\/wp\/v2\/posts\/466765","targetHints":{"allow":["GET"]}}],"collection":[{"href":"https:\/\/www.europesays.com\/pl\/wp-json\/wp\/v2\/posts"}],"about":[{"href":"https:\/\/www.europesays.com\/pl\/wp-json\/wp\/v2\/types\/post"}],"author":[{"embeddable":true,"href":"https:\/\/www.europesays.com\/pl\/wp-json\/wp\/v2\/users\/2"}],"replies":[{"embeddable":true,"href":"https:\/\/www.europesays.com\/pl\/wp-json\/wp\/v2\/comments?post=466765"}],"version-history":[{"count":0,"href":"https:\/\/www.europesays.com\/pl\/wp-json\/wp\/v2\/posts\/466765\/revisions"}],"wp:featuredmedia":[{"embeddable":true,"href":"https:\/\/www.europesays.com\/pl\/wp-json\/wp\/v2\/media\/466766"}],"wp:attachment":[{"href":"https:\/\/www.europesays.com\/pl\/wp-json\/wp\/v2\/media?parent=466765"}],"wp:term":[{"taxonomy":"category","embeddable":true,"href":"https:\/\/www.europesays.com\/pl\/wp-json\/wp\/v2\/categories?post=466765"},{"taxonomy":"post_tag","embeddable":true,"href":"https:\/\/www.europesays.com\/pl\/wp-json\/wp\/v2\/tags?post=466765"}],"curies":[{"name":"wp","href":"https:\/\/api.w.org\/{rel}","templated":true}]}}