{"id":466946,"date":"2026-06-01T10:28:10","date_gmt":"2026-06-01T10:28:10","guid":{"rendered":"https:\/\/www.europesays.com\/pl\/466946\/"},"modified":"2026-06-01T10:28:10","modified_gmt":"2026-06-01T10:28:10","slug":"piknik-z-okazji-10-lecia-zlobkow-maluch-net-kalendarz-wydarzen-lublin","status":"publish","type":"post","link":"https:\/\/www.europesays.com\/pl\/466946\/","title":{"rendered":"Piknik z okazji 10-lecia \u017c\u0142obk\u00f3w maluch.net &#8211; Kalendarz wydarze\u0144 &#8211; Lublin"},"content":{"rendered":"<p>Kochani Rodzice,<\/p>\n<p>serdecznie zapraszamy na piknik z okazji 10-lecia naszych \u017c\u0142obk\u00f3w <a href=\"http:\/\/maluch.net\/\" target=\"_blank\" rel=\"nofollow noopener\">maluch.net<\/a>.\u00a0Piknik odb\u0119dzie si\u0119 w pi\u0105tek 12 czerwca 2026 r. w godzinach od 15:00 do oko\u0142o 19:00 w Centrum Dobrego Wychowania, Motycz Le\u015bny 51.<\/p>\n<p>Zapraszamy ca\u0142e rodziny! B\u0119d\u0105 atrakcje dla du\u017cych i ma\u0142ych, ognisko, alpaki oraz wyj\u0105tkowi go\u015bcie specjalni.<\/p>\n<p>Poni\u017cej znajduje si\u0119\u00a0formularz zg\u0142oszeniowy:<\/p>\n<p><a href=\"https:\/\/forms.gle\/T8h7Cdvjrv4qzhdb9\" target=\"_blank\" rel=\"nofollow noopener\">Formularz<\/a><\/p>\n<p>Formularz zg\u0142oszeniowy ma charakter informacyjny i pomo\u017ce nam przygotowa\u0107 odpowiedni\u0105 liczb\u0119 atrakcji oraz pocz\u0119stunku. Prosimy o przes\u0142anie zg\u0142oszenia najlepiej do 9.06.2026 r.<\/p>\n<p>Zach\u0119camy do przyniesienia czego\u015b na wsp\u00f3lny st\u00f3\u0142 (owoc\u00f3w, s\u0142onych przek\u0105sek, mus\u00f3w itp.). Zapewniamy zup\u0119 krem oraz kie\u0142baski.<\/p>\n<p>Osoby bez wcze\u015bniejszego zg\u0142oszenia r\u00f3wnie\u017c serdecznie zapraszamy \ud83d\ude42\u00a0Liczymy na Wasz\u0105 obecno\u015b\u0107!\ufe0f<\/p>\n<p>Do zobaczenia!<\/p>\n<p>\u00a0<\/p>\n<p>\u017b\u0142obek maluch.net<\/p>\n","protected":false},"excerpt":{"rendered":"Kochani Rodzice, serdecznie zapraszamy na piknik z okazji 10-lecia naszych \u017c\u0142obk\u00f3w maluch.net.\u00a0Piknik odb\u0119dzie si\u0119 w pi\u0105tek 12 czerwca&hellip;\n","protected":false},"author":2,"featured_media":336294,"comment_status":"","ping_status":"","sticky":false,"template":"","format":"standard","meta":{"footnotes":"","_share_on_mastodon":"0"},"categories":[51612],"tags":[87397,87400,87401,11255,87409,31838,64394,87406,15599,86083,87402,87407,56156,28603,87396,87405,1081,87399,87408,87404,55032,3994,78211,15186,69235,42,38,40,39,41,3114,66290,78935,87403,87410,68427,87398],"class_list":["post-466946","post","type-post","status-publish","format-standard","has-post-thumbnail","category-lublin","tag-10-lecia","tag-87400","tag-87401","tag-11255","tag-alpaki","tag-atrakcje","tag-beda","tag-cale","tag-centrum","tag-czerwca","tag-dobrego","tag-duzych","tag-godzinach","tag-goscie","tag-kochani","tag-lesny","tag-lublin","tag-maluchnet-piknik","tag-malych","tag-motycz","tag-odbedzie","tag-ognisko","tag-okazji","tag-piatek","tag-piknik","tag-pl","tag-poland","tag-polish","tag-polska","tag-polski","tag-rodzice","tag-rodziny","tag-serdecznie","tag-wychowania","tag-wyjatkowi","tag-zapraszamy","tag-zlobkow"],"share_on_mastodon":{"url":"https:\/\/pubeurope.com\/@pl\/116674383292455710","error":""},"_links":{"self":[{"href":"https:\/\/www.europesays.com\/pl\/wp-json\/wp\/v2\/posts\/466946","targetHints":{"allow":["GET"]}}],"collection":[{"href":"https:\/\/www.europesays.com\/pl\/wp-json\/wp\/v2\/posts"}],"about":[{"href":"https:\/\/www.europesays.com\/pl\/wp-json\/wp\/v2\/types\/post"}],"author":[{"embeddable":true,"href":"https:\/\/www.europesays.com\/pl\/wp-json\/wp\/v2\/users\/2"}],"replies":[{"embeddable":true,"href":"https:\/\/www.europesays.com\/pl\/wp-json\/wp\/v2\/comments?post=466946"}],"version-history":[{"count":0,"href":"https:\/\/www.europesays.com\/pl\/wp-json\/wp\/v2\/posts\/466946\/revisions"}],"wp:featuredmedia":[{"embeddable":true,"href":"https:\/\/www.europesays.com\/pl\/wp-json\/wp\/v2\/media\/336294"}],"wp:attachment":[{"href":"https:\/\/www.europesays.com\/pl\/wp-json\/wp\/v2\/media?parent=466946"}],"wp:term":[{"taxonomy":"category","embeddable":true,"href":"https:\/\/www.europesays.com\/pl\/wp-json\/wp\/v2\/categories?post=466946"},{"taxonomy":"post_tag","embeddable":true,"href":"https:\/\/www.europesays.com\/pl\/wp-json\/wp\/v2\/tags?post=466946"}],"curies":[{"name":"wp","href":"https:\/\/api.w.org\/{rel}","templated":true}]}}