{"id":466967,"date":"2026-06-01T10:39:08","date_gmt":"2026-06-01T10:39:08","guid":{"rendered":"https:\/\/www.europesays.com\/pl\/466967\/"},"modified":"2026-06-01T10:39:08","modified_gmt":"2026-06-01T10:39:08","slug":"media-jest-oficjalna-oferta-ten-klub-chce-lewandowskiego","status":"publish","type":"post","link":"https:\/\/www.europesays.com\/pl\/466967\/","title":{"rendered":"Media: jest oficjalna oferta. Ten klub chce Lewandowskiego"},"content":{"rendered":"\n<p class=\"contentpart contentpart--default contentpart--text\" data-position=\"0\"><a href=\"https:\/\/sportowefakty.wp.pl\/pilka-nozna\/robert-lewandowski\" rel=\"nofollow noopener\" target=\"_blank\">Robert Lewandowski<\/a>\u00a0znalaz\u0142 si\u0119 na celowniku <a href=\"https:\/\/sportowefakty.wp.pl\/pilka-nozna\/fenerbahce-stambul\" rel=\"nofollow noopener\" target=\"_blank\">Fenerbahce SK<\/a>\u00a0&#8211; informuj\u0105 tureckie media. Wed\u0142ug najnowszych doniesie\u0144 polski napastnik mia\u0142 ju\u017c otrzyma\u0107 oficjaln\u0105 ofert\u0119 od jednego z kandydat\u00f3w na prezesa klubu.<\/p>\n<p class=\"contentpart contentpart--default contentpart--text\" data-position=\"1\">Jak przekaza\u0142 portal Haber7, Hakan Safi, ubiegaj\u0105cy si\u0119 o stanowisko prezesa Fenerbahce, rozpocz\u0105\u0142 dzia\u0142ania maj\u0105ce na celu wzmocnienie dru\u017cyny przed nowym sezonem. Jednym z najg\u0142o\u015bniejszych nazwisk na jego li\u015bcie ma by\u0107 w\u0142a\u015bnie Lewandowski.<\/p>\n<p>  <img decoding=\"async\" src=\"https:\/\/v.wpimg.pl\/X3dwLnN2d1IFFTpdYUl6R0ZNbgcnEHQREVV2TGEGbUtRT2MdOlZ2RBQUKABgQjQcDRotCStBd1IAAWMeIlM7VgwYIAorQAdEFFk_GCkQJQ\" alt=\"\" width=\"45\" height=\"58\" loading=\"lazy\"\/>  <\/p>\n<p class=\"contentpart contentpart--default contentpart--text\" data-position=\"2\">ZOBACZ WIDEO: Polska przegra\u0142a z Ukrain\u0105. Jest reakcja Lewandowskiego<\/p>\n<p class=\"contentpart contentpart--default contentpart--text\" data-position=\"4\">Wed\u0142ug \u017ar\u00f3d\u0142a Safi z\u0142o\u017cy\u0142 Polakowi oficjaln\u0105 propozycj\u0119 transferu. Tureccy dziennikarze twierdz\u0105, \u017ce kontakty w sprawie pozyskania jednego z najlepszych napastnik\u00f3w ostatnich lat s\u0105 kontynuowane.<\/p>\n<p class=\"contentpart contentpart--default contentpart--text\" data-position=\"5\">Informacje o zainteresowaniu potwierdzi\u0142 r\u00f3wnie\u017c Nicolo Schira. W\u0142oski dziennikarz napisa\u0142 w serwisie X, \u017ce Fenerbahce planuje sprowadzenie czo\u0142owego napastnika i pracuje nad kilkoma kandydaturami. W\u015br\u00f3d nich wymieni\u0142 Roberta Lewandowskiego, Vedata Murikiego z Mallorki oraz Serhou Guirassy&#8217;ego z BVB.<\/p>\n<p class=\"contentpart contentpart--default contentpart--text\" data-position=\"6\">Lewandowski ma za sob\u0105 sezon, w kt\u00f3rym wyst\u0105pi\u0142 w 46 meczach Barcelony. Do\u015bwiadczony napastnik zdoby\u0142 19 bramek i zanotowa\u0142 cztery asysty. Mimo \u017ce w sierpniu sko\u0144czy 38 lat, jego nazwisko wci\u0105\u017c pojawia si\u0119 w kontek\u015bcie najwi\u0119kszych klub\u00f3w.<\/p>\n<p>  <img decoding=\"async\" src=\"https:\/\/v.wpimg.pl\/X3dwLnN2d1IFFTpdYUl6R0ZNbgcnEHQREVV2TGEGbUtRT2MdOlZ2RBQUKABgQjQcDRotCStBd1IAAWMeIlM7VgwYIAorQAdEFFk_GCkQJQ\" alt=\"\" width=\"45\" height=\"58\" loading=\"lazy\"\/>  <\/p>\n<p class=\"contentpart contentpart--default contentpart--text\" data-position=\"7\">Na razie nie wiadomo, czy Polak rozwa\u017cy ewentualn\u0105 przeprowadzk\u0119 do Turcji. Fenerbahce ma jednak ambitne plany transferowe. Wed\u0142ug tureckich medi\u00f3w na li\u015bcie \u017cycze\u0144 klubu znajduj\u0105 si\u0119 tak\u017ce Mason Greenwood z Olympique Marsylia oraz Serhou Guirassy, kt\u00f3ry ma za sob\u0105 bardzo udany sezon w Dortmundzie.<\/p>\n","protected":false},"excerpt":{"rendered":"Robert Lewandowski\u00a0znalaz\u0142 si\u0119 na celowniku Fenerbahce SK\u00a0&#8211; informuj\u0105 tureckie media. Wed\u0142ug najnowszych doniesie\u0144 polski napastnik mia\u0142 ju\u017c otrzyma\u0107&hellip;\n","protected":false},"author":2,"featured_media":466968,"comment_status":"","ping_status":"","sticky":false,"template":"","format":"standard","meta":{"footnotes":"","_share_on_mastodon":"0"},"categories":[24],"tags":[2290,269,15255,278,42,38,40,39,41,273,127,126,8472,5811,192],"class_list":["post-466967","post","type-post","status-publish","format-standard","has-post-thumbnail","category-sport","tag-fenerbahce-sk","tag-pilka-nozna","tag-pilka-nozna-w-turcji","tag-pilka-w-europie","tag-pl","tag-poland","tag-polish","tag-polska","tag-polski","tag-robert-lewandowski","tag-sport","tag-sports","tag-stambul","tag-super-lig","tag-turcja"],"share_on_mastodon":{"url":"https:\/\/pubeurope.com\/@pl\/116674426638509572","error":""},"_links":{"self":[{"href":"https:\/\/www.europesays.com\/pl\/wp-json\/wp\/v2\/posts\/466967","targetHints":{"allow":["GET"]}}],"collection":[{"href":"https:\/\/www.europesays.com\/pl\/wp-json\/wp\/v2\/posts"}],"about":[{"href":"https:\/\/www.europesays.com\/pl\/wp-json\/wp\/v2\/types\/post"}],"author":[{"embeddable":true,"href":"https:\/\/www.europesays.com\/pl\/wp-json\/wp\/v2\/users\/2"}],"replies":[{"embeddable":true,"href":"https:\/\/www.europesays.com\/pl\/wp-json\/wp\/v2\/comments?post=466967"}],"version-history":[{"count":0,"href":"https:\/\/www.europesays.com\/pl\/wp-json\/wp\/v2\/posts\/466967\/revisions"}],"wp:featuredmedia":[{"embeddable":true,"href":"https:\/\/www.europesays.com\/pl\/wp-json\/wp\/v2\/media\/466968"}],"wp:attachment":[{"href":"https:\/\/www.europesays.com\/pl\/wp-json\/wp\/v2\/media?parent=466967"}],"wp:term":[{"taxonomy":"category","embeddable":true,"href":"https:\/\/www.europesays.com\/pl\/wp-json\/wp\/v2\/categories?post=466967"},{"taxonomy":"post_tag","embeddable":true,"href":"https:\/\/www.europesays.com\/pl\/wp-json\/wp\/v2\/tags?post=466967"}],"curies":[{"name":"wp","href":"https:\/\/api.w.org\/{rel}","templated":true}]}}