{"id":467123,"date":"2026-06-01T12:10:14","date_gmt":"2026-06-01T12:10:14","guid":{"rendered":"https:\/\/www.europesays.com\/pl\/467123\/"},"modified":"2026-06-01T12:10:14","modified_gmt":"2026-06-01T12:10:14","slug":"order-orla-bialego-ma-wiele-kontrowersyjnych-osob-wsrod-nich-gerhard-schroeder","status":"publish","type":"post","link":"https:\/\/www.europesays.com\/pl\/467123\/","title":{"rendered":"Order Or\u0142a Bia\u0142ego ma wiele kontrowersyjnych os\u00f3b. W\u015br\u00f3d nich Gerhard Schroeder"},"content":{"rendered":"<p>Karol Nawrocki domaga si\u0119 odebrania Wo\u0142odymyrowi Ze\u0142enskiemu Orderu Or\u0142a Bia\u0142ego. To reakcja na decyzj\u0119 prezydenta Ukrainy o nadaniu jednej z ukrai\u0144skich jednostek imienia Bohater\u00f3w UPA. Order przyzna\u0142 Ze\u0142enskiemu w 2023 r. \u00f3wczesny prezydent Andrzej Duda.<\/p>\n<p> Dalszy ci\u0105g artyku\u0142u pod materia\u0142em wideo Pierwszy Order Or\u0142a Bia\u0142ego otrzyma\u0142 jeden z bohater\u00f3w narodowych Ukrainy<\/p>\n<p>Order Or\u0142a Bia\u0142ego to najwy\u017csze polskie odznaczenie, przyznawane od ponad trzystu lat, tak\u017ce w pierwszym okresie zabor\u00f3w. Zosta\u0142o oficjalnie ustanowione w 1705 r. przez kr\u00f3la Augusta II Mocnego, ale po raz pierwszy nadane dwa lata wcze\u015bniej.<\/p>\n<p>Otrzyma\u0142 je od Augusta II Mocnego Iwan Mazepa, jeden z bohater\u00f3w narodowych Ukrainy, kt\u00f3ry d\u0105\u017c\u0105c do jej usamodzielnienia si\u0119, do pewnego momentu s\u0142u\u017cy\u0142 Polsce, potem Rosji, a w ko\u0144cu postawi\u0142 na antyrosyjski sojusz ze Szwecj\u0105. W tym momencie znalaz\u0142 si\u0119 w jednym obozie politycznym z wybranym na kr\u00f3la Polski pod naciskiem szwedzkim Stanis\u0142awem Leszczy\u0144skim. Kilka lat p\u00f3\u017aniej August II Mocny odzyska\u0142 tron, ale przyznanego Mazepie odznaczenia nie odebra\u0142.<\/p>\n<p>     Gerharda Schroedera odznaczy\u0142 Aleksander Kwa\u015bniewski<\/p>\n<p>W ponad trzystuletniej tradycji nadawania Orderu Or\u0142a Bia\u0142ego na li\u015bcie odznaczonych widnieje wiele kontrowersyjnych nazwisk \u2014 w tym carowie Rosji, by\u0142y w\u0142oski dyktator Benito Mussolini czy francuski wojskowy Philippe Petain. Ten ostatni zapisa\u0142 chlubn\u0105 kart\u0119 podczas I wojny \u015bwiatowej, a p\u00f3\u017aniej splami\u0142 j\u0105 kolaboracj\u0105 z hitlerowskimi Niemcami.<\/p>\n<p>Kontrowersyjnych odznacze\u0144 nie brakowa\u0142o ju\u017c w III RP. W 2002 r. \u00f3wczesny prezydent Aleksander Kwa\u015bniewski przyzna\u0142 Order Or\u0142a Bia\u0142ego by\u0142emu kanclerzowi Niemiec Gerhardowi Schroederowi. Otrzyma\u0142 je on &#8222;w uznaniu znamienitych zas\u0142ug w rozwijaniu wsp\u00f3\u0142pracy mi\u0119dzy Rzecz\u0105pospolit\u0105 Polsk\u0105 a Republik\u0105 Federaln\u0105 Niemiec&#8221;.<\/p>\n<p>Schroeder jest znany ze swoich powi\u0105za\u0144 z W\u0142adimirem Putinem oraz rosyjskimi firmami energetycznymi. W ostatnich tygodniach urz\u0119dowania, w 2005 r., podpisa\u0142 z Moskw\u0105 umow\u0119 w sprawie budowy Gazoci\u0105gu P\u00f3\u0142nocnego po dnie Ba\u0142tyku, omijaj\u0105cym Polsk\u0119, Ukrain\u0119 i kraje ba\u0142tyckie.<\/p>\n<p> <img decoding=\"async\" src=\"https:\/\/www.europesays.com\/pl\/wp-content\/uploads\/2026\/06\/1kzk9lBaHR0cHM6Ly9vY2RuLmV1L3B1bHNjbXMvTURBXy82NTk5NjJlOGYyZjA2MmUwZjlkOTA4ODY4NGUwZWQ3OC5qcGeRlQLNB.jpeg\" height=\"660\" width=\"940\" alt=\"Gerhard Schroeder\" loading=\"lazy\" class=\"ods-c-image__img ods-c-image__img--viewport-width\"\/> <\/p>\n<p>Gerhard SchroederChristoph Soeder \/ PAP<\/p>\n<p> Wkr\u00f3tce po opuszczeniu urz\u0119du trafi\u0142 do rady nadzorczej konsorcjum Nord Stream, kontrolowanego przez Rosjan. Aktywnie wspiera\u0142 budow\u0119 drugiej drugiej nitki gazoci\u0105gu. <a href=\"https:\/\/businessinsider.com.pl\/finanse\/gerhard-schroeder-i-jego-zarobki-w-rosyjskich-spolkach\/s2d7z18\" id=\"2b085a7a-a985-44a5-9e19-b6811722da64\" rel=\"nofollow noopener\" target=\"_blank\">Szerzej powi\u0105zania Schroedera z Rosj\u0105 opisa\u0142 serwis Business Insider<\/a>. Po wybuchu pe\u0142noskalowej wojny w Ukrainie pojawi\u0142y si\u0119 g\u0142osy, aby Schroederowi odebra\u0107 Order Or\u0142a Bia\u0142ego. Schroeder od 2005 r. do marca 2022 r. wsp\u00f3\u0142pracowa\u0142 z wydawnictwem Ringier AG.     Petro Poroszenko gra\u0142 kart\u0105 UPA. &#8222;Wiadomo\u015b\u0107 szokuj\u0105ca&#8221;By\u0142ego prezydenta Ukrainy, Petra Poroszenk\u0119, odznaczy\u0142 Bronis\u0142aw Komorowski. <a href=\"https:\/\/wiadomosci.onet.pl\/kraj\/komorowski-odznaczyl-gloryfikatora-upa\/c3v7e1\" id=\"e366155a-dd9c-4fc5-913e-9131c7ba0860\" rel=\"nofollow noopener\" target=\"_blank\">W 2015 r. ks. Tadeusz Isakowicz-Zaleski na stronach Onetu pisa\u0142, \u017ce &#8222;Komorowski odznaczy\u0142 gloryfikatora UPA&#8221;<\/a>.<\/p>\n<p>&#8222;Jest to wiadomo\u015b\u0107 szokuj\u0105ca, bo odznaczony polityk jest od d\u0142u\u017cszego czasu gloryfikatorem cz\u0142onk\u00f3w Organizacji Ukrai\u0144skich Nacjonalist\u00f3w i Ukrai\u0144skiej Powsta\u0144czej Armii, kt\u00f3rzy w latach 1939-1947 brali udzia\u0142 w ludob\u00f3jstwie Polak\u00f3w i obywateli polskich innych narodowo\u015bci (\u017byd\u00f3w, Ormian i Czech\u00f3w), w tym te\u017c sprawiedliwych Ukrai\u0144c\u00f3w, ratuj\u0105cych swoich polskich i \u017cydowskich s\u0105siad\u00f3w&#8221; \u2014 pisa\u0142 duchowny o decyzji Komorowskiego.<\/p>\n<p> <img decoding=\"async\" src=\"https:\/\/www.europesays.com\/pl\/wp-content\/uploads\/2026\/06\/fVMk9lBaHR0cHM6Ly9vY2RuLmV1L3B1bHNjbXMvTURBXy9jYzRiNzRmZDUwOGQ0NWU3Y2QxZjgxNGQzMTBlMDMyNS5qcGeRlQLNB.jpeg\" height=\"627\" width=\"940\" alt=\"Petro Poroszenko\" loading=\"lazy\" class=\"ods-c-image__img ods-c-image__img--viewport-width\"\/> <\/p>\n<p>Petro PoroszenkoNina Liashonok \/ PAP<\/p>\n<p>Ks. Isakowicz-Zaleski informowa\u0142 w\u00f3wczas, \u017ce rodziny ofiar rzezi wo\u0142y\u0144skiej zwr\u00f3c\u0105 si\u0119 do \u00f3wczesnego prezydenta Andrzeja Dudy z wnioskiem o odebranie orderu Poroszence. Podkre\u015bli\u0142, \u017ce w kwietniu 2015 r. ukrai\u0144ski parlament przyj\u0105\u0142 ustaw\u0119, kt\u00f3ra nie tylko oddawa\u0142a cze\u015b\u0107 boj\u00f3wkom OUN-UPA, ale tak\u017ce otwiera\u0142a drzwi do karania wszystkich tych, kt\u00f3rzy si\u0119 temu sprzeciwiaj\u0105.<\/p>\n<p>     Andrzej Duda odznaczy\u0142 Milosa Zemana, kt\u00f3remu zarzuca si\u0119 zwi\u0105zki z Rosj\u0105<\/p>\n<p>By\u0142y prezydent Czech (2013\u20132023) zosta\u0142 odznaczony Orderem Or\u0142a Bia\u0142ego przez Andrzeja Dud\u0119 w 2016 r. za wybitne zas\u0142ugi w relacjach mi\u0119dzy Polsk\u0105 a Czechami. Milosowi Zemanowi cz\u0119sto zarzucano jednak prorosyjsko\u015b\u0107. W Czechach podkre\u015blano, \u017ce pieni\u0105dze na jego kampanie wyborcze mia\u0142y pochodzi\u0107 z Moskwy, a jego pochlebne wypowiedzi na temat Rosji by\u0142y form\u0105 sp\u0142aty zaci\u0105gni\u0119tego u niej d\u0142ugu.<\/p>\n<p>Stanowisko Zemana w stosunku do Rosji zmieni\u0142o si\u0119 nieco po wybuchu pe\u0142noskalowej wojny w Ukrainie. Wcze\u015bniej jednak, po wkroczeniu rosyjskich wojsk na Krym w 2014 r., m\u00f3wi\u0142, \u017ce aneksja p\u00f3\u0142wyspu jest &#8222;faktem dokonanym&#8221;. Krytykowa\u0142 te\u017c polityk\u0119 sankcyjn\u0105 Unii Europejskiej. Wzywa\u0142 te\u017c do zbli\u017cenia Europy Zachodniej i Rosji. W 2015 r. jako jeden z kilku przyw\u00f3dc\u00f3w unijnych wzi\u0105\u0142 udzia\u0142 w obchodach Dnia Zwyci\u0119stwa w Moskwie.<\/p>\n<p>Po wybuchu pe\u0142noskalowej wojny w Ukrainie Zeman przyzna\u0142, \u017ce pomyli\u0142 si\u0119 w stosunku do Putina, okre\u015blaj\u0105c go m.in. jako &#8222;szale\u0144ca&#8221;. W jednym z wywiad\u00f3w podkre\u015bli\u0142, \u017ce rosyjskie wojska morduj\u0105 w Ukrainie ludno\u015b\u0107 cywiln\u0105. Zmieni\u0142 te\u017c zdanie w stosunku do sankcji UE wobec Moskwy.<\/p>\n<p> <img decoding=\"async\" src=\"https:\/\/www.europesays.com\/pl\/wp-content\/uploads\/2026\/06\/0xCk9lBaHR0cHM6Ly9vY2RuLmV1L3B1bHNjbXMvTURBXy8xZGNjNDVlNDcwOGM5YTMxZDVmMzM2YmRjMjRlYTgwYS5qcGeRlQLNB.jpeg\" height=\"627\" width=\"940\" alt=\"Milos Zeman\" loading=\"lazy\" class=\"ods-c-image__img ods-c-image__img--viewport-width\"\/> <\/p>\n<p>Milos ZemanOndrej Deml \/ PAP<\/p>\n<p> Tylko raz odebrano komu\u015b Order Or\u0142a Bia\u0142ego. Wincenty Witos go p\u00f3\u017aniej odzyska\u0142<\/p>\n<p>Jedyn\u0105 osob\u0105, kt\u00f3rej odebrano Order Or\u0142a Bia\u0142ego by\u0142 Wincenty WItos, kt\u00f3ry decyzj\u0105 s\u0105du zosta\u0142 go pozbawiony w 1932 r. Odznaczenie, kt\u00f3re pierwotnie otrzyma\u0142 w 1921 r., w 1939 r., ju\u017c po kl\u0119sce wrze\u015bniowej, zosta\u0142o mu zwr\u00f3cone.<\/p>\n<p>Witos utraci\u0142 odznaczenie w konsekwencji wyroku s\u0105dowego w tzw. procesie brzeskim. Razem z przyw\u00f3dc\u0105 PSL na \u0142awie oskar\u017conych zasiedli przeciwnicy autokratycznych rz\u0105d\u00f3w sanacji. Kilka tygodni po kl\u0119sce wrze\u015bniowej, gdy czo\u0142owi przedstawiciele sanacji opu\u015bcili Polsk\u0119 przez granic\u0119 w Zaleszczykach, Witos, kt\u00f3ry pozosta\u0142 w okupowanym przez Niemc\u00f3w kraju, odzyska\u0142 order. Sta\u0142o si\u0119 to na mocy dekretu, kt\u00f3ry wyda\u0142 pierwszy prezydent RP na uchod\u017astwie, W\u0142adys\u0142aw Raczkiewicz.<\/p>\n<p>     Do odebrania orderu potrzebna jest kontrasygnata premiera<\/p>\n<p>Jak wyja\u015bnia serwis Demagog, ustawa z dnia 16 pa\u017adziernika 1992 r. o orderach i odznaczeniach reguluje nie tylko kwesti\u0119 nadawania odznacze\u0144, ale tak\u017ce ich ewentualnego odbierania. Wed\u0142ug art. 36 prezydent ma mo\u017cliwo\u015b\u0107 podj\u0119cia decyzji o pozbawieniu orderu na wniosek odpowiedniej kapitu\u0142y.<\/p>\n<p>Prezydent mo\u017ce to zrobi\u0107 w przypadku, gdy &#8222;nadanie orderu lub odznaczenia nast\u0105pi\u0142o w wyniku wprowadzenia w b\u0142\u0105d&#8221; lub &#8222;odznaczony dopu\u015bci\u0142 si\u0119 czynu, wskutek kt\u00f3rego sta\u0142 si\u0119 niegodny orderu&#8221;. Wydaj\u0105c postanowienie, prezydent musi uzyska\u0107 kontrasygnat\u0119 [zgod\u0119] premiera.<\/p>\n<p><a href=\"https:\/\/www.onet.pl\/informacje\/onetwiadomosci\/donald-tusk-wycofal-kontrasygnate-polacy-sa-w-tej-sprawie-podzieleni-sondaz\/61jl6xx,79cfc278\" id=\"af14c3ab-9c0d-4088-9f78-5489670d3618\" rel=\"nofollow noopener\" target=\"_blank\">W przesz\u0142o\u015bci kwestia kontrasygnaty ze strony Donalda Tuska potrafi\u0142 budzi\u0107 poruszenie<\/a>. By\u0142o tak m.in. w\u00f3wczas, gdy premier <a href=\"https:\/\/wiadomosci.onet.pl\/kraj\/nieoczekiwany-zwrot-w-sprawie-kontrasygnaty-donalda-tuska-sad-wyda-decyzje\/1ed9780\" id=\"d7977b45-21c0-470d-b3fa-834c13fc94b5\" rel=\"nofollow noopener\" target=\"_blank\">wycofa\u0142 sw\u00f3j podpis spod decyzji prezydenta dotycz\u0105cej wyznaczenia s\u0119dziego Krzysztofa Weso\u0142owskiego na stanowisko przewodnicz\u0105cego zgromadzenia s\u0119dzi\u00f3w Izby Cywilnej S\u0105du Najwy\u017cszego<\/a>.<\/p>\n","protected":false},"excerpt":{"rendered":"Karol Nawrocki domaga si\u0119 odebrania Wo\u0142odymyrowi Ze\u0142enskiemu Orderu Or\u0142a Bia\u0142ego. To reakcja na decyzj\u0119 prezydenta Ukrainy o nadaniu&hellip;\n","protected":false},"author":2,"featured_media":467124,"comment_status":"","ping_status":"","sticky":false,"template":"","format":"standard","meta":{"footnotes":"","_share_on_mastodon":"0"},"categories":[62712],"tags":[61195,89096,690,43,49,48,46,22006,19332,6571,47],"class_list":["post-467123","post","type-post","status-publish","format-standard","has-post-thumbnail","category-karol-nawrocki","tag-bottomfeed_styl","tag-gerhard_schroeder","tag-karol-nawrocki","tag-karol_nawrocki","tag-kraj","tag-nat_styl","tag-omp","tag-order_orla_bialego","tag-petro_poroszenko","tag-polityka_politycy","tag-screening_general"],"share_on_mastodon":{"url":"https:\/\/pubeurope.com\/@pl\/116674784767758319","error":""},"_links":{"self":[{"href":"https:\/\/www.europesays.com\/pl\/wp-json\/wp\/v2\/posts\/467123","targetHints":{"allow":["GET"]}}],"collection":[{"href":"https:\/\/www.europesays.com\/pl\/wp-json\/wp\/v2\/posts"}],"about":[{"href":"https:\/\/www.europesays.com\/pl\/wp-json\/wp\/v2\/types\/post"}],"author":[{"embeddable":true,"href":"https:\/\/www.europesays.com\/pl\/wp-json\/wp\/v2\/users\/2"}],"replies":[{"embeddable":true,"href":"https:\/\/www.europesays.com\/pl\/wp-json\/wp\/v2\/comments?post=467123"}],"version-history":[{"count":0,"href":"https:\/\/www.europesays.com\/pl\/wp-json\/wp\/v2\/posts\/467123\/revisions"}],"wp:featuredmedia":[{"embeddable":true,"href":"https:\/\/www.europesays.com\/pl\/wp-json\/wp\/v2\/media\/467124"}],"wp:attachment":[{"href":"https:\/\/www.europesays.com\/pl\/wp-json\/wp\/v2\/media?parent=467123"}],"wp:term":[{"taxonomy":"category","embeddable":true,"href":"https:\/\/www.europesays.com\/pl\/wp-json\/wp\/v2\/categories?post=467123"},{"taxonomy":"post_tag","embeddable":true,"href":"https:\/\/www.europesays.com\/pl\/wp-json\/wp\/v2\/tags?post=467123"}],"curies":[{"name":"wp","href":"https:\/\/api.w.org\/{rel}","templated":true}]}}