{"id":467146,"date":"2026-06-01T12:25:12","date_gmt":"2026-06-01T12:25:12","guid":{"rendered":"https:\/\/www.europesays.com\/pl\/467146\/"},"modified":"2026-06-01T12:25:12","modified_gmt":"2026-06-01T12:25:12","slug":"pseudokibice-przed-sadem-lider-psycho-fans-z-lagodniejszym-wyrokiem","status":"publish","type":"post","link":"https:\/\/www.europesays.com\/pl\/467146\/","title":{"rendered":"Pseudokibice przed s\u0105dem. Lider Psycho Fans z \u0142agodniejszym wyrokiem"},"content":{"rendered":"<p>W poniedzia\u0142ek s\u0105d og\u0142osi\u0142 prawomocny wyrok w g\u0142\u00f3wnym procesie dotycz\u0105cym Psycho Fans. Dotyczy\u0142 on 46 os\u00f3b, kt\u00f3rym prokuratura zarzuci\u0142a 110 przest\u0119pstw, m.in. zab\u00f3jstwo, usi\u0142owanie zab\u00f3jstwa, porwania, brutalne pobicia, udzia\u0142 w tzw. ustawkach, rozboje i kradzie\u017ce, a tak\u017ce handel narkotykami. S\u0105d Okr\u0119gowy w Katowicach wymierzy\u0142 im od 15 lat pozbawienia wolno\u015bci do kar wi\u0119zienia w zawieszeniu.<\/p>\n<p>S\u0105d apelacyjny stwierdzi\u0142, \u017ce s\u0105d pierwszej instancji \u2014 wbrew zarzutom obro\u0144c\u00f3w \u2014 by\u0142 obiektywny i prawid\u0142owo prowadzi\u0142 proces, zapewniaj\u0105c prawo do obrony wszystkim oskar\u017conym. Potwierdzi\u0142 te\u017c wiarygodno\u015b\u0107 zezna\u0144 tzw. ma\u0142ych \u015bwiadk\u00f3w koronnych, skruszonych cz\u0142onk\u00f3w grupy, kt\u00f3rzy zdecydowali si\u0119 na wsp\u00f3\u0142prac\u0119 z policj\u0105 i prokuratur\u0105 i z\u0142o\u017cyli zeznania obci\u0105\u017caj\u0105ce kompan\u00f3w.<\/p>\n<p>Zmieni\u0142 jednak kary wobec cz\u0119\u015bci oskar\u017conych, uniewinniaj\u0105c ich od poszczeg\u00f3lnych zarzut\u00f3w lub zmieniaj\u0105c kwalifikacje czyn\u00f3w. W nielicznych przypadkach s\u0105d apelacyjny uchyli\u0142 fragment wyroku i przekaza\u0142 do ponownego rozpoznania.<\/p>\n<p>Lider grupy us\u0142ysza\u0142 \u0142agodniejsz\u0105 kar\u0119     <\/p>\n<p>Nieznacznie \u0142agodniejsz\u0105 kar\u0119 us\u0142ysza\u0142 m.in. g\u0142\u00f3wny oskar\u017cony uznawany za lidera grupy \u2014 Maciej M. S\u0105d apelacyjny orzek\u0142 wobec niego kar\u0119 \u0142\u0105czn\u0105 11,5 lat wi\u0119zienia, czyli o p\u00f3\u0142 roku mniej, ni\u017c S\u0105d Okr\u0119gowy w Katowicach. Natomiast wy\u017csz\u0105 kar\u0119 \u2014 15 lat wi\u0119zienia zamiast 11 \u2014 us\u0142ysza\u0142 Kajetan B., odpowiadaj\u0105cy m.in. za pobicie ze skutkiem \u015bmiertelnym szalikowca G\u00f3rnika Zabrze.<\/p>\n<p>Proces odwo\u0142awczy si\u0119 przed S\u0105dem Apelacyjnym w Krakowie w marcu. W apelacji prokuratura domaga\u0142a si\u0119 wy\u017cszych kar dla wi\u0119kszo\u015bci oskar\u017conych, a obro\u0144cy uniewinnienia, uchylenia wyroku pierwszej instancji z\u0142agodzenia kary.<\/p>\n<p>Proces w pierwszej instancji toczy\u0142 si\u0119 od 2019 do 2023 r. przed S\u0105dem Okr\u0119gowym w Katowicach. \u015aledztwo w tej sprawie prowadzi\u0142 \u015al\u0105ski Wydzia\u0142 Prokuratury Krajowej.<\/p>\n","protected":false},"excerpt":{"rendered":"W poniedzia\u0142ek s\u0105d og\u0142osi\u0142 prawomocny wyrok w g\u0142\u00f3wnym procesie dotycz\u0105cym Psycho Fans. Dotyczy\u0142 on 46 os\u00f3b, kt\u00f3rym prokuratura&hellip;\n","protected":false},"author":2,"featured_media":467147,"comment_status":"","ping_status":"","sticky":false,"template":"","format":"standard","meta":{"footnotes":"","_share_on_mastodon":"0"},"categories":[51606],"tags":[61195,1304,48,46,55,42,38,40,39,41,1627,1598,47,2228],"class_list":["post-467146","post","type-post","status-publish","format-standard","has-post-thumbnail","category-krakow","tag-bottomfeed_styl","tag-krakow","tag-nat_styl","tag-omp","tag-phx","tag-pl","tag-poland","tag-polish","tag-polska","tag-polski","tag-prokuratura","tag-pseudokibice","tag-screening_general","tag-wyrok"],"share_on_mastodon":{"url":"https:\/\/pubeurope.com\/@pl\/116674843546720837","error":""},"_links":{"self":[{"href":"https:\/\/www.europesays.com\/pl\/wp-json\/wp\/v2\/posts\/467146","targetHints":{"allow":["GET"]}}],"collection":[{"href":"https:\/\/www.europesays.com\/pl\/wp-json\/wp\/v2\/posts"}],"about":[{"href":"https:\/\/www.europesays.com\/pl\/wp-json\/wp\/v2\/types\/post"}],"author":[{"embeddable":true,"href":"https:\/\/www.europesays.com\/pl\/wp-json\/wp\/v2\/users\/2"}],"replies":[{"embeddable":true,"href":"https:\/\/www.europesays.com\/pl\/wp-json\/wp\/v2\/comments?post=467146"}],"version-history":[{"count":0,"href":"https:\/\/www.europesays.com\/pl\/wp-json\/wp\/v2\/posts\/467146\/revisions"}],"wp:featuredmedia":[{"embeddable":true,"href":"https:\/\/www.europesays.com\/pl\/wp-json\/wp\/v2\/media\/467147"}],"wp:attachment":[{"href":"https:\/\/www.europesays.com\/pl\/wp-json\/wp\/v2\/media?parent=467146"}],"wp:term":[{"taxonomy":"category","embeddable":true,"href":"https:\/\/www.europesays.com\/pl\/wp-json\/wp\/v2\/categories?post=467146"},{"taxonomy":"post_tag","embeddable":true,"href":"https:\/\/www.europesays.com\/pl\/wp-json\/wp\/v2\/tags?post=467146"}],"curies":[{"name":"wp","href":"https:\/\/api.w.org\/{rel}","templated":true}]}}