{"id":467397,"date":"2026-06-01T15:05:20","date_gmt":"2026-06-01T15:05:20","guid":{"rendered":"https:\/\/www.europesays.com\/pl\/467397\/"},"modified":"2026-06-01T15:05:20","modified_gmt":"2026-06-01T15:05:20","slug":"brzmienia-chatki-2026-aktualnosci-lublin","status":"publish","type":"post","link":"https:\/\/www.europesays.com\/pl\/467397\/","title":{"rendered":"Brzmienia Chatki &#8211; 2026 &#8211; Aktualno\u015bci &#8211; Lublin"},"content":{"rendered":"<p>W dniach 9\u201312 czerwca 2026 roku ACKiM UMCS Chatka \u017baka ponownie stanie si\u0119 przestrzeni\u0105 spotkania r\u00f3\u017cnych kultur, styl\u00f3w muzycznych i artystycznych energii.<\/p>\n<p>                <a class=\"inner fancybox\" href=\"https:\/\/phavi.umcs.pl\/ph\/r,1024,800\/agicon\/c\/2026\/0601\/68600356a1d83182c76c.png\" rel=\"nofollow noopener\" target=\"_blank\"><br \/>\n                    <img decoding=\"async\" class=\"img\" src=\"https:\/\/www.europesays.com\/pl\/wp-content\/uploads\/2026\/06\/68600356a1d83182c76c.png\" alt=\"Brzmienia Chatki\"\/><br \/>\n                <\/a><\/p>\n<p>Brzmienia Chatki \u017baka to cztery dni koncert\u00f3w, pota\u0144c\u00f3wek i muzycznych spotka\u0144 pod go\u0142ym niebem. Tegoroczny program po\u0142\u0105czy afryka\u0144skie rytmy b\u0119bn\u00f3w, jazzowe aran\u017cacje \u015bwiatowych przeboj\u00f3w, gitarowe granie m\u0142odych zespo\u0142\u00f3w oraz folkow\u0105 pota\u0144c\u00f3wk\u0119 inspirowan\u0105 noc\u0105 \u015bwi\u0119toja\u0144sk\u0105!<\/p>\n<p class=\"isSelectedEnd\">Wszystkie wydarzenia odbywaj\u0105 si\u0119 w ramach cyklu Brzmienia Chatki \u017baka, a wst\u0119p na koncerty jest bezp\u0142atny.<\/p>\n<p>9 czerwca 2026 | 19:00<\/p>\n<p>\u201eW Rytmie Chatki\u201d \u2013 koncert b\u0119bniarski<\/p>\n<p class=\"isSelectedEnd\">Cykl otworzy koncert prezentuj\u0105cy efekty warsztat\u00f3w b\u0119bniarskich prowadzonych przez Agnieszk\u0119 Ko\u0142czewsk\u0105 \u2013 animatork\u0119 kultury, muzyczk\u0119 i kuratork\u0119 linii D\u017awi\u0119k ACKiM UMCS Chatka \u017baka. Na scenie wyst\u0105pi\u0105 studenci r\u00f3\u017cnych uczelni, m.in. UMCS, Uniwersytetu Przyrodniczego oraz KUL, pochodz\u0105cy z Polski, Bia\u0142orusi i Litwy.<\/p>\n<p class=\"isSelectedEnd\">Podczas warsztat\u00f3w uczestnicy poznawali techniki gry na instrumentach perkusyjnych z r\u00f3\u017cnych stron \u015bwiata, takich jak afryka\u0144skie djembe, kuba\u0144skie congi, azjatycka darabuka oraz liczne instrumenty perkusyjne i idiofony. Publiczno\u015b\u0107 us\u0142yszy rytmy inspirowane muzyk\u0105 Afryki, Kuby i Azji, a tak\u017ce autorskie kompozycje Agnieszki Ko\u0142czewskiej. Koncertowi towarzyszy\u0107 b\u0119d\u0105 tradycyjne pie\u015bni afryka\u0144skie wykonywane wsp\u00f3lnie z muzyk\u0105 b\u0119bn\u00f3w.<\/p>\n<p class=\"isSelectedEnd\">Go\u015bcinnie wyst\u0105pi r\u00f3wnie\u017c grupa Remiza Rytmu. Po koncercie organizatorzy zapraszaj\u0105 na pota\u0144c\u00f3wk\u0119 z DJ-em MFWS Piotrem Rz\u0119\u0144c\u0105.<\/p>\n<p>10 czerwca 2026 | 18:00<\/p>\n<p>\u201eKlasyka rozrywki\u201d \u2013 koncert Big Band UMCS<\/p>\n<p class=\"isSelectedEnd\">\u201eKlasyka rozrywki\u201d to koncert \u0142\u0105cz\u0105cy energi\u0119 wsp\u00f3\u0142czesnego big bandu, wokalne harmonie oraz ponadczasowe przeboje muzyki rozrywkowej w nowych aran\u017cacjach. Na scenie wyst\u0105pi\u0105 Big Band UMCS, zesp\u00f3\u0142 wokalny, soli\u015bci oraz wyk\u0142adowcy wokalistyki jazzowej kierunku Jazz i Muzyka Estradowa.<\/p>\n<p class=\"isSelectedEnd\">W programie znajd\u0105 si\u0119 znane utwory, m.in. \u201eRolling in the Deep\u201d, \u201eSir Duke\u201d, \u201eHeal the World\u201d, \u201eCrazy in Love\u201d, \u201eHuman Nature\u201d czy \u201eMercy\u201d, przygotowane w autorskich aran\u017cacjach Adama Jarzmika.<\/p>\n<p class=\"isSelectedEnd\">Projekt \u0142\u0105czy klasyk\u0119 muzyki rozrywkowej z jazzow\u0105 improwizacj\u0105, rozbudowanymi sekcjami d\u0119tymi i energi\u0105 m\u0142odych artyst\u00f3w. \u201eKlasyka rozrywki\u201d to koncert pe\u0142en groove\u2019u, emocji i nowych interpretacji dobrze znanych kompozycji, skierowany zar\u00f3wno do mi\u0142o\u015bnik\u00f3w jazzu, jak i fan\u00f3w muzyki rozrywkowej.<\/p>\n<p>11 czerwca 2026 | 17:00<\/p>\n<p>\u201ePaPa \u017baki!\u201d \u2013 koncert plenerowy<\/p>\n<p class=\"isSelectedEnd\">Trzeciego dnia Brzmie\u0144 Chatki \u017baka scena nale\u017ce\u0107 b\u0119dzie do m\u0142odych zespo\u0142\u00f3w reprezentuj\u0105cych r\u00f3\u017cne odmiany gitarowego grania, alternatywy i mocnych brzmie\u0144.<\/p>\n<p class=\"isSelectedEnd\">Wyst\u0105pi\u0105:<\/p>\n<p class=\"isSelectedEnd\">\u2022 Bullet Haze <br \/>\u2022 Don\u2019t Respond <br \/>\u2022 Dziewid\u0142y <br \/>\u2022 Emmyhone <br \/>\u2022 KOKAVICE<\/p>\n<p class=\"isSelectedEnd\">Publiczno\u015b\u0107 us\u0142yszy mieszank\u0119 rocka, ethno-rocka, metalcore\u2019u, post-hardcore\u2019u i alternatywnego popu. Koncert zgromadzi zespo\u0142y zwi\u0105zane z lubelsk\u0105 scen\u0105 muzyczn\u0105 i \u015brodowiskiem akademickim, prezentuj\u0105ce autorskie kompozycje oraz energetyczne koncertowe brzmienie.<\/p>\n<p>12 czerwca 2026 | 19:00<\/p>\n<p>\u201ePota\u0144c\u00f3wka ko\u0142o Jana\u201d<\/p>\n<p class=\"isSelectedEnd\">Fina\u0142em Brzmie\u0144 Chatki \u017baka b\u0119dzie folkowa pota\u0144c\u00f3wka inspirowana tradycj\u0105 sob\u00f3tki i nocy \u015bwi\u0119toja\u0144skiej. Wydarzenie nawi\u0105zuje do dawnych obrz\u0119d\u00f3w zwi\u0105zanych z wigili\u0105 \u015bw. Jana, takich jak wsp\u00f3lne \u015bpiewy, puszczanie wiank\u00f3w czy ta\u0144ce przy muzyce ludowej.<\/p>\n<p class=\"isSelectedEnd\">W programie wydarzenia znajd\u0105 si\u0119: <br \/>\u2022 warsztaty pie\u015bni ukrai\u0144skich <br \/>\u2022 warsztaty taneczne <br \/>\u2022 wsp\u00f3lna pota\u0144c\u00f3wka <br \/>\u2022 wicie wiank\u00f3w z polnych kwiat\u00f3w<\/p>\n<p class=\"isSelectedEnd\">Do ta\u0144ca zagraj\u0105: <br \/>\u2022 Dusza\/\u0414\u0443\u0448\u0430 <br \/>\u2022 Kapela z Piwnicy <br \/>\u2022 Kapela Barankiewicz\u00f3w<\/p>\n<p class=\"isSelectedEnd\">\u201ePota\u0144c\u00f3wka ko\u0142o Jana\u201d stworzy przestrze\u0144 do wsp\u00f3lnego \u015bwi\u0119towania przy muzyce tradycyjnej z Polski i Ukrainy oraz spotkania wok\u00f3\u0142 kultury ludowej w nowoczesnym, studenckim wydaniu.<\/p>\n","protected":false},"excerpt":{"rendered":"W dniach 9\u201312 czerwca 2026 roku ACKiM UMCS Chatka \u017baka ponownie stanie si\u0119 przestrzeni\u0105 spotkania r\u00f3\u017cnych kultur, styl\u00f3w&hellip;\n","protected":false},"author":2,"featured_media":467398,"comment_status":"","ping_status":"","sticky":false,"template":"","format":"standard","meta":{"footnotes":"","_share_on_mastodon":"0"},"categories":[51612],"tags":[89141,46619,89143,89134,89135,75558,77514,89146,89145,89138,31264,89148,89144,81164,1081,57378,79610,89139,89149,42,38,40,39,41,76244,89136,89147,8803,74849,89142,89137,59467,89150,89140,59440,68456,64963],"class_list":["post-467397","post","type-post","status-publish","format-standard","has-post-thumbnail","category-lublin","tag-afrykanskie","tag-aranzacje","tag-bebnow","tag-brzmienia","tag-chatki","tag-cztery","tag-dni","tag-folkowa","tag-gitarowe","tag-golym","tag-granie","tag-inspirowana","tag-jazzowe","tag-koncertow","tag-lublin","tag-mlodych","tag-muzycznych","tag-niebem","tag-noca","tag-pl","tag-poland","tag-polish","tag-polska","tag-polski","tag-polaczy","tag-potancowek","tag-potancowke","tag-program","tag-przebojow","tag-rytmy","tag-spotkan","tag-swiatowych","tag-swietojanska","tag-tegoroczny","tag-wszystkie","tag-zaka","tag-zespolow"],"share_on_mastodon":{"url":"https:\/\/pubeurope.com\/@pl\/116675472809621603","error":""},"_links":{"self":[{"href":"https:\/\/www.europesays.com\/pl\/wp-json\/wp\/v2\/posts\/467397","targetHints":{"allow":["GET"]}}],"collection":[{"href":"https:\/\/www.europesays.com\/pl\/wp-json\/wp\/v2\/posts"}],"about":[{"href":"https:\/\/www.europesays.com\/pl\/wp-json\/wp\/v2\/types\/post"}],"author":[{"embeddable":true,"href":"https:\/\/www.europesays.com\/pl\/wp-json\/wp\/v2\/users\/2"}],"replies":[{"embeddable":true,"href":"https:\/\/www.europesays.com\/pl\/wp-json\/wp\/v2\/comments?post=467397"}],"version-history":[{"count":0,"href":"https:\/\/www.europesays.com\/pl\/wp-json\/wp\/v2\/posts\/467397\/revisions"}],"wp:featuredmedia":[{"embeddable":true,"href":"https:\/\/www.europesays.com\/pl\/wp-json\/wp\/v2\/media\/467398"}],"wp:attachment":[{"href":"https:\/\/www.europesays.com\/pl\/wp-json\/wp\/v2\/media?parent=467397"}],"wp:term":[{"taxonomy":"category","embeddable":true,"href":"https:\/\/www.europesays.com\/pl\/wp-json\/wp\/v2\/categories?post=467397"},{"taxonomy":"post_tag","embeddable":true,"href":"https:\/\/www.europesays.com\/pl\/wp-json\/wp\/v2\/tags?post=467397"}],"curies":[{"name":"wp","href":"https:\/\/api.w.org\/{rel}","templated":true}]}}