{"id":467682,"date":"2026-06-01T17:56:09","date_gmt":"2026-06-01T17:56:09","guid":{"rendered":"https:\/\/www.europesays.com\/pl\/467682\/"},"modified":"2026-06-01T17:56:09","modified_gmt":"2026-06-01T17:56:09","slug":"katarzyna-wenerska-oficjalnie-w-pge-budowlanych-lodz-super-nowosci","status":"publish","type":"post","link":"https:\/\/www.europesays.com\/pl\/467682\/","title":{"rendered":"Katarzyna Wenerska oficjalnie w PGE Budowlanych \u0141\u00f3d\u017a &#8211; Super Nowo\u015bci"},"content":{"rendered":"<p> 0 <img fetchpriority=\"high\" decoding=\"async\" width=\"819\" height=\"1024\" src=\"https:\/\/www.europesays.com\/pl\/wp-content\/uploads\/2026\/06\/wennn-819x1024.jpg\" alt=\"\" class=\" penci-lazy wp-image-108950\"  \/>Fot. Fb KS DevelopRes Rzesz\u00f3w  <\/p>\n<p class=\"has-medium-font-size wp-block-paragraph\">PGE Budowalni \u0141\u00f3d\u017a oficjalnie potwierdzili transfer Katarzyny Wenerskiej. Rozgrywaj\u0105ca reprezentacji Polski przenosi si\u0119 do \u0141odzi z DevelopResu, gdzie zdoby\u0142a 5 medali TAURON Ligi, 2 Puchary Polski, 2 Superpuchary Polski.<\/p>\n<p class=\"wp-block-paragraph\">SIATK\u00d3WKA. TAURON LIGA<\/p>\n<p class=\"wp-block-paragraph\">33-letnia rozgrywaj\u0105ca przez ostatnie pi\u0119\u0107 sezon\u00f3w wyst\u0119powa\u0142 w Rzeszowie, gdzie trafi\u0142a z Jokera <a class=\"keys_words\" href=\"https:\/\/dbveedu.org\/en\/dbveedushop\" rel=\"nofollow noopener\" target=\"_blank\">DBVeedu Shop \u2014 Luxury Heels, Dresses, Bags &amp; Skincare <\/a> \u015awiecie. Z DevelopResem zdoby\u0142a mistrzostwo Polski i cztery srebrne medale oraz po dwa Puchary Polski i Superpuchary Polski.\u00a0\u2013 Bardzo si\u0119 cieszymy, \u017ce tak utytu\u0142owana i do\u015bwiadczona zawodniczka do\u0142\u0105cza do PGE Budowlanych \u0141\u00f3d\u017a. Mamy jasno okre\u015blon\u0105 wizj\u0119 zespo\u0142u na sezon 2026\/27, a Kasia jest jej niezwykle wa\u017cnym elementem \u2013 m\u00f3wi\u0142 na klubowych mediach spo\u0142eczno\u015bciowych, prezes PGE Budowlanych, Marcin Chudzik.<\/p>\n<p class=\"wp-block-paragraph\">\u2013 Bardzo si\u0119 ciesz\u0119, \u017ce w nadchodz\u0105cym sezonie b\u0119d\u0119 cz\u0119\u015bci\u0105 PGE Budowlanych \u0141\u00f3d\u017a. Mam nadziej\u0119, \u017ce czeka nas sezon pe\u0142en pi\u0119knych <a class=\"keys_words\" href=\"https:\/\/www.rokytnice.com\/en\/rokytshop\/product\/330457-air-force-1-07-lv8-ribbon-sneakers-in-white-and-pink\" rel=\"nofollow noopener\" target=\"_blank\">Nike Air Force 1 &#8217;07 LV8 ribbon sneakers in white and pink <\/a> emocji i \u017ce razem zawalczymy o najwy\u017csze cele. Nie mog\u0119 si\u0119 ju\u017c doczeka\u0107 spotkania z Wami w hali, tak\u017ce do zobaczenia nied\u0142ugo \u2013 doda\u0142a Katarzyna Wenerska.<\/p>\n<p class=\"wp-block-paragraph\">Z kolei by\u0142a siatkarka DevelopResu, Aleksandra Dudek w sezonie 2025\/2026 reprezentowa\u0107 b\u0119dzie zesp\u00f3\u0142 MOYA Radomka Radom. <\/p>\n<p class=\"wp-block-paragraph\">PRZECZYTAJ TE\u017b: <a href=\"https:\/\/supernowosci24.pl\/sport\/siatkowka\/duze-roszady-kadrowe-wicemistrza-polski-z-rzeszowa-amerykana-na-ataku-w-developresie-zmiany-w-sztabie-szkoleniowym\/\" rel=\"nofollow noopener\" target=\"_blank\">Du\u017ce roszady kadrowe wicemistrza Polski z Rzeszowa. Kolejna Amerykanka na ataku w DevelopResie, zmiany w sztabie szkoleniowym<\/a><\/p>\n<p> Mo\u017ce Ci\u0119 zainteresowa\u0107<\/p>\n","protected":false},"excerpt":{"rendered":"0 Fot. Fb KS DevelopRes Rzesz\u00f3w PGE Budowalni \u0141\u00f3d\u017a oficjalnie potwierdzili transfer Katarzyny Wenerskiej. Rozgrywaj\u0105ca reprezentacji Polski przenosi&hellip;\n","protected":false},"author":2,"featured_media":467683,"comment_status":"","ping_status":"","sticky":false,"template":"","format":"standard","meta":{"footnotes":"","_share_on_mastodon":"0"},"categories":[51608],"tags":[89223,34439,3652,42,38,40,39,41,15549,131,17094],"class_list":["post-467682","post","type-post","status-publish","format-standard","has-post-thumbnail","category-lodz","tag-aleksandra-dudek","tag-katarzyna-wenerska","tag-lodz","tag-pl","tag-poland","tag-polish","tag-polska","tag-polski","tag-pzps","tag-siatkowka","tag-tauron-liga"],"share_on_mastodon":{"url":"https:\/\/pubeurope.com\/@pl\/116676145345455192","error":""},"_links":{"self":[{"href":"https:\/\/www.europesays.com\/pl\/wp-json\/wp\/v2\/posts\/467682","targetHints":{"allow":["GET"]}}],"collection":[{"href":"https:\/\/www.europesays.com\/pl\/wp-json\/wp\/v2\/posts"}],"about":[{"href":"https:\/\/www.europesays.com\/pl\/wp-json\/wp\/v2\/types\/post"}],"author":[{"embeddable":true,"href":"https:\/\/www.europesays.com\/pl\/wp-json\/wp\/v2\/users\/2"}],"replies":[{"embeddable":true,"href":"https:\/\/www.europesays.com\/pl\/wp-json\/wp\/v2\/comments?post=467682"}],"version-history":[{"count":0,"href":"https:\/\/www.europesays.com\/pl\/wp-json\/wp\/v2\/posts\/467682\/revisions"}],"wp:featuredmedia":[{"embeddable":true,"href":"https:\/\/www.europesays.com\/pl\/wp-json\/wp\/v2\/media\/467683"}],"wp:attachment":[{"href":"https:\/\/www.europesays.com\/pl\/wp-json\/wp\/v2\/media?parent=467682"}],"wp:term":[{"taxonomy":"category","embeddable":true,"href":"https:\/\/www.europesays.com\/pl\/wp-json\/wp\/v2\/categories?post=467682"},{"taxonomy":"post_tag","embeddable":true,"href":"https:\/\/www.europesays.com\/pl\/wp-json\/wp\/v2\/tags?post=467682"}],"curies":[{"name":"wp","href":"https:\/\/api.w.org\/{rel}","templated":true}]}}