{"id":467763,"date":"2026-06-01T18:44:44","date_gmt":"2026-06-01T18:44:44","guid":{"rendered":"https:\/\/www.europesays.com\/pl\/467763\/"},"modified":"2026-06-01T18:44:44","modified_gmt":"2026-06-01T18:44:44","slug":"orlen-cup-w-zakopanem-rozpoczal-letni-sezon-2026","status":"publish","type":"post","link":"https:\/\/www.europesays.com\/pl\/467763\/","title":{"rendered":"ORLEN Cup w Zakopanem rozpocz\u0105\u0142 letni sezon 2026 &#8211;"},"content":{"rendered":"<p>W gronie rocznik\u00f3w 2013-14 najlepiej poradzi\u0142 sobie Oskar R\u0105czka (KS Czarny Dunajec), kt\u00f3ry l\u0105dowa\u0142 na 54. i 60. metrze. Drugie miejsce wywalczy\u0142 Jan Malczewski (KS Rutkow-ski; 53 i 58 metr\u00f3w) \u2014 przegrywaj\u0105c r\u00f3\u017cnic\u0105 7,7 pkt. Na trzeciej pozycji zameldowa\u0142 si\u0119 Marek Matuszny z Wi\u015bla\u0144skiego Stowarzyszenia Sportowego (56,5 oraz 53,5 metra).<\/p>\n<p>Sklasyfikowano 26 zawodnik\u00f3w.<\/p>\n<p>Potyczka m\u0142odzik\u00f3w, a wi\u0119c skoczk\u00f3w urodzonych w latach 2011-2012, przynios\u0142a pewny triumf Paw\u0142a Wa\u0142acha z Wi\u015bla\u0144skiego Stowarzyszenia Sportowego (59,5 oraz 63,5 metra). Sk\u0142ad podium uzupe\u0142nili Jakub G\u0119bala (SS-R LZS Sok\u00f3\u0142 Szczyrk; 56 oraz 62,5 metra) i Tomas Zlevsky ze S\u0142owacji (57 oraz 58,5 metra).<\/p>\n<p>Na starcie konkursu stan\u0119\u0142o 27 \u015bmia\u0142k\u00f3w.<\/p>\n<p>Po\u015br\u00f3d dziewi\u0119ciu kobiet zdecydowania najdalej lata\u0142a Joanna Kil (LKS Poroniec Poronin). Kombinatorka norweska dolecia\u0142a do 55. i 53. metra Ma\u0142ej Krokwi (HS70). Takie wyniki da\u0142y jej przesz\u0142o trzydziestopunktow\u0105 przewag\u0119 nad Len\u0105 Gw\u00f3\u017ad\u017a (LKS Klimczok Bystra; dwukrotnie 49 metr\u00f3w). Na najni\u017cszym stopniu podium stan\u0119\u0142a Emilia Antosz (KS Czarny Dunajec; 46,5 oraz 45 metr\u00f3w).<\/p>\n<p>Starcie rocznik\u00f3w 2009-2010 zako\u0144czy\u0142o si\u0119 sukcesem Konrada Tomasiaka (LKS Klimczok Bystra), kt\u00f3ry zdominowa\u0142 kategori\u0119 &#8222;Junior m\u0142odszy&#8221;. M\u0142odszy brat Kacpra by\u0142 najlepszy w obu seriach ocenianych, lataj\u0105c na 106. i 103. metr \u015aredniej Krokwi. Jego przewaga nad drugim Mi\u0142oszem Malarzem (KS Rutkow-ski; 99,5 oraz 90,5 metra) wynios\u0142a 32 &#8222;oczka&#8221;. Trzeci wynik dnia uzyska\u0142 Kacper Wantulok (Wi\u015bla\u0144skie Stowarzyszenie Sportowe; 94,5 oraz 85,5 metra).<\/p>\n<p>Zawody uko\u0144czy\u0142o 25 skoczk\u00f3w.<\/p>\n<p>W stawce rocznik\u00f3w 2007-2008 najwi\u0119cej punkt\u00f3w zgromadzi\u0142 Szymon Byrski (LKS Poroniec Poronin; 99,5 oraz 96,5 metra), kt\u00f3ry o trzy punkty ogra\u0142 Micha\u0142a Obtu\u0142owicza (KS Eve-nement Zakopane; 94,5 oraz 100 metr\u00f3w). Najlepsz\u0105 &#8222;3&#8221; zamkn\u0105\u0142 Dawid Dziobo\u0144 (KS Rutkow-ski; 93 i 92 metry).<\/p>\n<p>Swoich si\u0142 spr\u00f3bowa\u0142o 20 zawodnik\u00f3w.<\/p>\n<p>Konkurs m\u0119\u017cczyzn bez limitu wiekowego pad\u0142 \u0142upem Mateusza Gruszki (KS AZS Zakopane; 98,5 oraz 103,5 metra), kt\u00f3ry okaza\u0142 si\u0119 lepszy o dwa punkty od drugiego Szymona Jojki (KS AZS AWF Katowice; 99,5 oraz 101 metr\u00f3w). Za wspomnianym duetem uplasowa\u0142 si\u0119 Mi\u0142osz Krzempek z Wi\u015bla\u0144skiego Stowarzyszenia Sportowego (96,5 oraz 98,5 metra).<\/p>\n<p>Zawody uko\u0144czy\u0142o 19 skoczk\u00f3w.<\/p>\n<p>W niedziel\u0119 odb\u0119dzie si\u0119 druga cz\u0119\u015b\u0107 zmaga\u0144 w ramach weekendu otwieraj\u0105cego letni sezon ORLEN Cup 2026. Tytularnym sponsorem programu ORLEN Szukamy Nast\u0119pc\u00f3w Mistrza jest ORLEN S.A., natomiast organizatorem zawod\u00f3w ORLEN Cup jest Polski Zwi\u0105zek Narciarski.<\/p>\n","protected":false},"excerpt":{"rendered":"W gronie rocznik\u00f3w 2013-14 najlepiej poradzi\u0142 sobie Oskar R\u0105czka (KS Czarny Dunajec), kt\u00f3ry l\u0105dowa\u0142 na 54. i 60.&hellip;\n","protected":false},"author":2,"featured_media":467764,"comment_status":"","ping_status":"","sticky":false,"template":"","format":"standard","meta":{"footnotes":"","_share_on_mastodon":"0"},"categories":[52097],"tags":[61195,48,46,774,55,42,38,40,39,41,47,1559,127],"class_list":["post-467763","post","type-post","status-publish","format-standard","has-post-thumbnail","category-orlen","tag-bottomfeed_styl","tag-nat_styl","tag-omp","tag-orlen","tag-phx","tag-pl","tag-poland","tag-polish","tag-polska","tag-polski","tag-screening_general","tag-skijumping","tag-sport"],"share_on_mastodon":{"url":"https:\/\/pubeurope.com\/@pl\/116676333619777600","error":""},"_links":{"self":[{"href":"https:\/\/www.europesays.com\/pl\/wp-json\/wp\/v2\/posts\/467763","targetHints":{"allow":["GET"]}}],"collection":[{"href":"https:\/\/www.europesays.com\/pl\/wp-json\/wp\/v2\/posts"}],"about":[{"href":"https:\/\/www.europesays.com\/pl\/wp-json\/wp\/v2\/types\/post"}],"author":[{"embeddable":true,"href":"https:\/\/www.europesays.com\/pl\/wp-json\/wp\/v2\/users\/2"}],"replies":[{"embeddable":true,"href":"https:\/\/www.europesays.com\/pl\/wp-json\/wp\/v2\/comments?post=467763"}],"version-history":[{"count":0,"href":"https:\/\/www.europesays.com\/pl\/wp-json\/wp\/v2\/posts\/467763\/revisions"}],"wp:featuredmedia":[{"embeddable":true,"href":"https:\/\/www.europesays.com\/pl\/wp-json\/wp\/v2\/media\/467764"}],"wp:attachment":[{"href":"https:\/\/www.europesays.com\/pl\/wp-json\/wp\/v2\/media?parent=467763"}],"wp:term":[{"taxonomy":"category","embeddable":true,"href":"https:\/\/www.europesays.com\/pl\/wp-json\/wp\/v2\/categories?post=467763"},{"taxonomy":"post_tag","embeddable":true,"href":"https:\/\/www.europesays.com\/pl\/wp-json\/wp\/v2\/tags?post=467763"}],"curies":[{"name":"wp","href":"https:\/\/api.w.org\/{rel}","templated":true}]}}