{"id":467862,"date":"2026-06-01T19:48:09","date_gmt":"2026-06-01T19:48:09","guid":{"rendered":"https:\/\/www.europesays.com\/pl\/467862\/"},"modified":"2026-06-01T19:48:09","modified_gmt":"2026-06-01T19:48:09","slug":"kaprysna-pogoda-w-dlugi-czerwcowy-weekend-w-trojmiescie","status":"publish","type":"post","link":"https:\/\/www.europesays.com\/pl\/467862\/","title":{"rendered":"Kapry\u015bna pogoda w d\u0142ugi, czerwcowy weekend w Tr\u00f3jmie\u015bcie"},"content":{"rendered":"<p class=\"lead\">D\u0142ugi weekend czerwcowy nad polskim morzem przyniesie pogod\u0119 w\u00a0kratk\u0119. W\u00a0Tr\u00f3jmie\u015bcie termometry poka\u017c\u0105 od 16 do 22 st. C, a\u00a0w s\u0142o\u0144cu odczuwalnie b\u0119dzie nieco cieplej. Nale\u017cy liczy\u0107 si\u0119 jednak z\u00a0przelotnymi opadami i\u00a0burzami. <a data-tklik=\"352245\" target=\"_blank\" href=\"https:\/\/www.trojmiasto.pl\/#pogoda\" rel=\"nofollow noopener\">Bie\u017c\u0105c\u0105 pogod\u0119 znale\u017a\u0107 mo\u017cna w dolnej cz\u0119\u015bci strony Trojmiasto.pl<\/a>.<\/p>\n<p>Prognoza na Tr\u00f3jmiasto: wachlarz zjawisk<\/p>\n<p>                                prawdziwy &#8222;gor\u0105c&#8221; &#8211; lubi\u0119 kiedy jest naprawd\u0119 ciep\u0142o<br \/>\n                                32%<\/p>\n<p>                                umiarkowana &#8211; tak w granicach 20-22 stopni C<br \/>\n                                54%<\/p>\n<p>                                raczej ch\u0142odna, mi\u0119dzy 15 a 20 stopni C<br \/>\n                                9%<\/p>\n<p>                                zimna, poni\u017cej 15 stopni C<br \/>\n                                5%<\/p>\n<p>W &#8222;czerwc\u00f3wk\u0119&#8221;, czyli d\u0142ugi weekend mi\u0119dzy 4 a\u00a07 czerwca, czeka nas kapry\u015bna aura. Poranki zapowiadaj\u0105 si\u0119 rze\u015bkie: z\u00a0temperatur\u0105 mi\u0119dzy 16 a\u00a018 st. C, popo\u0142udnia b\u0119d\u0105 przyjemniejsze. Na s\u0142upkach termometr\u00f3w zobaczymy wtedy 20-22 st. C. Chmury b\u0119d\u0105 przeplata\u0142y si\u0119 z\u00a0rozpogodzeniami, a\u00a0kr\u00f3tkie, intensywne opady mog\u0105 przechodzi\u0107 w\u0105skimi pasmami. Burze mo\u017cliwe s\u0105 g\u0142\u00f3wnie po po\u0142udniu i\u00a0wieczorem, miejscami z\u00a0silniejszym wiatrem.Kiedy s\u0142o\u0144ce, kiedy deszcz?<\/p>\n<p>Jak prognozuj\u0105 synoptycy, najwi\u0119cej przeja\u015bnie\u0144 zapowiada si\u0119 rano i\u00a0tu\u017c po po\u0142udniu, zanim rozwin\u0105 si\u0119 kom\u00f3rki konwekcyjne. W\u00a0tych oknach pogodowych odczuwalnie b\u0119dzie 23-24 st. C, zw\u0142aszcza w\u00a0os\u0142oni\u0119tych miejscach Sopotu i\u00a0Gdyni. Po po\u0142udniu ro\u015bnie ryzyko przelotnych ulew i\u00a0burz, dlatego <a href=\"https:\/\/katalog.trojmiasto.pl\/wypoczynek\" class=\"parse-link\" title=\"Wypoczynek to klucz do zdrowia i dobrego samopoczucia. Odpoczywaj\u0105c, regenerujemy si\u0142y, redukujemy stres i poprawiamy koncentracj\u0119. Warto zadba\u0107 o regularne chwile relaksu, aby cieszy\u0107 si\u0119 pe\u0142ni\u0105 \u017cycia. Wybierz aktywno\u015bci, kt\u00f3re sprawiaj\u0105 rado\u015b\u0107 i pozwalaj\u0105 na pe\u0142ne odpr\u0119\u017cenie\" rel=\"nofollow noopener\" target=\"_blank\">wypoczynek<\/a> na pla\u017cy warto planowa\u0107 wcze\u015bniej.<\/p>\n<p>Wiatr, morze i\u00a0warunki na pla\u017cy<\/p>\n<p>Wiatr zachodni i\u00a0p\u00f3\u0142nocnozachodni powieje umiarkowanie w\u00a0porywach do 20 km\/godz. Synoptycy zapowiadaj\u0105 te\u017c tzw. indeks UV umiarkowany do wysokiego &#8211; oznacza to, \u017ce krem z\u00a0filtrem jest obowi\u0105zkowy.<\/p>\n<p><a data-tklik=\"335089\" target=\"_blank\" href=\"https:\/\/www.trojmiasto.pl\/#sor\" class=\"link-info-box\" rel=\"nofollow noopener\"><\/p>\n<p>Zdarzy\u0142 si\u0119 wypadek? Sprawd\u017a aktualn\u0105 kolejk\u0119 na SOR<\/p>\n<p><\/a><\/p>\n<p>Jak si\u0119 przygotowa\u0107 na pogod\u0119 w\u00a0d\u0142ugi, czerwcowy weekend?<\/p>\n<p>Cho\u0107 b\u0119dzie sporo s\u0142o\u0144ca, wybieraj\u0105c si\u0119 na d\u0142u\u017csz\u0105 wycieczk\u0119 poza dom, warto mie\u0107 przy sobie lekk\u0105 kurtk\u0119 przeciwdeszczow\u0105 i\u00a0cienki sweter na wiecz\u00f3r. Warto \u015bledzi\u0107 bie\u017c\u0105ce prognozy pogody, alerty IMGW i\u00a0pami\u0119ta\u0107: w\u00a0czasie burzy nie wchodzimy do wody ani na molo.<\/p>\n<p><a href=\"https:\/\/www.trojmiasto.pl\/wiadomosci\/Dlaczego-nie-wolno-kapac-sie-w-morzu-podczas-burzy-n190796.html\" data-tklik=\"207103\" class=\"marker-news component newsMarker\" rel=\"nofollow noopener\" target=\"_blank\"><br \/>\n            <img decoding=\"async\" src=\"https:\/\/www.europesays.com\/pl\/wp-content\/uploads\/2026\/06\/3768860__c_192_0_1029_720__kr.webp\" alt=\"Dlaczego nie wolno k\u0105pa\u0107 si\u0119 w morzu podczas burzy?\" class=\"lazy newsMarker__img\"\/><br \/>\n        Dlaczego nie wolno k\u0105pa\u0107 si\u0119 w morzu podczas burzy?<br \/>\n<\/a>\n                <\/p>\n","protected":false},"excerpt":{"rendered":"D\u0142ugi weekend czerwcowy nad polskim morzem przyniesie pogod\u0119 w\u00a0kratk\u0119. W\u00a0Tr\u00f3jmie\u015bcie termometry poka\u017c\u0105 od 16 do 22 st. C,&hellip;\n","protected":false},"author":2,"featured_media":467863,"comment_status":"","ping_status":"","sticky":false,"template":"","format":"standard","meta":{"footnotes":"","_share_on_mastodon":"0"},"categories":[51610],"tags":[8750,3139,168,3703,89261,22950,169,3754,60157,1048,1064,167,89263,3752,63779,14860,43475,15183,1615,38522,42,78,38,40,39,41,55336,54596,21109,89262,1984,1063,11479,9882,89264,1652,74434,4000,17038,16655,6258,9257,17776,2588],"class_list":["post-467862","post","type-post","status-publish","format-standard","has-post-thumbnail","category-gdansk","tag-aura","tag-baltyk","tag-burza","tag-chmura","tag-czerwcowka","tag-czerwiec","tag-deszcz","tag-dom","tag-filtr","tag-gdansk","tag-gdynia","tag-imgw","tag-indeks-uv","tag-kolejka","tag-krem","tag-kurtka","tag-molo","tag-moment","tag-morze","tag-opad","tag-pl","tag-pogoda","tag-poland","tag-polish","tag-polska","tag-polski","tag-popoludnie","tag-poranek","tag-prognoza","tag-rozpogodzenie","tag-slonce","tag-sopot","tag-sor","tag-strona","tag-sweter","tag-temperatura","tag-termometr","tag-trojmiasto","tag-trojmiasto-pl","tag-ulewa","tag-weekend","tag-wiatr","tag-wycieczka","tag-wypadek"],"share_on_mastodon":{"url":"https:\/\/pubeurope.com\/@pl\/116676586096491731","error":""},"_links":{"self":[{"href":"https:\/\/www.europesays.com\/pl\/wp-json\/wp\/v2\/posts\/467862","targetHints":{"allow":["GET"]}}],"collection":[{"href":"https:\/\/www.europesays.com\/pl\/wp-json\/wp\/v2\/posts"}],"about":[{"href":"https:\/\/www.europesays.com\/pl\/wp-json\/wp\/v2\/types\/post"}],"author":[{"embeddable":true,"href":"https:\/\/www.europesays.com\/pl\/wp-json\/wp\/v2\/users\/2"}],"replies":[{"embeddable":true,"href":"https:\/\/www.europesays.com\/pl\/wp-json\/wp\/v2\/comments?post=467862"}],"version-history":[{"count":0,"href":"https:\/\/www.europesays.com\/pl\/wp-json\/wp\/v2\/posts\/467862\/revisions"}],"wp:featuredmedia":[{"embeddable":true,"href":"https:\/\/www.europesays.com\/pl\/wp-json\/wp\/v2\/media\/467863"}],"wp:attachment":[{"href":"https:\/\/www.europesays.com\/pl\/wp-json\/wp\/v2\/media?parent=467862"}],"wp:term":[{"taxonomy":"category","embeddable":true,"href":"https:\/\/www.europesays.com\/pl\/wp-json\/wp\/v2\/categories?post=467862"},{"taxonomy":"post_tag","embeddable":true,"href":"https:\/\/www.europesays.com\/pl\/wp-json\/wp\/v2\/tags?post=467862"}],"curies":[{"name":"wp","href":"https:\/\/api.w.org\/{rel}","templated":true}]}}