{"id":467978,"date":"2026-06-01T21:15:31","date_gmt":"2026-06-01T21:15:31","guid":{"rendered":"https:\/\/www.europesays.com\/pl\/467978\/"},"modified":"2026-06-01T21:15:31","modified_gmt":"2026-06-01T21:15:31","slug":"zuzel-blad-sedziego-w-lublinie-demski-wykluczylby-zawodnika-motoru","status":"publish","type":"post","link":"https:\/\/www.europesays.com\/pl\/467978\/","title":{"rendered":"\u017bu\u017cel. B\u0142\u0105d s\u0119dziego w Lublinie? Demski wykluczy\u0142by zawodnika Motoru"},"content":{"rendered":"\n<p class=\"contentpart contentpart--default contentpart--text\" data-position=\"0\"><a href=\"https:\/\/sportowefakty.wp.pl\/zuzel\/orlen-oil-motor-lublin\" rel=\"nofollow noopener\" target=\"_blank\">Orlen Oil Motor Lublin<\/a>\u00a0zanotowa\u0142 seri\u0119 31. zwyci\u0119stw z rz\u0119du na w\u0142asnym torze. W pi\u0105tek (29 maja) m\u00f3g\u0142 j\u0105 powi\u0119kszy\u0107, kiedy to w ramach 7. kolejki <a href=\"https:\/\/sportowefakty.wp.pl\/zuzel\/pge-ekstraliga\" rel=\"nofollow noopener\" target=\"_blank\">PGE Ekstraligi<\/a>\u00a0zmierzy\u0142 si\u0119 z <a href=\"https:\/\/sportowefakty.wp.pl\/zuzel\/bayersystem-gkm-grudziadz\" rel=\"nofollow noopener\" target=\"_blank\">Bayersystem GKM-em Grudzi\u0105dz<\/a>.<\/p>\n<p class=\"contentpart contentpart--default contentpart--text\" data-position=\"1\">Cho\u0107 Lublinianie musieli radzi\u0107 sobie bez kontuzjowanego Frederika Lindgrena, to i tak byli zdecydowanymi faworytami. Tymczasem Grudzi\u0105dzanie okazali si\u0119 minimalnie lepsi, zwyci\u0119\u017caj\u0105c 46:44.<\/p>\n<p>  <img decoding=\"async\" src=\"https:\/\/v.wpimg.pl\/X3dwLnN2d1IFFTpdYUl6R0ZNbgcnEHQREVV2TGEGbUtRT2MdOlZ2RBQUKABgQjQcDRotCStBd1IAAWMeIlM7VgwYIAorQAdEFFk_GCkQJQ\" alt=\"\" width=\"45\" height=\"58\" loading=\"lazy\"\/>  <\/p>\n<p class=\"contentpart contentpart--default contentpart--text\" data-position=\"2\">ZOBACZ WIDEO: Magazyn PGE Ekstraligi. Go\u015bcie: Bajerski, Zengota oraz Douglas<\/p>\n<p class=\"contentpart contentpart--default contentpart--text\" data-position=\"4\">W niedzielnym Magazynie PGE Ekstraligi na antenie Canal+ Sport szef s\u0119dzi\u00f3w <a href=\"https:\/\/sportowefakty.wp.pl\/zuzel\/leszek-demski\" rel=\"nofollow noopener\" target=\"_blank\">Leszek Demski<\/a>\u00a0dopatrzy\u0142 si\u0119 kontrowersji w tej rywalizacji. Chodzi o sytuacj\u0119 z 8. biegu, kiedy to <a href=\"https:\/\/sportowefakty.wp.pl\/zuzel\/bartosz-jaworski\" rel=\"nofollow noopener\" target=\"_blank\">Bartosz Jaworski<\/a>\u00a0spowodowa\u0142 upadek <a href=\"https:\/\/sportowefakty.wp.pl\/zuzel\/bartosz-banbor\" rel=\"nofollow noopener\" target=\"_blank\">Bartosza Ba\u0144bora<\/a>, a <a href=\"https:\/\/sportowefakty.wp.pl\/zuzel\/michal-sasien\" rel=\"nofollow noopener\" target=\"_blank\">Micha\u0142 Sasie\u0144<\/a>\u00a0podj\u0105\u0142 decyzj\u0119 o powt\u00f3rce w pe\u0142nym sk\u0142adzie.<\/p>\n<p class=\"contentpart contentpart--default contentpart--text\" data-position=\"5\">&#8211; Spodziewa\u0142em si\u0119 wykluczenia. Inaczej m\u00f3wi\u0105c, wskazuj\u0105c winnego nale\u017cy wskaza\u0107 zawodnika w kasku czerwonym (Jaworskiego &#8211; przyp. red.) &#8211; powiedzia\u0142 Demski.<\/p>\n<p class=\"contentpart contentpart--default contentpart--text\" data-position=\"6\">Prowadz\u0105cy <a href=\"https:\/\/sportowefakty.wp.pl\/zuzel\/michal-mitrut\" rel=\"nofollow noopener\" target=\"_blank\">Micha\u0142 Mitrut<\/a>\u00a0postanowi\u0142 jeszcze dopyta\u0107 o t\u0119 sytuacj\u0119. &#8211;\u00a0Gdyby Leszek Demski by\u0142 na wie\u017cy, to by\u0142aby powt\u00f3rka w czterech czy wykluczenie? &#8211; brzmia\u0142y jego s\u0142owa.<\/p>\n<p>  <img decoding=\"async\" src=\"https:\/\/v.wpimg.pl\/X3dwLnN2d1IFFTpdYUl6R0ZNbgcnEHQREVV2TGEGbUtRT2MdOlZ2RBQUKABgQjQcDRotCStBd1IAAWMeIlM7VgwYIAorQAdEFFk_GCkQJQ\" alt=\"\" width=\"45\" height=\"58\" loading=\"lazy\"\/>  <\/p>\n<p class=\"contentpart contentpart--default contentpart--text\" data-position=\"7\">&#8211; Tak jak powiedzia\u0142em, nale\u017cy wskaza\u0107 zawodnika w kasku czerwonym &#8211; odpar\u0142 szef s\u0119dzi\u00f3w.<\/p>\n<p class=\"contentpart contentpart--default contentpart--text\" data-position=\"8\">Ostatecznie niewiele zabrak\u0142o, by wspomniany wy\u015bcig zako\u0144czy\u0142 si\u0119 zwyci\u0119stwem Motoru. Jednak na ostatnich metrach Wadim Tarasienko wyprzedzi\u0142 Ba\u0144bora, a Bastian Pedersen Jaworskiego i gospodarze zamiast zwyci\u0119stwa 4:2 przegrali 2:4.<\/p>\n","protected":false},"excerpt":{"rendered":"Orlen Oil Motor Lublin\u00a0zanotowa\u0142 seri\u0119 31. zwyci\u0119stw z rz\u0119du na w\u0142asnym torze. W pi\u0105tek (29 maja) m\u00f3g\u0142 j\u0105&hellip;\n","protected":false},"author":2,"featured_media":467979,"comment_status":"","ping_status":"","sticky":false,"template":"","format":"standard","meta":{"footnotes":"","_share_on_mastodon":"0"},"categories":[51612],"tags":[6925,8052,3401,89308,1081,55267,2164,1334,42,38,40,39,41,2162,174],"class_list":["post-467978","post","type-post","status-publish","format-standard","has-post-thumbnail","category-lublin","tag-bartosz-banbor","tag-bartosz-jaworski","tag-bayersystem-gkm-grudziadz","tag-leszek-demski","tag-lublin","tag-michal-sasien","tag-orlen-oil-motor-lublin","tag-pge-ekstraliga","tag-pl","tag-poland","tag-polish","tag-polska","tag-polski","tag-stadion-mosir-bystrzyca-w-lublinie","tag-zuzel"],"share_on_mastodon":{"url":"https:\/\/pubeurope.com\/@pl\/116676928223315519","error":""},"_links":{"self":[{"href":"https:\/\/www.europesays.com\/pl\/wp-json\/wp\/v2\/posts\/467978","targetHints":{"allow":["GET"]}}],"collection":[{"href":"https:\/\/www.europesays.com\/pl\/wp-json\/wp\/v2\/posts"}],"about":[{"href":"https:\/\/www.europesays.com\/pl\/wp-json\/wp\/v2\/types\/post"}],"author":[{"embeddable":true,"href":"https:\/\/www.europesays.com\/pl\/wp-json\/wp\/v2\/users\/2"}],"replies":[{"embeddable":true,"href":"https:\/\/www.europesays.com\/pl\/wp-json\/wp\/v2\/comments?post=467978"}],"version-history":[{"count":0,"href":"https:\/\/www.europesays.com\/pl\/wp-json\/wp\/v2\/posts\/467978\/revisions"}],"wp:featuredmedia":[{"embeddable":true,"href":"https:\/\/www.europesays.com\/pl\/wp-json\/wp\/v2\/media\/467979"}],"wp:attachment":[{"href":"https:\/\/www.europesays.com\/pl\/wp-json\/wp\/v2\/media?parent=467978"}],"wp:term":[{"taxonomy":"category","embeddable":true,"href":"https:\/\/www.europesays.com\/pl\/wp-json\/wp\/v2\/categories?post=467978"},{"taxonomy":"post_tag","embeddable":true,"href":"https:\/\/www.europesays.com\/pl\/wp-json\/wp\/v2\/tags?post=467978"}],"curies":[{"name":"wp","href":"https:\/\/api.w.org\/{rel}","templated":true}]}}