{"id":468667,"date":"2026-06-02T06:14:09","date_gmt":"2026-06-02T06:14:09","guid":{"rendered":"https:\/\/www.europesays.com\/pl\/468667\/"},"modified":"2026-06-02T06:14:09","modified_gmt":"2026-06-02T06:14:09","slug":"polska-firma-wyrzucona-z-placu-budowy-lwow-nie-placi-oszukali-nas-i-okradli-biznes-wprost","status":"publish","type":"post","link":"https:\/\/www.europesays.com\/pl\/468667\/","title":{"rendered":"Polska firma wyrzucona z placu budowy, Lw\u00f3w nie p\u0142aci. \u201eOszukali nas i okradli\u201d \u2013 Biznes Wprost"},"content":{"rendered":"\n<p>&#13;<br \/>\nSp\u00f3\u0142ka z\u00a0Polski projektuje i\u00a0buduje kompleksowe instalacje i\u00a0obiekty technologiczne \u2013\u00a0w\u00a0czym specjalizuje si\u0119 od\u00a0trzech dekad. Je\u015bli chodzi o\u00a0projekt realizowany w\u00a0Ukrainie \u2013\u00a0o\u00a0warto\u015bci ponad 36 milion\u00f3w euro [w tym momencie, po\u00a0przeliczeniu na\u00a0polskie z\u0142ote, by\u0142oby to\u00a0oko\u0142o 152,5 mln \u2013\u00a0przyp. red.] \u2013\u00a0polega on na\u00a0budowie instalacji przetwarzania odpad\u00f3w. &#13;\n<\/p>\n<p>&#13;<br \/>\nZosta\u0142 uko\u0144czony niemal w\u00a0ca\u0142o\u015bci (w 95 procentach). Na\u00a0drodze stan\u0119\u0142y jednak problemy. Mer Lwowa wystosowa\u0142 pismo dotycz\u0105ce firmy Control Process do\u00a0premiera Donalda Tuska. Andrij Sadowy domaga si\u0119 interwencji polskich w\u0142adz \u2013\u00a0w\u00a0li\u015bcie skar\u017cy\u0142 si\u0119, \u017ce\u00a0sp\u00f3\u0142ka m.in. nie\u00a0wywi\u0105zuje si\u0119 w\u00a0terminie ze\u00a0swoich zobowi\u0105za\u0144. &#13;\n<\/p>\n<p>&#13;<br \/>\nS\u0119k w\u00a0tym, \u017ce\u00a0Control Process wszystkie procesy arbitra\u017cowe wygra\u0142. Ale\u00a0co\u00a0z\u00a0tego? W\u00a0\u017caden spos\u00f3b nie\u00a0wp\u0142yn\u0119\u0142o to\u00a0na po\u0142o\u017cenie sp\u00f3\u0142ki, kt\u00f3ra na\u00a0projekcie w\u00a0Ukrainie wy\u0142\u0105cznie traci. &#13;\n<\/p>\n<p>Ukraina. Polska firma poszkodowana. \u201eMiasto Lw\u00f3w nas oszuka\u0142o i\u00a0okrad\u0142o\u201d<\/p>\n<p>&#13;<br \/>\nPortal Business Insider, kt\u00f3ry napisa\u0142 <a href=\"https:\/\/biznes.wprost.pl\/firmy-i-rynki\/12342123\/wypychanie-z-rynku-i-wszechobecna-korupcja-polski-biznes-nie-ma-lekko-na-ukrainie.html\" rel=\"nofollow noopener\" target=\"_blank\">o problemach polskiej firmy<\/a>, zwr\u00f3ci\u0142 si\u0119 do\u00a0przedstawicieli CP z\u00a0pro\u015bb\u0105 o\u00a0komentarz. \u201ePrzy 95 proc. uko\u0144czenia zak\u0142adu jeste\u015bmy na\u00a0debecie rz\u0119du 17-18 mln euro na\u00a0tym projekcie\u201d \u2013\u00a0wskazali. Wi\u0119kszo\u015b\u0107 z\u00a0tej kwoty \u2013\u00a010 mln \u2013\u00a0to\u00a0d\u0142ug miasta, kt\u00f3re nie\u00a0zap\u0142aci\u0142o za\u00a0ju\u017c wykonane prace. Kolejne 3,6 mln \u2013\u00a0to\u00a0zerwane gwarancje nale\u017cytego wykonania. Jest jeszcze 1\u00a0mln \u2013\u00a0za\u00a0wykonane roboty pozakontraktowe i\u00a04,9 mln (w tym odsetki) \u2013\u00a0tyle wynosz\u0105 kary, kt\u00f3re arbitra\u017c przy organizacji in\u017cynierskiej FIDIC na\u0142o\u017cy\u0142 na\u00a0Lw\u00f3w za\u00a0wywo\u0142anie op\u00f3\u017anienia w\u00a0realizacji prac \u2013\u00a0wymienia redakcja. Miasto nie\u00a0pokry\u0142o tej kwoty. &#13;\n<\/p>\n<p>&#13;<br \/>\nSp\u00f3\u0142ka wskaza\u0142a, \u017ce\u00a0\u201ema 700 pracownik\u00f3w w\u00a0ca\u0142ej grupie Control Process oraz\u00a0oko\u0142o 2\u00a0tys. os\u00f3b u\u00a0dostawc\u00f3w i\u00a0producent\u00f3w w\u00a0ca\u0142ej Europie\u201d. \u201eTo\u00a0ogromna siatka ludzi i\u00a0firm, kt\u00f3rzy zostali nieop\u0142aceni przez to, \u017ce\u00a0miasto Lw\u00f3w nas oszuka\u0142o i\u00a0okrad\u0142o\u201d \u2013\u00a0podkre\u015blono w\u00a0o\u015bwiadczeniu. &#13;\n<\/p>\n<p>&#13;<br \/>\nCP nie\u00a0ma\u00a0w\u00a0tym momencie dost\u0119pu do\u00a0swojego maj\u0105tku, kt\u00f3ry pozosta\u0142 na\u00a0placu budowy we\u00a0Lwowie. Miasto nie\u00a0zamierza zap\u0142aci\u0107 i\u00a0nic nie\u00a0robi sobie z\u00a0rozstrzygni\u0119\u0107. Odcina te\u017c firm\u0119 od\u00a0dost\u0119pu do\u00a0jej mienia o\u00a0warto\u015bci bagatela 9,3 mln EUR. &#13;\n<\/p>\n<p>W\u0142adze Lwowa nie\u00a0kwapi\u0105 si\u0119, by\u00a0zap\u0142aci\u0107 sp\u00f3\u0142ce Control Process<\/p>\n<p>&#13;<br \/>\nW czwartek (28 maja) mia\u0142o miejsce posiedzenie rady miasta. Po\u00a0raz kolejny deputowani zdecydowali si\u0119 zaapelowa\u0107 ws. projektu do\u00a0szefa polskiego rz\u0105du. Samorz\u0105dowcy nie\u00a0chc\u0105 respektowa\u0107 ani DAB [Dispute Adjudication Board \u2013\u00a0red.], ani decyzji arbitra\u017cu Mi\u0119dzynarodowej Izby Handlowej w\u00a0Pary\u017cu, kt\u00f3ra zapad\u0142a w\u00a0po\u0142owie maja tego roku \u2013\u00a0poinformowa\u0142 Business Insider. &#13;\n<\/p>\n<p>&#13;<br \/>\nSadowy opublikowa\u0142 post na\u00a0Facebooku. \u201eNie chcieli\u015bmy przenosi\u0107 tej historii do\u00a0sfery publicznej. Bo\u00a0ten projekt mia\u0142 by\u0107 kolejnym przyk\u0142adem udanej pracy polskiego biznesu na\u00a0Ukrainie \u2014\u00a0jednym z\u00a0setek projekt\u00f3w, w\u00a0kt\u00f3rych firmy wywi\u0105zuj\u0105 si\u0119 ze\u00a0swoich obowi\u0105zk\u00f3w i\u00a0otrzymuj\u0105 za\u00a0to\u00a0wynagrodzenie. Zamiast tego mamy sytuacj\u0119, w\u00a0kt\u00f3rej gmina lwowska za\u00a0wykonane prace zap\u0142aci\u0142a ju\u017c ponad 30 mln euro, a\u00a0sam projekt nadal nie\u00a0jest uko\u0144czony. I\u00a0wa\u017cne jest, aby\u00a0zrozumie\u0107: to\u00a0nie jest inwestycja prywatna, ale\u00a0fundusze spo\u0142eczno\u015bci miejskiej\u201d \u2013\u00a0stwierdzi\u0142 mer. &#13;\n<\/p>\n<p>&#13;<br \/>\nCo na\u00a0to\u00a0Control Process? \u201eW\u00a0naszej ocenie dzia\u0142ania w\u0142adz Lwowa stanowi\u0105 ra\u017c\u0105ce naruszenie kontraktu i\u00a0zasad wsp\u00f3\u0142pracy z\u00a0inwestorem zagranicznym. Miasto Lw\u00f3w nie\u00a0tylko nie\u00a0wykonuje w\u0142asnych obowi\u0105zk\u00f3w, ale\u00a0pr\u00f3buje przedstawia\u0107 polskiego wykonawc\u0119 jako stron\u0119 odpowiedzialn\u0105 za\u00a0problemy inwestycji, mimo \u017ce\u00a0to\u00a0po stronie miasta pozostaj\u0105 niewykonane zewn\u0119trzne prace konieczne do\u00a0uruchomienia zak\u0142adu\u201d \u2013\u00a0brzmi stanowisko firmy, kt\u00f3re zacytowa\u0142 portal. &#13;\n<\/p>\n<p>&#13;<br \/>\nfacebookCzytaj te\u017c:<br \/><a href=\"https:\/\/podroze.wprost.pl\/miejsca\/12343989\/to-najstarszy-dzialajacy-dworzec-kolejowy-w-polsce-wkrotce-znow-odzyska-blask.html\" rel=\"follow nofollow noopener\" data-schema=\"WPROST\" data-image=\"https:\/\/img.wprost.pl\/_thumb\/58\/af\/7ec86167e7e96db4397a3cd80f70.jpeg\" target=\"_blank\">Najstarszy czynny dworzec kolejowy w\u00a0Polsce. Wkr\u00f3tce tury\u015bci zn\u00f3w z\u00a0niego skorzystaj\u0105<\/a>Czytaj te\u017c:<br \/><a href=\"https:\/\/podroze.wprost.pl\/turystyka\/12345423\/oto-nowy-najdrozszy-kraj-swiata-pokonal-nawet-szwajcarie.html\" rel=\"follow nofollow noopener\" data-schema=\"WPROST\" data-image=\"https:\/\/img.wprost.pl\/_thumb\/68\/7b\/f3f4c89e95ffa8042cea799117b1.jpeg\" target=\"_blank\">Pokona\u0142 nawet Szwajcari\u0119 i\u00a0Norwegi\u0119. W\u00a0tym kraju tury\u015bci zostawiaj\u0105 fortun\u0119<\/a>&#13;<\/p>\n","protected":false},"excerpt":{"rendered":"&#13; Sp\u00f3\u0142ka z\u00a0Polski projektuje i\u00a0buduje kompleksowe instalacje i\u00a0obiekty technologiczne \u2013\u00a0w\u00a0czym specjalizuje si\u0119 od\u00a0trzech dekad. Je\u015bli chodzi o\u00a0projekt realizowany&hellip;\n","protected":false},"author":2,"featured_media":468668,"comment_status":"","ping_status":"","sticky":false,"template":"","format":"standard","meta":{"footnotes":"","_share_on_mastodon":"0"},"categories":[12],"tags":[64225,52765,9665,42,38,40,39,41,415,43315],"class_list":["post-468667","post","type-post","status-publish","format-standard","has-post-thumbnail","category-polska","tag-control-process","tag-firmy-i-rynki","tag-lwow","tag-pl","tag-poland","tag-polish","tag-polska","tag-polski","tag-ukraina","tag-wprost"],"share_on_mastodon":{"url":"","error":""},"_links":{"self":[{"href":"https:\/\/www.europesays.com\/pl\/wp-json\/wp\/v2\/posts\/468667","targetHints":{"allow":["GET"]}}],"collection":[{"href":"https:\/\/www.europesays.com\/pl\/wp-json\/wp\/v2\/posts"}],"about":[{"href":"https:\/\/www.europesays.com\/pl\/wp-json\/wp\/v2\/types\/post"}],"author":[{"embeddable":true,"href":"https:\/\/www.europesays.com\/pl\/wp-json\/wp\/v2\/users\/2"}],"replies":[{"embeddable":true,"href":"https:\/\/www.europesays.com\/pl\/wp-json\/wp\/v2\/comments?post=468667"}],"version-history":[{"count":0,"href":"https:\/\/www.europesays.com\/pl\/wp-json\/wp\/v2\/posts\/468667\/revisions"}],"wp:featuredmedia":[{"embeddable":true,"href":"https:\/\/www.europesays.com\/pl\/wp-json\/wp\/v2\/media\/468668"}],"wp:attachment":[{"href":"https:\/\/www.europesays.com\/pl\/wp-json\/wp\/v2\/media?parent=468667"}],"wp:term":[{"taxonomy":"category","embeddable":true,"href":"https:\/\/www.europesays.com\/pl\/wp-json\/wp\/v2\/categories?post=468667"},{"taxonomy":"post_tag","embeddable":true,"href":"https:\/\/www.europesays.com\/pl\/wp-json\/wp\/v2\/tags?post=468667"}],"curies":[{"name":"wp","href":"https:\/\/api.w.org\/{rel}","templated":true}]}}