{"id":468900,"date":"2026-06-02T08:46:11","date_gmt":"2026-06-02T08:46:11","guid":{"rendered":"https:\/\/www.europesays.com\/pl\/468900\/"},"modified":"2026-06-02T08:46:11","modified_gmt":"2026-06-02T08:46:11","slug":"czas-powiedziec-naszemu-przyjacielowi-nie-izraelski-minister-wzywa-netanjahu-do-sprzeciwienia-sie-trumpowi","status":"publish","type":"post","link":"https:\/\/www.europesays.com\/pl\/468900\/","title":{"rendered":"&#8222;Czas powiedzie\u0107 naszemu przyjacielowi \u00bbnie\u00ab&#8221;. Izraelski minister wzywa Netanjahu do sprzeciwienia si\u0119 Trumpowi"},"content":{"rendered":"<p>Prezydent USA Donald Trump o\u015bwiadczy\u0142 w poniedzia\u0142ek, 1 czerwca, \u017ce odby\u0142 &#8222;bardzo owocn\u0105&#8221; rozmow\u0119 telefoniczn\u0105 z premierem Izraela Binjaminem Netanjahu oraz przedstawicielami powi\u0105zanymi z Hezbollahem, po\u015brednicz\u0105c w zako\u0144czeniu &#8222;wszelkich ostrza\u0142\u00f3w&#8221; mi\u0119dzy Izraelem a Hezbollahem.<\/p>\n<p>Wed\u0142ug Trumpa Netanjahu zgodzi\u0142 si\u0119 wstrzyma\u0107 wysy\u0142anie \u017co\u0142nierzy do Bejrutu, a wszystkie jednostki, kt\u00f3re wcze\u015bniej zmierza\u0142y w kierunku miasta, &#8222;ju\u017c zawr\u00f3ci\u0142y&#8221;. Hezbollah r\u00f3wnie\u017c zgodzi\u0142 si\u0119 zaprzesta\u0107 ostrza\u0142u, co zosta\u0142o przedstawione jako wsp\u00f3lne zobowi\u0105zanie do wstrzymania ognia na froncie izraelsko-liba\u0144skim.<\/p>\n<p>&#8222;Odby\u0142em bardzo owocn\u0105 rozmow\u0119 telefoniczn\u0105 z premierem Izraela Bibi Netanjahu i nie b\u0119dzie \u017cadnych oddzia\u0142\u00f3w zmierzaj\u0105cych do Bejrutu, a wszystkie oddzia\u0142y, kt\u00f3re s\u0105 w drodze, ju\u017c zawr\u00f3ci\u0142y. Podobnie, za po\u015brednictwem wysoko postawionych przedstawicieli, odby\u0142em bardzo dobr\u0105 rozmow\u0119 z Hezbollahem, kt\u00f3ry zgodzi\u0142 si\u0119, \u017ce wszystkie dzia\u0142ania zbrojne zostan\u0105 wstrzymane \u2014 Izrael nie zaatakuje ich, a oni nie zaatakuj\u0105 Izraela&#8221; \u2014 napisa\u0142 w mediach spo\u0142eczno\u015bciowych.<\/p>\n<p>Trump twierdzi, \u017ce rozmowy z Iranem tocz\u0105 si\u0119 &#8222;w szybkim tempie&#8221;, nawet gdy ira\u0144skie media powi\u0105zane z rz\u0105dem og\u0142osi\u0142y, \u017ce Teheran zawiesza dialog z mediatorami w prote\u015bcie przeciwko rozszerzaj\u0105cej si\u0119 ofensywie Izraela w Libanie, gro\u017c\u0105c otwarciem &#8222;innych front\u00f3w&#8221;.<\/p>\n<p>Kr\u00f3tko po o\u015bwiadczeniu Trumpa o zawieszeniu broni izraelski minister bezpiecze\u0144stwa narodowego Itamar Ben-Gewir opublikowa\u0142 na X wiadomo\u015b\u0107 w j\u0119zyku hebrajskim. Zwracaj\u0105c si\u0119 do Netanjahu, przypomnia\u0142 mu o jego w\u0142asnym wcze\u015bniejszym stwierdzeniu, \u017ce silny przyw\u00f3dca wie, kiedy powiedzie\u0107 Stanom Zjednoczonym &#8222;tak&#8221;, a kiedy &#8222;nie&#8221;.<\/p>\n<p>&#8222;Panie premierze, powiedzia\u0142 pan, \u017ce silny premier m\u00f3wi prezydentowi Stan\u00f3w Zjednoczonych \u2014 \u00bbtak\u00ab, kiedy to mo\u017cliwe, i \u00bbnie\u00ab \u2014 kiedy to konieczne. Nadszed\u0142 czas, aby powiedzie\u0107 naszemu przyjacielowi, prezydentowi Trumpowi \u00bbnie\u00ab. Teraz jest czas, aby zrobi\u0107 to, co jest wymagane i konieczne, aby uderzy\u0107 w Hezbollah, uwolni\u0107 r\u0119ce naszych bojownik\u00f3w i przywr\u00f3ci\u0107 bezpiecze\u0144stwo na p\u00f3\u0142nocy&#8221; \u2014 zaapelowa\u0142.<\/p>\n<p>      Dalszy ci\u0105g artyku\u0142u pod materia\u0142em wideo <\/p>\n<p>Innymi s\u0142owy, podczas gdy Trump publicznie twierdzi, \u017ce Izrael zgodzi\u0142 si\u0119 nie atakowa\u0107, wzywaj\u0105c do zaprzestania wszelkich ostrza\u0142\u00f3w, Ben-Gewir wzywa do rozszerzenia operacji wojskowych przeciwko Hezbollahowi, co potencjalnie podwa\u017ca twierdzenie Trumpa, \u017ce Izrael i Hezbollah zgodzi\u0142y si\u0119 wstrzyma\u0107 ataki.<\/p>\n<p>Izrael nasila ofensyw\u0119 w Libanie<\/p>\n<p>Zawieszenie przez Iran po\u015brednich rozm\u00f3w ze Stanami Zjednoczonymi, w po\u0142\u0105czeniu z gro\u017abami ca\u0142kowitego zamkni\u0119cia cie\u015bniny Ormuz i potencjalnego ataku na cie\u015bnin\u0119 Bab el-Mandeb, spowodowa\u0142o, \u017ce regionalna wojna wkroczy\u0142a w bardziej niebezpieczn\u0105 faz\u0119, \u0142\u0105cz\u0105c dzia\u0142ania na polu bitwy bezpo\u015brednio z globalnym rynkiem energii, co spowodowa\u0142o gwa\u0142towny wzrost cen ropy i wywo\u0142a\u0142o obawy o szersze zak\u0142\u00f3cenia gospodarcze.<\/p>\n<p>Jednocze\u015bnie izraelskie ataki na Dahije, kontrolowan\u0105 przez Hezbollah po\u0142udniow\u0105 dzielnic\u0119 Bejrutu, zosta\u0142y po\u0142\u0105czone z rozszerzon\u0105 ofensyw\u0105 l\u0105dow\u0105, w ramach kt\u00f3rej znaczna cz\u0119\u015b\u0107 si\u0142 izraelskich dzia\u0142a obecnie poza rzek\u0105 Litani.<\/p>\n<p>\u017bo\u0142nierze przekroczyli Litani, podnie\u015bli izraelsk\u0105 flag\u0119 nad <a href=\"https:\/\/wiadomosci.onet.pl\/izraelska-armia-zajela-slawny-zamek-w-libanie\/xhfnqwl\" id=\"6639d19e-e076-45e4-b8f6-c8915883e389\" rel=\"nofollow noopener\" target=\"_blank\">strategicznym zamkiem Beaufort<\/a> i wydali nakazy ewakuacji obszar\u00f3w na po\u0142udnie od rzeki Zahrani, co spowodowa\u0142o now\u0105 fal\u0119 wysiedle\u0144.<\/p>\n<p>Premier Libanu Nawaf Salam oskar\u017cy\u0142 Izrael o &#8222;polityk\u0119 spalonej ziemi i stosowanie zbiorowych kar&#8221;. Wzywa on do &#8222;szybkiego i rzeczywistego zawieszenia broni&#8221;, podczas gdy izraelscy i liba\u0144scy urz\u0119dnicy kontynuuj\u0105 rozmowy przy mediacji USA i przygotowuj\u0105 si\u0119 do kolejnej rundy negocjacji.<\/p>\n","protected":false},"excerpt":{"rendered":"Prezydent USA Donald Trump o\u015bwiadczy\u0142 w poniedzia\u0142ek, 1 czerwca, \u017ce odby\u0142 &#8222;bardzo owocn\u0105&#8221; rozmow\u0119 telefoniczn\u0105 z premierem Izraela&hellip;\n","protected":false},"author":2,"featured_media":468901,"comment_status":"","ping_status":"","sticky":false,"template":"","format":"standard","meta":{"footnotes":"","_share_on_mastodon":"0"},"categories":[14],"tags":[56,343,61195,32,33,44,27,56443,91,34,35,3659,28,31,48,25,46,40,41,47,80,29,30,26,82,83,84],"class_list":["post-468900","post","type-post","status-publish","format-standard","has-post-thumbnail","category-swiat","tag-article_premium","tag-binjamin_netanjahu","tag-bottomfeed_styl","tag-breaking-news","tag-breakingnews","tag-donald_trump","tag-headlines","tag-itamar_ben_gewir","tag-izrael","tag-latest-news","tag-latestnews","tag-liban","tag-naglowki","tag-najwazniejsze-artykuly","tag-nat_styl","tag-news","tag-omp","tag-polish","tag-polski","tag-screening_general","tag-swiat","tag-top-stories","tag-topstories","tag-wiadomosci","tag-world","tag-world-news","tag-worldnews"],"share_on_mastodon":{"url":"","error":""},"_links":{"self":[{"href":"https:\/\/www.europesays.com\/pl\/wp-json\/wp\/v2\/posts\/468900","targetHints":{"allow":["GET"]}}],"collection":[{"href":"https:\/\/www.europesays.com\/pl\/wp-json\/wp\/v2\/posts"}],"about":[{"href":"https:\/\/www.europesays.com\/pl\/wp-json\/wp\/v2\/types\/post"}],"author":[{"embeddable":true,"href":"https:\/\/www.europesays.com\/pl\/wp-json\/wp\/v2\/users\/2"}],"replies":[{"embeddable":true,"href":"https:\/\/www.europesays.com\/pl\/wp-json\/wp\/v2\/comments?post=468900"}],"version-history":[{"count":0,"href":"https:\/\/www.europesays.com\/pl\/wp-json\/wp\/v2\/posts\/468900\/revisions"}],"wp:featuredmedia":[{"embeddable":true,"href":"https:\/\/www.europesays.com\/pl\/wp-json\/wp\/v2\/media\/468901"}],"wp:attachment":[{"href":"https:\/\/www.europesays.com\/pl\/wp-json\/wp\/v2\/media?parent=468900"}],"wp:term":[{"taxonomy":"category","embeddable":true,"href":"https:\/\/www.europesays.com\/pl\/wp-json\/wp\/v2\/categories?post=468900"},{"taxonomy":"post_tag","embeddable":true,"href":"https:\/\/www.europesays.com\/pl\/wp-json\/wp\/v2\/tags?post=468900"}],"curies":[{"name":"wp","href":"https:\/\/api.w.org\/{rel}","templated":true}]}}