{"id":468933,"date":"2026-06-02T09:07:11","date_gmt":"2026-06-02T09:07:11","guid":{"rendered":"https:\/\/www.europesays.com\/pl\/468933\/"},"modified":"2026-06-02T09:07:11","modified_gmt":"2026-06-02T09:07:11","slug":"polska-wystapila-do-wegier-o-uchylenie-ziobrze-statusu-uchodzcy","status":"publish","type":"post","link":"https:\/\/www.europesays.com\/pl\/468933\/","title":{"rendered":"Polska wyst\u0105pi\u0142a do W\u0119gier o uchylenie Ziobrze statusu uchod\u017acy"},"content":{"rendered":"\n<p>&#13;<br \/>\n\u2013 Musimy wyst\u0119powa\u0107 do\u00a0W\u0119gier o\u00a0to, by\u00a0status uchod\u017acy zosta\u0142 uchylony. Zwracali\u015bmy si\u0119 ju\u017c o\u00a0to i\u00a0czekamy na\u00a0odpowied\u017a \u2013\u00a0powiedzia\u0142 Mazur we\u00a0wtorek (2 czerwca) w\u00a0Radiu Zet. Wed\u0142ug wiceszefa MS, je\u015bli status uchod\u017acy zosta\u0142by cofni\u0119ty, mo\u017cliwe by\u0142oby podj\u0119cie dalszych dzia\u0142a\u0144 mi\u0119dzynarodowych wobec Ziobry. &#13;\n<\/p>\n<p>&#13;<br \/>\nMazur oceni\u0142 r\u00f3wnie\u017c, \u017ce\u00a0przyznana na\u00a0W\u0119grzech ochrona mi\u0119dzynarodowa uniemo\u017cliwi\u0142a wcze\u015bniej wydanie przez Interpol tzw. czerwonej noty wobec by\u0142ego ministra. Jak wskazywa\u0142 wcze\u015bniej, zmiana stanowiska w\u0142adz w\u0119gierskich mog\u0142aby doprowadzi\u0107 do\u00a0ponownego rozwa\u017cenia takiego wniosku. &#13;\n<\/p>\n<p>&#13;<br \/>\nWiceminister powiedzia\u0142 ponadto, \u017ce\u00a0Ziobro m\u00f3g\u0142 pos\u0142ugiwa\u0107 si\u0119 wydanym uchod\u017acom genewskim dokumentem podr\u00f3\u017cy. Wed\u0142ug Mazura by\u0142y minister nie\u00a0dysponowa\u0142 ju\u017c zwyk\u0142ym polskim paszportem, dlatego taki dokument m\u00f3g\u0142 umo\u017cliwi\u0107 mu podr\u00f3\u017c poza Europ\u0119. &#13;\n<\/p>\n<p>\u015aledztwo ws. Funduszu Sprawiedliwo\u015bci<\/p>\n<p>&#13;<br \/>\nSprawa ma\u00a0zwi\u0105zek ze\u00a0\u015bledztwem dotycz\u0105cym Funduszu Sprawiedliwo\u015bci. Prokuratura zamierza postawi\u0107 Ziobrze 26 zarzut\u00f3w, w\u00a0tym dotycz\u0105cych udzia\u0142u w\u00a0zorganizowanej grupie przest\u0119pczej i\u00a0nieprawid\u0142owo\u015bci przy przyznawaniu \u015brodk\u00f3w z\u00a0funduszu. &#13;\n<\/p>\n<p>&#13;<br \/>\nPodejrzanym w\u00a0tym \u015bledztwie jest tak\u017ce Marcin Romanowski, by\u0142y zast\u0119pca Ziobry w\u00a0resorcie sprawiedliwo\u015bci, kt\u00f3ry mia\u0142 pope\u0142ni\u0107 19 przest\u0119pstw. Obaj nie\u00a0przyznaj\u0105 si\u0119 do\u00a0winy, ich zdaniem sprawa ma\u00a0charakter polityczny. &#13;\n<\/p>\n<p>Ziobro poza Polsk\u0105. Azyl na\u00a0W\u0119grzech i\u00a0wyjazd do\u00a0USA<\/p>\n<p>&#13;<br \/>\nZiobro i\u00a0Romanowski po\u00a0wyje\u017adzie na\u00a0W\u0119gry otrzymali od\u00a0rz\u0105du Viktora Orbana azyl polityczny, ale\u00a0po\u00a0zmianie w\u0142adzy opu\u015bcili Budapeszt, bo\u00a0nowy premier Peter Magyar zapowiedzia\u0142 ich <a href=\"https:\/\/dorzeczy.pl\/opinie\/873007\/magyar-o-ziobrze-i-romanowskim-nie-zostana-dlugo-na-wegrzech.html\" rel=\"nofollow noopener\" target=\"_blank\">ekstradycj\u0119<\/a> do\u00a0Polski. &#13;\n<\/p>\n<p>&#13;<br \/>\n10 maja Ziobro poinformowa\u0142, \u017ce\u00a0przebywa w\u00a0Stanach Zjednoczonych, a\u00a0Telewizja Republika poda\u0142a, \u017ce\u00a0zosta\u0142 jej komentatorem politycznym. Wkr\u00f3tce potem prokuratura potwierdzi\u0142a doniesienia medi\u00f3w o\u00a0tym, \u017ce\u00a0Ziobro wylecia\u0142 do\u00a0USA z\u00a0Mediolanu, a\u00a0na terytorium Stan\u00f3w wjecha\u0142 pos\u0142uguj\u0105c si\u0119 wiz\u0105 dziennikarsk\u0105. &#13;\n<\/p>\n<p>&#13;<br \/>\nPod koniec maja S\u0105d Okr\u0119gowy w\u00a0Warszawie przyspieszy\u0142 termin posiedzenia dotycz\u0105cego za\u017calenia obrony na\u00a0decyzj\u0119 o\u00a0tymczasowym aresztowaniu by\u0142ego ministra. Rozprawa planowana na\u00a0wrzesie\u0144 odb\u0119dzie si\u0119 1\u00a0lipca. &#13;\n<\/p>\n<p>&#13;<br \/>\nCzytaj te\u017c:<br \/><a href=\"https:\/\/dorzeczy.pl\/kraj\/892843\/czarzasty-zlecil-kontrole-w-biurach-ziobry-i-romanowskiego.html\" rel=\"follow nofollow noopener\" data-schema=\"DORZECZY\" data-image=\"https:\/\/img.dorzeczy.pl\/_thumb\/35\/c7\/051b95e83a67d074d1eecdac4b3c.jpeg\" target=\"_blank\">Czarzasty: Zleci\u0142em kontrol\u0119 w\u00a0biurach Ziobry i\u00a0Romanowskiego<\/a>&#13;<\/p>\n","protected":false},"excerpt":{"rendered":"&#13; \u2013 Musimy wyst\u0119powa\u0107 do\u00a0W\u0119gier o\u00a0to, by\u00a0status uchod\u017acy zosta\u0142 uchylony. Zwracali\u015bmy si\u0119 ju\u017c o\u00a0to i\u00a0czekamy na\u00a0odpowied\u017a \u2013\u00a0powiedzia\u0142 Mazur&hellip;\n","protected":false},"author":2,"featured_media":468934,"comment_status":"","ping_status":"","sticky":false,"template":"","format":"standard","meta":{"footnotes":"","_share_on_mastodon":"0"},"categories":[12],"tags":[1347,98,49,103,42,38,40,39,41,89484,2670,3817],"class_list":["post-468933","post","type-post","status-publish","format-standard","has-post-thumbnail","category-polska","tag-damian-cygan","tag-dorzeczy","tag-kraj","tag-obserwator-mediow","tag-pl","tag-poland","tag-polish","tag-polska","tag-polski","tag-status-uchodzcy","tag-wegry","tag-ziobro"],"share_on_mastodon":{"url":"","error":""},"_links":{"self":[{"href":"https:\/\/www.europesays.com\/pl\/wp-json\/wp\/v2\/posts\/468933","targetHints":{"allow":["GET"]}}],"collection":[{"href":"https:\/\/www.europesays.com\/pl\/wp-json\/wp\/v2\/posts"}],"about":[{"href":"https:\/\/www.europesays.com\/pl\/wp-json\/wp\/v2\/types\/post"}],"author":[{"embeddable":true,"href":"https:\/\/www.europesays.com\/pl\/wp-json\/wp\/v2\/users\/2"}],"replies":[{"embeddable":true,"href":"https:\/\/www.europesays.com\/pl\/wp-json\/wp\/v2\/comments?post=468933"}],"version-history":[{"count":0,"href":"https:\/\/www.europesays.com\/pl\/wp-json\/wp\/v2\/posts\/468933\/revisions"}],"wp:featuredmedia":[{"embeddable":true,"href":"https:\/\/www.europesays.com\/pl\/wp-json\/wp\/v2\/media\/468934"}],"wp:attachment":[{"href":"https:\/\/www.europesays.com\/pl\/wp-json\/wp\/v2\/media?parent=468933"}],"wp:term":[{"taxonomy":"category","embeddable":true,"href":"https:\/\/www.europesays.com\/pl\/wp-json\/wp\/v2\/categories?post=468933"},{"taxonomy":"post_tag","embeddable":true,"href":"https:\/\/www.europesays.com\/pl\/wp-json\/wp\/v2\/tags?post=468933"}],"curies":[{"name":"wp","href":"https:\/\/api.w.org\/{rel}","templated":true}]}}