{"id":469622,"date":"2026-06-02T16:03:21","date_gmt":"2026-06-02T16:03:21","guid":{"rendered":"https:\/\/www.europesays.com\/pl\/469622\/"},"modified":"2026-06-02T16:03:21","modified_gmt":"2026-06-02T16:03:21","slug":"niebezpieczne-odkrycie-w-szkole-we-wroclawiu-ewakuowano-430-osob","status":"publish","type":"post","link":"https:\/\/www.europesays.com\/pl\/469622\/","title":{"rendered":"Niebezpieczne odkrycie w szkole we Wroc\u0142awiu. Ewakuowano 430 os\u00f3b"},"content":{"rendered":"<p>Jakie dzia\u0142ania podj\u0119to po odkryciu niewybuchu we Wroc\u0142awiu.<\/p>\n<p>Dlaczego ewakuowano ponad 400 os\u00f3b z wroc\u0142awskiego liceum.<\/p>\n<p>Kt\u00f3re instytucje zosta\u0142y poinformowane o sytuacji w liceum.<\/p>\n<p>    <a name=\"eztoc41880410_0_3\" id=\"eztoc41880410_0_3\"\/>Niewybuch we wroc\u0142awskim liceum. Ewakuowano 430 os\u00f3b<\/p>\n<p>We wtorek\u00a0przed po\u0142udniem podczas prac ziemnych na parkingu przy\u00a0Liceum Og\u00f3lnokszta\u0142c\u0105ce nr III im. Adama Mickiewicza\u00a0 we<br \/>\n<a href=\"https:\/\/wiadomosci.radiozet.pl\/tag\/kategoria\/wroclaw\" target=\"_self\" rel=\"dofollow noopener\">Wroc\u0142awiu<\/a> natrafiono na niewybuch. To najprawdopodobniej\u00a0pocisk artyleryjski z okresu II wojny \u015bwiatowej. \u2013\u00a0Zarz\u0105dzili\u015bmy<br \/>\n<a href=\"https:\/\/wiadomosci.radiozet.pl\/tag\/kategoria\/ewakuacja\" target=\"_self\" rel=\"dofollow noopener\">ewakuacj\u0119<\/a> uczni\u00f3w, nauczycieli i pracownik\u00f3w szko\u0142y. Dzieci zosta\u0142y odes\u0142ane do dom\u00f3w, o czym zawiadomili\u015bmy rodzic\u00f3w. O sytuacji poinformowali\u015bmy miejski Departament Edukacji i Kuratorium O\u015bwiaty \u2013 powiedzia\u0142\u00a0Stefan Inglot, wicedyrektor III LO, cytowany przez Wroclaw.pl.\u00a0<\/p>\n<p>W sumie ewakuowanych zosta\u0142o 393 uczni\u00f3w, 28 nauczycieli i siedmioro pracownik\u00f3w szko\u0142y.\u00a0<br \/>\n<a href=\"https:\/\/wiadomosci.radiozet.pl\/tag\/kategoria\/policja\" target=\"_self\" rel=\"dofollow noopener\">Policja<\/a> zabezpieczy\u0142a teren, nie by\u0142o konieczno\u015bci ewakuacji innych obiekt\u00f3w. Na miejscu zjawi\u0142 si\u0119 patrol saperski.\u00a0Radziecki pocisk burz\u0105cy z II wojny \u015bwiatowej zosta\u0142 zabrany i zabezpieczony. Saperzy ju\u017c odjechali. Robotnicy wracaj\u0105 do pracy. Liceum we wtorek pozostaje zamkni\u0119te.\u00a0<\/p>\n<p>\u0179r\u00f3d\u0142o: Radio ZET\/Wroclaw.pl<\/p>\n<p>By\u0142e\u015b \u015bwiadkiem czego\u015b niespodziewanego? Masz temat, kt\u00f3rym powinni\u015bmy si\u0119 zaj\u0105\u0107?<\/p>\n<p>Zg\u0142o\u015b spraw\u0119 przez <a href=\"https:\/\/wiadomosci.radiozet.pl\/czerwony-telefon\" target=\"_blank\" title=\"Czerwony telefon Radia Zet\" rel=\"nofollow noopener\">Czerwony telefon Radia ZET<\/a><\/p>\n","protected":false},"excerpt":{"rendered":"Jakie dzia\u0142ania podj\u0119to po odkryciu niewybuchu we Wroc\u0142awiu. Dlaczego ewakuowano ponad 400 os\u00f3b z wroc\u0142awskiego liceum. Kt\u00f3re instytucje&hellip;\n","protected":false},"author":2,"featured_media":469623,"comment_status":"","ping_status":"","sticky":false,"template":"","format":"standard","meta":{"footnotes":"","_share_on_mastodon":"0"},"categories":[51607],"tags":[17214,1264,721,42,38,40,39,41,420,1853],"class_list":["post-469622","post","type-post","status-publish","format-standard","has-post-thumbnail","category-wroclaw","tag-dolnoslaskie","tag-dzieci","tag-ewakuacja","tag-pl","tag-poland","tag-polish","tag-polska","tag-polski","tag-szkola","tag-wroclaw"],"share_on_mastodon":{"url":"https:\/\/pubeurope.com\/@pl\/116681363141927552","error":""},"_links":{"self":[{"href":"https:\/\/www.europesays.com\/pl\/wp-json\/wp\/v2\/posts\/469622","targetHints":{"allow":["GET"]}}],"collection":[{"href":"https:\/\/www.europesays.com\/pl\/wp-json\/wp\/v2\/posts"}],"about":[{"href":"https:\/\/www.europesays.com\/pl\/wp-json\/wp\/v2\/types\/post"}],"author":[{"embeddable":true,"href":"https:\/\/www.europesays.com\/pl\/wp-json\/wp\/v2\/users\/2"}],"replies":[{"embeddable":true,"href":"https:\/\/www.europesays.com\/pl\/wp-json\/wp\/v2\/comments?post=469622"}],"version-history":[{"count":0,"href":"https:\/\/www.europesays.com\/pl\/wp-json\/wp\/v2\/posts\/469622\/revisions"}],"wp:featuredmedia":[{"embeddable":true,"href":"https:\/\/www.europesays.com\/pl\/wp-json\/wp\/v2\/media\/469623"}],"wp:attachment":[{"href":"https:\/\/www.europesays.com\/pl\/wp-json\/wp\/v2\/media?parent=469622"}],"wp:term":[{"taxonomy":"category","embeddable":true,"href":"https:\/\/www.europesays.com\/pl\/wp-json\/wp\/v2\/categories?post=469622"},{"taxonomy":"post_tag","embeddable":true,"href":"https:\/\/www.europesays.com\/pl\/wp-json\/wp\/v2\/tags?post=469622"}],"curies":[{"name":"wp","href":"https:\/\/api.w.org\/{rel}","templated":true}]}}