{"id":469687,"date":"2026-06-02T16:41:09","date_gmt":"2026-06-02T16:41:09","guid":{"rendered":"https:\/\/www.europesays.com\/pl\/469687\/"},"modified":"2026-06-02T16:41:09","modified_gmt":"2026-06-02T16:41:09","slug":"gerhard-schroeder-byly-kanclerz-niemiec-zauwazony-w-moskwie-mial-byc-mediatorem-putina","status":"publish","type":"post","link":"https:\/\/www.europesays.com\/pl\/469687\/","title":{"rendered":"Gerhard Schroeder, by\u0142y kanclerz Niemiec. zauwa\u017cony w Moskwie. Mia\u0142 by\u0107 mediatorem Putina"},"content":{"rendered":"<p>Obecno\u015b\u0107 by\u0142ego kanclerza zbieg\u0142a si\u0119 z ciekawym momentem: ju\u017c w \u015brod\u0119 w Petersburgu rozpoczyna si\u0119 Mi\u0119dzynarodowe Forum Ekonomiczne (SPIEF), podczas kt\u00f3rego po raz pierwszy od pocz\u0105tku rosyjskiej inwazji na Ukrain\u0119 <a href=\"https:\/\/www.fakt.pl\/pieniadze\/niemieckie-firmy-na-spief-powrot-do-rosji-mimo-wojny-i-sankcji\/f2fn462\" id=\"74bf1f10-1df2-45e6-a5df-7bc7f2e428d1\" rel=\"nofollow noopener\" target=\"_blank\">niemieccy przedsi\u0119biorcy<\/a> b\u0119d\u0105 zn\u00f3w oficjalnie reprezentowani. Spodziewani s\u0105 r\u00f3wnie\u017c <a href=\"https:\/\/wiadomosci.onet.pl\/politico\/kreml-zaciesnia-wiezi-z-niemiecka-skrajna-prawica-poslowie-afd-leca-na-davos-putina\/5klv6b6\" id=\"97afc055-edd9-415e-b293-c788c5a5032f\" rel=\"nofollow noopener\" target=\"_blank\">liczni politycy AfD<\/a>.Dodatkowych emocji dodaje niedawna inicjatywa W\u0142adimira Putina. Zasugerowa\u0142 on, \u017ceby Schroeder zosta\u0142 <a href=\"https:\/\/wiadomosci.onet.pl\/swiat\/byly-kanclerz-niemiec-jako-wymarzony-mediator-putina-kim-jest-gerhard-schroeder\/xvnfp1v\" id=\"f74fd510-a77c-46ed-b8a9-6514e070e29f\" rel=\"nofollow noopener\" target=\"_blank\">mediatorem w sprawie wojny w Ukrainie.<\/a> Spotka\u0142o si\u0119 to z ogromnym sprzeciwem w Europie.<\/p>\n<p>Kaja Kallas, szefowa unijnej dyplomacji, jasno wyrazi\u0142a swoje stanowisko w Brukseli: \u2014 Gdyby\u015bmy pozwolili Rosji wyznaczy\u0107 w naszym imieniu negocjatora, to by\u0142oby bardzo nierozs\u0105dne.<\/p>\n<p>      Dalszy ci\u0105g artyku\u0142u pod materia\u0142em wideo <\/p>\n<p>Odnosz\u0105c si\u0119 do bliskich kontakt\u00f3w Schroedera z Moskw\u0105, doda\u0142a, \u017ce by\u0142 on wysoko postawionym lobbyst\u0105 rosyjskich firm pa\u0144stwowych. Dlatego, jak stwierdzi\u0142a, jasne jest, dlaczego Putin go chce. \u2014 Wtedy w pewnym sensie zasiada\u0142by po obu stronach sto\u0142u.<\/p>\n<p>Tak\u017ce z Kijowa nap\u0142yn\u0119\u0142a jednoznaczna odmowa. Andrij Sybiha, minister spraw zagranicznych Ukrainy, zapytany o ewentualn\u0105 rol\u0119 Schroedera jako mediatora, jasno stwierdzi\u0142, \u017ce jej nie popiera. Doda\u0142, \u017ce &#8222;jest wielu innych godnych przyw\u00f3dc\u00f3w&#8221;, kt\u00f3rzy mogliby prowadzi\u0107 negocjacje w imieniu Unii Europejskiej.<\/p>\n<p>      <img decoding=\"async\" src=\"https:\/\/www.europesays.com\/pl\/wp-content\/uploads\/2026\/06\/h9sk9lBaHR0cHM6Ly9vY2RuLmV1L3B1bHNjbXMvTURBXy82MzZkNDI4MjQ0ODE1MmVkY2U0NWE3YzkzZmNhNzQ4Zi5qcGeRlQLNB.jpeg\" height=\"627\" width=\"940\" alt=\"Kanclerz Niemiec Gerhard Schroeder i prezydent Rosji W\u0142adimir Putin podczas spotkania w Berlinie. 8 wrze\u015bnia 2005 r.\" loading=\"lazy\" class=\"ods-c-image__img ods-c-image__img--viewport-width\"\/> <\/p>\n<p>Kanclerz Niemiec Gerhard Schroeder i prezydent Rosji W\u0142adimir Putin podczas spotkania w Berlinie. 8 wrze\u015bnia 2005 r.PRESIDENTIAL PRESS SERVICE\/ITAR-TASS POOL \/ PAP<\/p>\n<p> Od lat Schroeder jest krytykowany za <a href=\"https:\/\/wiadomosci.onet.pl\/swiat\/schroeder-i-jego-siec-tak-niemcy-uzaleznily-sie-od-rosji\/4nlz959\" id=\"45c1ea77-1995-442e-bb0c-bcd05e903dfc\" rel=\"nofollow noopener\" target=\"_blank\">bliskie relacje z Putinem.<\/a> Jeszcze w 2014 r., po bezprawnej aneksji Krymu, obchodzi\u0142 swoje 70. urodziny wsp\u00f3lnie z przyw\u00f3dc\u0105 Kremla w Rosji. Nawet po rozpocz\u0119ciu rosyjskiej inwazji na pe\u0142n\u0105 skal\u0119 w 2022 r. pocz\u0105tkowo nadal pracowa\u0142 dla rosyjskich koncern\u00f3w energetycznych.     Niemieccy przedsi\u0119biorcy wracaj\u0105 do Rosji<\/p>\n<p>Niemieccy przedsi\u0119biorcy ostro\u017cnie podejmuj\u0105 pr\u00f3by powrotu na rosyjski rynek. W\u015br\u00f3d uczestnik\u00f3w niemiecko-rosyjskiego dialogu biznesowego s\u0105 mi\u0119dzy innymi Stefan Duerr, rosyjski przedsi\u0119biorca rolny, oraz Thomas Bruch, wieloletni szef sieci sklep\u00f3w Globus. Wed\u0142ug danych izby gospodarczej w Rosji dzia\u0142a jeszcze oko\u0142o 1600 niemieckich firm.<\/p>\n<p>Tak\u017ce kilku polityk\u00f3w AfD wybiera si\u0119 do Rosji. Przed wyjazdem Markus Frohnmaier, pose\u0142 do Bundestagu, o\u015bwiadczy\u0142: \u2014 Niemcy potrzebuj\u0105 polityki, kt\u00f3ra ponownie postawi na pierwszym miejscu bezpiecze\u0144stwo dostaw, konkurencyjno\u015b\u0107 i interesy w\u0142asnych obywateli.<\/p>\n<p>Wed\u0142ug organizator\u00f3w, w wydarzeniu maj\u0105 uczestniczy\u0107 tak\u017ce szef AfD w Saksonii Jorg Urban, Steffen Kotre, pose\u0142 do Bundestagu, oraz europose\u0142 Petr Bystron.<\/p>\n<p>     Od 3 do 6 czerwca Putin osobi\u015bcie przyjmie go\u015bci forum ekonomicznego. W programie przewidziano tak\u017ce wydarzenie po\u015bwi\u0119cone <a href=\"https:\/\/wiadomosci.onet.pl\/swiat\/rosyjska-kultura-to-tez-bron-kremla-putinowska-narracja-atakuje-w-nieoczywistych\/gzbh49g\" id=\"663a4aa2-b6fc-4b72-acc0-90dd3695f6be\" rel=\"nofollow noopener\" target=\"_blank\">kulturze<\/a> jako &#8222;budowniczej most\u00f3w&#8221; w czasach kryzysu. W\u015br\u00f3d zaproszonych maj\u0105 by\u0107 mi\u0119dzy innymi dyrygent Justus Frantz, wydawca Holger Friedrich oraz re\u017cyser Hubert Seipel.<\/p>\n<p>Najwa\u017cniejsze pytanie pozostaje jednak otwarte: jak\u0105 rol\u0119 odgrywa Gerhard Schroeder w tym moskiewskim uk\u0142adzie?<\/p>\n","protected":false},"excerpt":{"rendered":"Obecno\u015b\u0107 by\u0142ego kanclerza zbieg\u0142a si\u0119 z ciekawym momentem: ju\u017c w \u015brod\u0119 w Petersburgu rozpoczyna si\u0119 Mi\u0119dzynarodowe Forum Ekonomiczne&hellip;\n","protected":false},"author":2,"featured_media":469688,"comment_status":"","ping_status":"","sticky":false,"template":"","format":"standard","meta":{"footnotes":"","_share_on_mastodon":"0"},"categories":[14],"tags":[854,61195,32,33,89096,27,34,35,812,28,31,48,25,295,46,40,41,87,47,80,29,30,26,408,82,83,84],"class_list":["post-469687","post","type-post","status-publish","format-standard","has-post-thumbnail","category-swiat","tag-afd","tag-bottomfeed_styl","tag-breaking-news","tag-breakingnews","tag-gerhard_schroeder","tag-headlines","tag-latest-news","tag-latestnews","tag-moskwa","tag-naglowki","tag-najwazniejsze-artykuly","tag-nat_styl","tag-news","tag-niemcy","tag-omp","tag-polish","tag-polski","tag-rosja","tag-screening_general","tag-swiat","tag-top-stories","tag-topstories","tag-wiadomosci","tag-wladimir_putin","tag-world","tag-world-news","tag-worldnews"],"share_on_mastodon":{"url":"https:\/\/pubeurope.com\/@pl\/116681512909630286","error":""},"_links":{"self":[{"href":"https:\/\/www.europesays.com\/pl\/wp-json\/wp\/v2\/posts\/469687","targetHints":{"allow":["GET"]}}],"collection":[{"href":"https:\/\/www.europesays.com\/pl\/wp-json\/wp\/v2\/posts"}],"about":[{"href":"https:\/\/www.europesays.com\/pl\/wp-json\/wp\/v2\/types\/post"}],"author":[{"embeddable":true,"href":"https:\/\/www.europesays.com\/pl\/wp-json\/wp\/v2\/users\/2"}],"replies":[{"embeddable":true,"href":"https:\/\/www.europesays.com\/pl\/wp-json\/wp\/v2\/comments?post=469687"}],"version-history":[{"count":0,"href":"https:\/\/www.europesays.com\/pl\/wp-json\/wp\/v2\/posts\/469687\/revisions"}],"wp:featuredmedia":[{"embeddable":true,"href":"https:\/\/www.europesays.com\/pl\/wp-json\/wp\/v2\/media\/469688"}],"wp:attachment":[{"href":"https:\/\/www.europesays.com\/pl\/wp-json\/wp\/v2\/media?parent=469687"}],"wp:term":[{"taxonomy":"category","embeddable":true,"href":"https:\/\/www.europesays.com\/pl\/wp-json\/wp\/v2\/categories?post=469687"},{"taxonomy":"post_tag","embeddable":true,"href":"https:\/\/www.europesays.com\/pl\/wp-json\/wp\/v2\/tags?post=469687"}],"curies":[{"name":"wp","href":"https:\/\/api.w.org\/{rel}","templated":true}]}}