{"id":469740,"date":"2026-06-02T17:10:13","date_gmt":"2026-06-02T17:10:13","guid":{"rendered":"https:\/\/www.europesays.com\/pl\/469740\/"},"modified":"2026-06-02T17:10:13","modified_gmt":"2026-06-02T17:10:13","slug":"byly-polski-pilkarz-zostal-ksiedzem-za-nim-pierwsza-msza","status":"publish","type":"post","link":"https:\/\/www.europesays.com\/pl\/469740\/","title":{"rendered":"By\u0142y polski pi\u0142karz zosta\u0142 ksi\u0119dzem. Za nim pierwsza msza"},"content":{"rendered":"\n<p class=\"contentpart contentpart--default contentpart--text\" data-position=\"0\"><a href=\"https:\/\/sportowefakty.wp.pl\/pilka-nozna\/bartosz-sobczyk\" rel=\"nofollow noopener\" target=\"_blank\">Bartosz Sobczyk<\/a>\u00a0to wychowanek <a href=\"https:\/\/sportowefakty.wp.pl\/pilka-nozna\/stal-mielec\" rel=\"nofollow noopener\" target=\"_blank\">Stali Mielec<\/a>, dla kt\u00f3rego wa\u017cny by\u0142 sezon 2019\/20. W\u00f3wczas w wieku 20 lat po raz pierwszy w karierze zosta\u0142 w\u0142\u0105czony\u00a0do seniorskiego zespo\u0142u.<\/p>\n<p class=\"contentpart contentpart--default contentpart--text\" data-position=\"1\">Jego klub wywalczy\u0142 w\u00f3wczas awans do PKO Ekstraklasy, ale on si\u0119 do tego nie przyczyni\u0142. Dziewi\u0119\u0107 razy pojawi\u0142 si\u0119 na \u0142awce rezerwowych, ale nie zosta\u0142 wprowadzony. Przysz\u0142o mu jednak zagra\u0107 w <a href=\"https:\/\/sportowefakty.wp.pl\/pilka-nozna\/puchar-polski\" rel=\"nofollow noopener\" target=\"_blank\">STS Pucharze Polski<\/a>.<\/p>\n<p>  <img decoding=\"async\" src=\"https:\/\/v.wpimg.pl\/X3dwLnN2d1IFFTpdYUl6R0ZNbgcnEHQREVV2TGEGbUtRT2MdOlZ2RBQUKABgQjQcDRotCStBd1IAAWMeIlM7VgwYIAorQAdEFFk_GCkQJQ\" alt=\"\" width=\"45\" height=\"58\" loading=\"lazy\"\/>  <\/p>\n<p class=\"contentpart contentpart--default contentpart--text\" data-position=\"2\">ZOBACZ WIDEO: Polska przegra\u0142a z Ukrain\u0105. Jest reakcja Lewandowskiego<\/p>\n<p class=\"contentpart contentpart--default contentpart--text\" data-position=\"4\">W\u00f3wczas wyszed\u0142 w podstawowym sk\u0142adzie na mecz pierwszej rundy z GKM-em Grudzi\u0105dz (3:0) i przebywa\u0142 na boisku do 58. minuty. P\u00f3\u017aniej zawodnik, kt\u00f3ry wcze\u015bniej przebywa\u0142 na wypo\u017cyczeniach w Czarnych Po\u0142aniec czy Wis\u0142oce D\u0119bica, nie zagra\u0142 ju\u017c w seniorskiej dru\u017cynie.<\/p>\n<p>Rozpocz\u0105\u0142 nowe \u017cycie<\/p>\n<p class=\"contentpart contentpart--default contentpart--text\" data-position=\"6\">Teraz o Sobczyku zrobi\u0142o si\u0119 g\u0142o\u015bno, poniewa\u017c miniony weekend by\u0142 dla niego wa\u017cnym momentem w jego \u017cyciu. Po tym, jak porzuci\u0142 pi\u0142k\u0119 no\u017cn\u0105 w wieku 21 lat, postawi\u0142 na kap\u0142a\u0144stwo i w sobot\u0119 (30 maja) wraz z 13 innymi diakonami przyj\u0105\u0142 \u015bwi\u0119cenia kap\u0142a\u0144skie w diecezji tarnowskiej.<\/p>\n<p>  <img decoding=\"async\" src=\"https:\/\/v.wpimg.pl\/X3dwLnN2d1IFFTpdYUl6R0ZNbgcnEHQREVV2TGEGbUtRT2MdOlZ2RBQUKABgQjQcDRotCStBd1IAAWMeIlM7VgwYIAorQAdEFFk_GCkQJQ\" alt=\"\" width=\"45\" height=\"58\" loading=\"lazy\"\/>  <\/p>\n<p class=\"contentpart contentpart--default contentpart--text\" data-position=\"7\">Tymczasem ju\u017c dzie\u0144 p\u00f3\u017aniej 27-latek pojawi\u0142 si\u0119 w parafii Matki Bo\u017cej\u00a0Nieustaj\u0105cej Pomocy w Mielcu i odprawi\u0142 pierwsz\u0105 msz\u0119 \u015bwi\u0119t\u0105. W internecie pojawi\u0142y si\u0119 ju\u017c zdj\u0119cia z niedzielnego nabo\u017ce\u0144stwa, w kt\u00f3rym to odegra\u0142 bardzo wa\u017cn\u0105 rol\u0119.<\/p>\n<p class=\"contentpart contentpart--default contentpart--text\" data-position=\"8\">&#8222;Kiedy\u015b gra\u0142 ksi\u0105dz w jednej z najlepszych dru\u017cyn w kraju &#8211; FKS Stal Mielec. Dzi\u015b gra ksi\u0105dz w najlepszej dru\u017cynie \u015bwiata &#8211; dru\u017cynie pana Boga&#8221; &#8211; brzmi wypowied\u017a\u00a0zast\u0119pcy prezydenta miasta Krzysztofa Szostaka, kt\u00f3ra pojawi\u0142a si\u0119 na profilu miasta na Facebooku.<\/p>\n","protected":false},"excerpt":{"rendered":"Bartosz Sobczyk\u00a0to wychowanek Stali Mielec, dla kt\u00f3rego wa\u017cny by\u0142 sezon 2019\/20. W\u00f3wczas w wieku 20 lat po raz&hellip;\n","protected":false},"author":2,"featured_media":469741,"comment_status":"","ping_status":"","sticky":false,"template":"","format":"standard","meta":{"footnotes":"","_share_on_mastodon":"0"},"categories":[5],"tags":[89700,32,33,36,37,27,34,35,14432,28,31,25,269,42,38,40,39,41,268,6743,29,30,26],"class_list":["post-469740","post","type-post","status-publish","format-standard","has-post-thumbnail","category-naglowki","tag-bartosz-sobczyk","tag-breaking-news","tag-breakingnews","tag-featured-news","tag-featurednews","tag-headlines","tag-latest-news","tag-latestnews","tag-mielec","tag-naglowki","tag-najwazniejsze-artykuly","tag-news","tag-pilka-nozna","tag-pl","tag-poland","tag-polish","tag-polska","tag-polski","tag-sportowybar","tag-stal-mielec","tag-top-stories","tag-topstories","tag-wiadomosci"],"share_on_mastodon":{"url":"https:\/\/pubeurope.com\/@pl\/116681626610522617","error":""},"_links":{"self":[{"href":"https:\/\/www.europesays.com\/pl\/wp-json\/wp\/v2\/posts\/469740","targetHints":{"allow":["GET"]}}],"collection":[{"href":"https:\/\/www.europesays.com\/pl\/wp-json\/wp\/v2\/posts"}],"about":[{"href":"https:\/\/www.europesays.com\/pl\/wp-json\/wp\/v2\/types\/post"}],"author":[{"embeddable":true,"href":"https:\/\/www.europesays.com\/pl\/wp-json\/wp\/v2\/users\/2"}],"replies":[{"embeddable":true,"href":"https:\/\/www.europesays.com\/pl\/wp-json\/wp\/v2\/comments?post=469740"}],"version-history":[{"count":0,"href":"https:\/\/www.europesays.com\/pl\/wp-json\/wp\/v2\/posts\/469740\/revisions"}],"wp:featuredmedia":[{"embeddable":true,"href":"https:\/\/www.europesays.com\/pl\/wp-json\/wp\/v2\/media\/469741"}],"wp:attachment":[{"href":"https:\/\/www.europesays.com\/pl\/wp-json\/wp\/v2\/media?parent=469740"}],"wp:term":[{"taxonomy":"category","embeddable":true,"href":"https:\/\/www.europesays.com\/pl\/wp-json\/wp\/v2\/categories?post=469740"},{"taxonomy":"post_tag","embeddable":true,"href":"https:\/\/www.europesays.com\/pl\/wp-json\/wp\/v2\/tags?post=469740"}],"curies":[{"name":"wp","href":"https:\/\/api.w.org\/{rel}","templated":true}]}}