{"id":469761,"date":"2026-06-02T17:23:11","date_gmt":"2026-06-02T17:23:11","guid":{"rendered":"https:\/\/www.europesays.com\/pl\/469761\/"},"modified":"2026-06-02T17:23:11","modified_gmt":"2026-06-02T17:23:11","slug":"bruk-na-ul-10-lutego-nie-do-ruszenia","status":"publish","type":"post","link":"https:\/\/www.europesays.com\/pl\/469761\/","title":{"rendered":"Bruk na ul. 10 Lutego nie do ruszenia?"},"content":{"rendered":"<p>            <a href=\"https:\/\/s-trojmiasto.pl\/zdj\/c\/n\/9\/4337\/1500x0\/4337201-Zabytkowy-bruk-na-ul-10-Lutego-regularnie-jest-krytykowany-przez-kierowcow__c_0_0_1500_808.webp\" target=\"_blank\" data-slide-name=\"841337\" data-lightbox-target=\"photo full\" data-sub-html=\"&lt;h4&gt;Zabytkowy bruk na ul. 10 Lutego regularnie jest krytykowany przez kierowc\u00f3w.&lt;\/h4&gt;&lt;p&gt;fot. Maciej Czarniak\/Trojmiasto.pl&lt;\/p&gt;&#010;\" class=\"photoMarker__link\" data-filter-brightness=\"brightness--100\" rel=\"nofollow noopener\"><\/p>\n<p>    <img decoding=\"async\" style=\"height:404px; aspect-ratio: 1.85644\/1; filter:brightness(1);\" alt=\"Zabytkowy bruk na ul. 10 Lutego regularnie jest krytykowany przez kierowc\u00f3w.\" src=\"https:\/\/www.europesays.com\/pl\/wp-content\/uploads\/2026\/06\/4337201-Zabytkowy-bruk-na-ul-10-Lutego-regularnie-jest-krytykowany-przez-kierowcow__c_0_0_1500_808.w.webp\" class=\"photoMarker__img \" data-slider=\"img\" fetchpriority=\"high\"\/><\/p>\n<p>            <\/a><\/p>\n<p class=\"lead\">&#8211; Niekt\u00f3re fragmenty gdy\u0144skich ulic sprawiaj\u0105 wra\u017cenie, jakby zatrzyma\u0142y si\u0119 w\u00a0czasie. Przekona\u0142em si\u0119 o\u00a0tym niedawno podczas przejazdu <a data-tklik=\"43224\" href=\"https:\/\/mapa.trojmiasto.pl\/#\/location\/-209.28,-247.35\/map\/-211.2,-247.1,5,b\" onclick=\"openMap(this.href); return false;\" target=\"_blank\" title=\"zobacz na mapie Gdyni\" rel=\"nofollow noopener\">ul. 10 Lutego<img decoding=\"async\" class=\"icon-map\" src=\"https:\/\/www.trojmiasto.pl\/_img\/svg\/ico-map-flat.svg\" alt=\"Mapka\"\/><\/a>. Szczeg\u00f3lnie jeden odcinek zwr\u00f3ci\u0142 moj\u0105 uwag\u0119 i, niestety, trudno go uzna\u0107 za wizyt\u00f3wk\u0119 miasta \u015bwi\u0119tuj\u0105cego swoje stulecie &#8211; pisze pan Sebastian, czytelnik Trojmiasto.pl.<\/p>\n<p>Asfalt jeszcze daje rad\u0119, ale kostka brukowa ju\u017c nie<br \/>\nNiedawno mia\u0142em okazj\u0119 przejecha\u0107 samochodem ulica 10 Lutego w\u00a0Gdyni. O\u00a0ile cz\u0119\u015b\u0107 asfaltowa nie odbiega znacz\u0105co od standardu <a href=\"https:\/\/www.trojmiasto.pl\/dom\/Spot-i1639.html\" class=\"parse-link\" title=\"Spot\" rel=\"nofollow noopener\" target=\"_blank\">spotykanego<\/a> na wielu miejskich ulicach, o\u00a0tyle fragment wy\u0142o\u017cony kostk\u0105 brukow\u0105 pozostawia wiele do \u017cyczenia.<\/p>\n<p>Nier\u00f3wno\u015bci s\u0105 wyra\u017anie odczuwalne podczas jazdy. Rozumiem, \u017ce stan nawierzchni mo\u017ce by\u0107 skutkiem intensywnej eksploatacji &#8211; t\u0105 tras\u0105 regularnie poruszaj\u0105 si\u0119 trolejbusy, samochody dostawcze i\u00a0inne ci\u0119\u017csze pojazdy, kt\u00f3re z\u00a0czasem wp\u0142ywaj\u0105 na kondycj\u0119 drogi.<\/p>\n<p>Kierowcy omijaj\u0105 nier\u00f3wno\u015bci do ostatniej chwili<\/p>\n<p>Podczas przejazdu zwr\u00f3ci\u0142em uwag\u0119 na jeszcze jedn\u0105 rzecz. Odcinek wy\u0142o\u017cony kostk\u0105 brukow\u0105 prowadzi m.in. na pas przeznaczony do skr\u0119tu w\u00a0prawo. Teoretycznie kierowcy mog\u0105 wcze\u015bniej zmieni\u0107 pas ruchu i\u00a0odpowiednio przygotowa\u0107 si\u0119 do manewru.<\/p>\n<p>W praktyce jednak wielu z\u00a0nich robi to dopiero tu\u017c przed samym skrzy\u017cowaniem. Trudno nie dostrzec pewnej prawid\u0142owo\u015bci: mo\u017cna odnie\u015b\u0107 wra\u017cenie, \u017ce cz\u0119\u015b\u0107 kierowc\u00f3w jak najd\u0142u\u017cej pozostaje na s\u0105siednim pasie wy\u0142\u0105cznie po to, by unikn\u0105\u0107 jazdy po nier\u00f3wnej nawierzchni.<\/p>\n<p>Nie wiem, czy to faktycznie g\u0142\u00f3wny pow\u00f3d takich zachowa\u0144, ale obserwuj\u0105c ruch w\u00a0tym miejscu, trudno nie wysnu\u0107 podobnego wniosku.<\/p>\n<p>Gdynia zas\u0142uguje na lepsz\u0105 wizyt\u00f3wk\u0119<\/p>\n<p>Gdynia niedawno \u015bwi\u0119towa\u0142a swoje 100-lecie. To miasto, kt\u00f3re kojarzy si\u0119 z\u00a0nowoczesno\u015bci\u0105, dynamicznym rozwojem i\u00a0konsekwentnymi inwestycjami w\u00a0przestrze\u0144 publiczn\u0105.<\/p>\n<p>Tym bardziej szkoda, \u017ce jedna z\u00a0g\u0142\u00f3wnych ulic w\u00a0centrum pozostawia miejscami ma\u0142o korzystne wra\u017cenie. Odcinek przy ul. 10 Lutego wygl\u0105da momentami r\u00f3wnie wiekowo, co sam jubileusz miasta&#8230;<\/p>\n<p>Mam nadziej\u0119, \u017ce problem ten zostanie dostrze\u017cony i\u00a0w przysz\u0142o\u015bci doczeka si\u0119 rozwi\u0105zania. W\u00a0ko\u0144cu centrum miasta to miejsce, kt\u00f3re codziennie ogl\u0105daj\u0105 zar\u00f3wno mieszka\u0144cy, jak i\u00a0odwiedzaj\u0105cy Gdyni\u0119 go\u015bcie.<\/p>\n<p><a href=\"https:\/\/www.trojmiasto.pl\/moto\/Gdynia-bedzie-remont-ul-10-Lutego-n127640.html\" data-tklik=\"235815\" class=\"marker-news component newsMarker\" rel=\"nofollow noopener\" target=\"_blank\"><br \/>\n            <img decoding=\"async\" src=\"https:\/\/www.europesays.com\/pl\/wp-content\/uploads\/2026\/06\/2156278__c_0_0_588_425__kr.webp\" alt=\"Gdynia: b\u0119dzie remont ul. 10 Lutego\" class=\"lazy newsMarker__img\"\/><br \/>\n        Gdynia: b\u0119dzie remont ul. 10 Lutego<br \/>\n<\/a>\n                <\/p>\n<p>\n            Co Ci\u0119 gryzie &#8211; artyku\u0142 czytelnika to rubryka<br \/>\n            redagowana przez czytelnik\u00f3w, zawieraj\u0105ca ich spostrze\u017cenia na<br \/>\n            temat otaczaj\u0105cej nas tr\u00f3jmiejskiej rzeczywisto\u015bci. Wbrew nazwie<br \/>\n            nie wszystkie refleksje maj\u0105 charakter narzekania. Je\u015bli co\u015b ci\u0119<br \/>\n            gryzie<br \/>\n            <a data-controller=\"news--tooltip\" data-news--tooltip-target=\"tooltip\" data-tippy-content=\"napisz na adres: news@trojmiasto.pl &lt;i class=\" trm=\"\" trm-ico-email=\"\" tooltip-icon=\"\">&#8221; href=&#8221;https:\/\/www.trojmiasto.pl\/moto\/mailto:news@trojmiasto.pl?subject=&#8221;Co Ci\u0119 gryzie'&#8221;&gt;opisz to<\/a><br \/>\n            i zobacz co inni my\u015bl\u0105 o sprawie. A my z rado\u015bci\u0105 nagrodzimy najciekawsze teksty biletami do kina lub na inne imprezy odbywaj\u0105ce si\u0119 w Tr\u00f3jmie\u015bcie.\n        <\/p>\n","protected":false},"excerpt":{"rendered":"&#8211; Niekt\u00f3re fragmenty gdy\u0144skich ulic sprawiaj\u0105 wra\u017cenie, jakby zatrzyma\u0142y si\u0119 w\u00a0czasie. Przekona\u0142em si\u0119 o\u00a0tym niedawno podczas przejazdu ul.&hellip;\n","protected":false},"author":2,"featured_media":469762,"comment_status":"","ping_status":"","sticky":false,"template":"","format":"standard","meta":{"footnotes":"","_share_on_mastodon":"0"},"categories":[51610],"tags":[7750,3112,14818,88880,10822,14816,17047,51889,1048,9558,1066,14814,14817,14815,1232,2431,42,38,40,39,41,1367,10317,14819,9104,81530,63281,3355,17038,89702,4518,14820,37932,60629,19531],"class_list":["post-469761","post","type-post","status-publish","format-standard","has-post-thumbnail","category-gdansk","tag-artykuly","tag-auto","tag-autohandel","tag-bruk","tag-czas","tag-czesci-zamienne","tag-czytelnik","tag-fragment","tag-gdansk","tag-komis","tag-miasto","tag-modele","tag-moto","tag-motocykle","tag-motoryzacja","tag-odcinek","tag-pl","tag-poland","tag-polish","tag-polska","tag-polski","tag-porady","tag-przejazd","tag-salon-samochodowy","tag-samochody","tag-sebastian","tag-stulecie","tag-testy","tag-trojmiasto-pl","tag-ul-10-lutego","tag-ulica","tag-uslugi-motoryzacyjne","tag-uwaga","tag-wizytowka","tag-wrazenie"],"share_on_mastodon":{"url":"https:\/\/pubeurope.com\/@pl\/116681678295644249","error":""},"_links":{"self":[{"href":"https:\/\/www.europesays.com\/pl\/wp-json\/wp\/v2\/posts\/469761","targetHints":{"allow":["GET"]}}],"collection":[{"href":"https:\/\/www.europesays.com\/pl\/wp-json\/wp\/v2\/posts"}],"about":[{"href":"https:\/\/www.europesays.com\/pl\/wp-json\/wp\/v2\/types\/post"}],"author":[{"embeddable":true,"href":"https:\/\/www.europesays.com\/pl\/wp-json\/wp\/v2\/users\/2"}],"replies":[{"embeddable":true,"href":"https:\/\/www.europesays.com\/pl\/wp-json\/wp\/v2\/comments?post=469761"}],"version-history":[{"count":0,"href":"https:\/\/www.europesays.com\/pl\/wp-json\/wp\/v2\/posts\/469761\/revisions"}],"wp:featuredmedia":[{"embeddable":true,"href":"https:\/\/www.europesays.com\/pl\/wp-json\/wp\/v2\/media\/469762"}],"wp:attachment":[{"href":"https:\/\/www.europesays.com\/pl\/wp-json\/wp\/v2\/media?parent=469761"}],"wp:term":[{"taxonomy":"category","embeddable":true,"href":"https:\/\/www.europesays.com\/pl\/wp-json\/wp\/v2\/categories?post=469761"},{"taxonomy":"post_tag","embeddable":true,"href":"https:\/\/www.europesays.com\/pl\/wp-json\/wp\/v2\/tags?post=469761"}],"curies":[{"name":"wp","href":"https:\/\/api.w.org\/{rel}","templated":true}]}}