{"id":47021,"date":"2025-10-13T15:27:10","date_gmt":"2025-10-13T15:27:10","guid":{"rendered":"https:\/\/www.europesays.com\/pl\/47021\/"},"modified":"2025-10-13T15:27:10","modified_gmt":"2025-10-13T15:27:10","slug":"22-gratis-w-dino-sztuka-wychodzi-po-174-zl-rmf-fm","status":"publish","type":"post","link":"https:\/\/www.europesays.com\/pl\/47021\/","title":{"rendered":"\u201e2+2 gratis\u201d w Dino. Sztuka wychodzi po 1,74 z\u0142 :: RMF FM"},"content":{"rendered":"<p>Dino ma teraz kusz\u0105c\u0105 akcj\u0119 \u201e2+2 gratis\u201d. Warto zrobi\u0107 zapas, bo rzadko mo\u017cna trafi\u0107 na tak\u0105 promocj\u0119, a produkt mo\u017ce pole\u017ce\u0107 d\u0142u\u017cej w zamra\u017carce. Do tego sie\u0107 wprowadzi\u0142a du\u017ce przeceny na dziale z kosmetykami. Niekt\u00f3re mo\u017cna dosta\u0107 nawet 60% taniej. To te\u017c nie zdarza si\u0119 cz\u0119sto.<\/p>\n<p><img decoding=\"async\" alt=\"\" src=\"https:\/\/www.europesays.com\/pl\/wp-content\/uploads\/2025\/10\/ecd8dfc9e99bd46db01603135ca67196.jpg\" class=\"w-100\"\/><\/p>\n<p>Nowe promocje w Dino, fot. Shutterstock<\/p>\n<p>&#13;<br \/>\n\tPoza <a href=\"https:\/\/www.rmf.fm\/magazyn\/news,83946,od-jutra-w-dino-11-gratis-bez-jakichkolwiek-limitow.html\" target=\"_blank\" rel=\"nofollow noopener\">promocjami z najnowszej gazetki<\/a>, kt\u00f3ra pozostanie aktualna do wtorku 14 pa\u017adziernika w\u0142\u0105cznie, Dino ma obecnie sporo ciekawych okazji wprowadzonych w ramach oferty specjalnej. Na dziale spo\u017cywczym warto zwr\u00f3ci\u0107 uwag\u0119 m.in. na \u201e2+2 gratis\u201d na szpinak mro\u017cony rozdrobniony marki Hortex, bo dzi\u0119ki tej akcji jedna p\u00f3\u0142kilogramowa tafla wyjdzie po 1,74 z\u0142. Mo\u017cna solidnie uzupe\u0142ni\u0107 zapasy za p\u00f3\u0142 ceny.<\/p>\n<p>&#13;<br \/>\n\tJe\u017celi mowa o akcjach z gratisami, to warto te\u017c skorzysta\u0107 z \u201e1+1 gratis\u201d na patyczki higieniczne Neo Style. I tak ka\u017cdy je kupuje, a nikt nie chce przep\u0142aca\u0107. Teraz dwa opakowania wychodz\u0105 w cenie jednego. Tak\u0105 sam\u0105 ofert\u0105 obj\u0119to sosy Helcom Wprost do zapiekania, \u201e2+2 gratis\u201d s\u0105 aktualnie natomiast np. lizaki owocowe Psi Patrol, a \u201e4+4 gratis\u201d \u2013 wafle Grze\u015bki Na kraw\u0119dzi.<\/p>\n<p>\t<a href=\"https:\/\/www.rmf.fm\/magazyn\/news,84153,hit-w-aldi-za-4999-zl-gdzie-indziej-kosztuja-ponad-700-zl.html\" rel=\"nofollow noopener\" target=\"_blank\"><img decoding=\"async\" src=\"https:\/\/www.europesays.com\/pl\/wp-content\/uploads\/2025\/10\/2a7c2320e370f63f1d5fbf209b172510.jpg\" width=\"290\"\/><\/a><a href=\"https:\/\/www.rmf.fm\/magazyn\/news,84153,hit-w-aldi-za-4999-zl-gdzie-indziej-kosztuja-ponad-700-zl.html\" rel=\"nofollow noopener\" target=\"_blank\">Hit w Aldi za 49,99 z\u0142. Gdzie indziej kosztuj\u0105 ponad 700 z\u0142<\/a><\/p>\n<p>Od \u015brody Aldi b\u0119dzie mie\u0107 prawdziwy hit. Buty z zamszowej sk\u00f3ry, kt\u00f3re kr\u00f3luj\u0105 w trendach tej jesieni, maj\u0105 by\u0107 dost\u0119pne w dyskoncie za jedyne 49,99 z\u0142. Wygl\u0105daj\u0105 podobnie do kultowego modelu znanej niemieckiej marki, za kt\u00f3ry trzeba&#8230;<\/p>\n<p>\n&#13;<br \/>\n\tDino \u2013 13 pa\u017adziernika<\/p>\n<p>&#13;<br \/>\n\tDino wprowadzi\u0142o te\u017c w\u0142a\u015bnie du\u017ce przeceny na dziale z kosmetykami. Tam obni\u017cono ceny produkt\u00f3w do makija\u017cu marki Exme o nawet 60%. O tyle przeceniono np. \u017cele do stylizacji brwi, prasowane bronzery, r\u00f3\u017ce do policzk\u00f3w i roz\u015bwietlacze, b\u0142yszczyki czy tusz do rz\u0119s z linii Fiesta Fusion. Wszystkie s\u0105 teraz dost\u0119pne po 5,95 z\u0142 zamiast regularnych 14,99 z\u0142. To prawie 10 z\u0142 oszcz\u0119dno\u015bci na jednej rzeczy.<\/p>\n<p>&#13;<br \/>\n\tO po\u0142ow\u0119 ta\u0144sze za\u015b s\u0105 aktualnie wybrane cienie do powiek tej samej marki. Je mo\u017cna dosta\u0107 po 4,99 z\u0142 zamiast 9,99 z\u0142. Du\u017cych promocji na kosmetyki nie brakuje obecnie r\u00f3wnie\u017c w Biedronce. Tam uruchomiono m.in. \u201e1+1 gratis\u201d na ca\u0142e marki Bielenda i To\u0142pa:<\/p>\n<p><a href=\"https:\/\/www.rmf.fm\/magazyn\/news,84124,od-jutra-w-biedronce-1010-gratis-limit-dzienny-40-sztuk.html\" rel=\"nofollow noopener\" target=\"_blank\"><img decoding=\"async\" src=\"https:\/\/www.europesays.com\/pl\/wp-content\/uploads\/2025\/10\/ad83205d64eafe3bf68a3ad5b74a3618.jpg\" width=\"290\"\/><\/a><a href=\"https:\/\/www.rmf.fm\/magazyn\/news,84124,od-jutra-w-biedronce-1010-gratis-limit-dzienny-40-sztuk.html\" rel=\"nofollow noopener\" target=\"_blank\">Od jutra w Biedronce \u201e10+10 gratis\u201d. Limit dzienny: 40 sztuk<\/a><\/p>\n<p>Biedronka ods\u0142ania karty przed 13 pa\u017adziernika. Od poniedzia\u0142ku szykuje dla klient\u00f3w ca\u0142e mn\u00f3stwo promocji z gratisami. Pojawi\u0105 si\u0119 kusz\u0105ce, r\u00f3wnie\u017c nielimitowane \u201e1+1 gratis\u201d na popularne produkty spo\u017cywcze i chemi\u0119, ale to nie&#8230;<\/p>\n<p><\/p>\n","protected":false},"excerpt":{"rendered":"Dino ma teraz kusz\u0105c\u0105 akcj\u0119 \u201e2+2 gratis\u201d. Warto zrobi\u0107 zapas, bo rzadko mo\u017cna trafi\u0107 na tak\u0105 promocj\u0119, a&hellip;\n","protected":false},"author":2,"featured_media":47022,"comment_status":"","ping_status":"","sticky":false,"template":"","format":"standard","meta":{"footnotes":""},"categories":[16],"tags":[113,112,857,12998,12999,859,5135,860,5136,42,38,40,39,41,863,862],"class_list":{"0":"post-47021","1":"post","2":"type-post","3":"status-publish","4":"format-standard","5":"has-post-thumbnail","7":"category-biznes","8":"tag-biznes","9":"tag-business","10":"tag-dino","11":"tag-dino-13-pazdziernika","12":"tag-dino-14-pazdziernika","13":"tag-dino-promocja","14":"tag-dino-promocja-dzisiaj","15":"tag-dino-promocje","16":"tag-dino-promocje-dzisiaj","17":"tag-pl","18":"tag-poland","19":"tag-polish","20":"tag-polska","21":"tag-polski","22":"tag-promocja","23":"tag-promocje"},"share_on_mastodon":{"url":"","error":""},"_links":{"self":[{"href":"https:\/\/www.europesays.com\/pl\/wp-json\/wp\/v2\/posts\/47021","targetHints":{"allow":["GET"]}}],"collection":[{"href":"https:\/\/www.europesays.com\/pl\/wp-json\/wp\/v2\/posts"}],"about":[{"href":"https:\/\/www.europesays.com\/pl\/wp-json\/wp\/v2\/types\/post"}],"author":[{"embeddable":true,"href":"https:\/\/www.europesays.com\/pl\/wp-json\/wp\/v2\/users\/2"}],"replies":[{"embeddable":true,"href":"https:\/\/www.europesays.com\/pl\/wp-json\/wp\/v2\/comments?post=47021"}],"version-history":[{"count":0,"href":"https:\/\/www.europesays.com\/pl\/wp-json\/wp\/v2\/posts\/47021\/revisions"}],"wp:featuredmedia":[{"embeddable":true,"href":"https:\/\/www.europesays.com\/pl\/wp-json\/wp\/v2\/media\/47022"}],"wp:attachment":[{"href":"https:\/\/www.europesays.com\/pl\/wp-json\/wp\/v2\/media?parent=47021"}],"wp:term":[{"taxonomy":"category","embeddable":true,"href":"https:\/\/www.europesays.com\/pl\/wp-json\/wp\/v2\/categories?post=47021"},{"taxonomy":"post_tag","embeddable":true,"href":"https:\/\/www.europesays.com\/pl\/wp-json\/wp\/v2\/tags?post=47021"}],"curies":[{"name":"wp","href":"https:\/\/api.w.org\/{rel}","templated":true}]}}