{"id":470294,"date":"2026-06-02T22:54:12","date_gmt":"2026-06-02T22:54:12","guid":{"rendered":"https:\/\/www.europesays.com\/pl\/470294\/"},"modified":"2026-06-02T22:54:12","modified_gmt":"2026-06-02T22:54:12","slug":"gruchnely-wiesci-ws-lewandowskiego-jest-blisko-porozumienia","status":"publish","type":"post","link":"https:\/\/www.europesays.com\/pl\/470294\/","title":{"rendered":"Gruchn\u0119\u0142y wie\u015bci ws. Lewandowskiego. &#8222;Jest blisko porozumienia&#8221;"},"content":{"rendered":"\n<p class=\"contentpart contentpart--default contentpart--text\" data-position=\"0\">Robert Lewandowski przebywa na zgrupowaniu reprezentacji Polski i szykuje si\u0119 do \u015brodowego meczu towarzyskiego z Nigeri\u0105 (wed\u0142ug s\u0142\u00f3w Jana Urbana ma wyst\u0105pi\u0107 od 1. minuty), a tymczasem w Turcji bardzo mocno &#8222;grzany&#8221; jest jego transfer do Fenerbahce.<\/p>\n<p class=\"contentpart contentpart--default contentpart--text\" data-position=\"1\">Wolny transfer, bo 30 czerwca wygasa kontrakt &#8222;Lewego&#8221; z FC Barcelon\u0105. Wiemy ju\u017c, \u017ce nie b\u0119dzie przed\u0142u\u017cony i Polak szuka nowych wyzwa\u0144.<\/p>\n<p>  <img decoding=\"async\" src=\"https:\/\/v.wpimg.pl\/X3dwLnN2d1IFFTpdYUl6R0ZNbgcnEHQREVV2TGEGbUtRT2MdOlZ2RBQUKABgQjQcDRotCStBd1IAAWMeIlM7VgwYIAorQAdEFFk_GCkQJQ\" alt=\"\" width=\"45\" height=\"58\" loading=\"lazy\"\/>  <\/p>\n<p class=\"contentpart contentpart--default contentpart--text\" data-position=\"2\">We wtorek rano pojawi\u0142y si\u0119 informacje o Fenerbahce (<a href=\"https:\/\/sportowefakty.wp.pl\/pilka-nozna\/1254090\/wyciekly-szczegoly-oferty-dla-lewandowskiego-tyle-chca-mu-zaplacic\" rel=\"nofollow noopener\" target=\"_blank\">&#8212;&#8211;&gt; WI\u0118CEJ<\/a>). Dziennikarze rozpisywali si\u0119 nawet na temat zarobk\u00f3w Lewandowskiego w Stambule.<\/p>\n<p class=\"contentpart contentpart--default contentpart--text\" data-position=\"3\">Min\u0119\u0142o par\u0119 godzin i z Turcji dochodz\u0105 informacje, \u017ce do porozumienia jest bardzo blisko.<\/p>\n<p class=\"contentpart contentpart--default contentpart--text\" data-position=\"4\">ZOBACZ WIDEO: Wzruszaj\u0105ce obrazki. Tak po\u017cegnano Magier\u0119<\/p>\n<p class=\"contentpart contentpart--default contentpart--text\" data-position=\"6\">Dziennikarz\u00a0Ya\u011f\u0131z Sabuncuo\u011flu napisa\u0142, \u017ce\u00a0Hakan Safi jest bardzo blisko osi\u0105gni\u0119cia porozumienia z kapitanem reprezentacji Polski.<\/p>\n<p>  <img decoding=\"async\" src=\"https:\/\/v.wpimg.pl\/X3dwLnN2d1IFFTpdYUl6R0ZNbgcnEHQREVV2TGEGbUtRT2MdOlZ2RBQUKABgQjQcDRotCStBd1IAAWMeIlM7VgwYIAorQAdEFFk_GCkQJQ\" alt=\"\" width=\"45\" height=\"58\" loading=\"lazy\"\/>  <\/p>\n<p class=\"contentpart contentpart--default contentpart--text\" data-position=\"7\">Mowa o kontrakcie na dwa lata z opcj\u0105 przed\u0142u\u017cenia. Lewandowski mia\u0142by zarabia\u0107 15 milion\u00f3w euro kwoty podstawowej plus bonusy w zale\u017cno\u015bci od wynik\u00f3w.<\/p>\n<p class=\"contentpart contentpart--default contentpart--text\" data-position=\"8\">Ale kim tak naprawd\u0119 jest wspomniany\u00a0Hakan Safi? No w\u0142a\u015bnie, trzeba bra\u0107 na to poprawk\u0119. M\u00f3wimy jedynie o kandydacie na prezesa.<\/p>\n<p class=\"contentpart contentpart--default contentpart--text\" data-position=\"9\">Aby m\u00f3c zatwierdzi\u0107 jakiekolwiek transfery, musi wygra\u0107 wybory.<\/p>\n<p class=\"contentpart contentpart--default contentpart--text\" data-position=\"10\"><a href=\"https:\/\/sportowefakty.wp.pl\/pilka-nozna\/1254152\/zabral-glos-ws-transferu-lewandowskiego-musze-ostudzic-nastroje\" rel=\"nofollow noopener\" target=\"_blank\">&#8211; Fenerbahce nie jest klubem, kt\u00f3ry ma pojedynczego w\u0142a\u015bciciela. Fenerbahce dzia\u0142a na zasadzie kongresu. Jest ich ok. 45\u201350 tys. i to oni decyduj\u0105 o tym, kto zostanie ich zwierzchnikiem i ta osoba decyduje w Fenerbahce o wszystkim &#8211; m\u00f3wi\u0142 wcze\u015bniej\u00a0Krzysztof Gerlak (ekspert od tureckiego futbolu i kibic Fenerbahce)<\/a>.<\/p>\n","protected":false},"excerpt":{"rendered":"Robert Lewandowski przebywa na zgrupowaniu reprezentacji Polski i szykuje si\u0119 do \u015brodowego meczu towarzyskiego z Nigeri\u0105 (wed\u0142ug s\u0142\u00f3w&hellip;\n","protected":false},"author":2,"featured_media":470295,"comment_status":"","ping_status":"","sticky":false,"template":"","format":"standard","meta":{"footnotes":"","_share_on_mastodon":"0"},"categories":[5],"tags":[32,33,36,37,2290,27,34,35,28,31,25,269,15255,278,42,38,40,39,41,273,41040,8472,5811,29,30,192,26],"class_list":["post-470294","post","type-post","status-publish","format-standard","has-post-thumbnail","category-naglowki","tag-breaking-news","tag-breakingnews","tag-featured-news","tag-featurednews","tag-fenerbahce-sk","tag-headlines","tag-latest-news","tag-latestnews","tag-naglowki","tag-najwazniejsze-artykuly","tag-news","tag-pilka-nozna","tag-pilka-nozna-w-turcji","tag-pilka-w-europie","tag-pl","tag-poland","tag-polish","tag-polska","tag-polski","tag-robert-lewandowski","tag-stadion-fenerbahce-sukru-saracoglu-w-stambule","tag-stambul","tag-super-lig","tag-top-stories","tag-topstories","tag-turcja","tag-wiadomosci"],"share_on_mastodon":{"url":"https:\/\/pubeurope.com\/@pl\/116682979763265165","error":""},"_links":{"self":[{"href":"https:\/\/www.europesays.com\/pl\/wp-json\/wp\/v2\/posts\/470294","targetHints":{"allow":["GET"]}}],"collection":[{"href":"https:\/\/www.europesays.com\/pl\/wp-json\/wp\/v2\/posts"}],"about":[{"href":"https:\/\/www.europesays.com\/pl\/wp-json\/wp\/v2\/types\/post"}],"author":[{"embeddable":true,"href":"https:\/\/www.europesays.com\/pl\/wp-json\/wp\/v2\/users\/2"}],"replies":[{"embeddable":true,"href":"https:\/\/www.europesays.com\/pl\/wp-json\/wp\/v2\/comments?post=470294"}],"version-history":[{"count":0,"href":"https:\/\/www.europesays.com\/pl\/wp-json\/wp\/v2\/posts\/470294\/revisions"}],"wp:featuredmedia":[{"embeddable":true,"href":"https:\/\/www.europesays.com\/pl\/wp-json\/wp\/v2\/media\/470295"}],"wp:attachment":[{"href":"https:\/\/www.europesays.com\/pl\/wp-json\/wp\/v2\/media?parent=470294"}],"wp:term":[{"taxonomy":"category","embeddable":true,"href":"https:\/\/www.europesays.com\/pl\/wp-json\/wp\/v2\/categories?post=470294"},{"taxonomy":"post_tag","embeddable":true,"href":"https:\/\/www.europesays.com\/pl\/wp-json\/wp\/v2\/tags?post=470294"}],"curies":[{"name":"wp","href":"https:\/\/api.w.org\/{rel}","templated":true}]}}