{"id":470334,"date":"2026-06-02T23:21:10","date_gmt":"2026-06-02T23:21:10","guid":{"rendered":"https:\/\/www.europesays.com\/pl\/470334\/"},"modified":"2026-06-02T23:21:10","modified_gmt":"2026-06-02T23:21:10","slug":"co-z-sankcjami-usa-na-rosyjska-rope-marco-rubio-zabral-glos","status":"publish","type":"post","link":"https:\/\/www.europesays.com\/pl\/470334\/","title":{"rendered":"Co z sankcjami USA na rosyjsk\u0105 rop\u0119? Marco Rubio zabra\u0142 g\u0142os"},"content":{"rendered":"\n<p>Co powiedzia\u0142 Marco Rubio?<\/p>\n<p>Rubio podczas wys\u0142uchania w Senacie stwierdzi\u0142: &#8222;To b\u0119dzie zale\u017ca\u0142o od okoliczno\u015bci w danym czasie, ale chcieliby\u015bmy zako\u0144czy\u0107 to tak szybko, jak tylko mo\u017cemy. Podstawow\u0105 polityk\u0105 tego kraju jest obj\u0119cie sankcjami ich ropy naftowej. To s\u0105 ograniczone czasowo licencje w celu udost\u0119pnienia wi\u0119kszej ilo\u015bci globalnej poda\u017cy (ropy)&#8221;.<\/p>\n","protected":false},"excerpt":{"rendered":"Co powiedzia\u0142 Marco Rubio? Rubio podczas wys\u0142uchania w Senacie stwierdzi\u0142: &#8222;To b\u0119dzie zale\u017ca\u0142o od okoliczno\u015bci w danym czasie,&hellip;\n","protected":false},"author":2,"featured_media":470335,"comment_status":"","ping_status":"","sticky":false,"template":"","format":"standard","meta":{"footnotes":"","_share_on_mastodon":"0"},"categories":[14],"tags":[61195,32,33,27,34,35,5190,28,31,48,25,46,40,41,87,47,80,29,30,71,70,26,82,83,84],"class_list":["post-470334","post","type-post","status-publish","format-standard","has-post-thumbnail","category-swiat","tag-bottomfeed_styl","tag-breaking-news","tag-breakingnews","tag-headlines","tag-latest-news","tag-latestnews","tag-marco_rubio","tag-naglowki","tag-najwazniejsze-artykuly","tag-nat_styl","tag-news","tag-omp","tag-polish","tag-polski","tag-rosja","tag-screening_general","tag-swiat","tag-top-stories","tag-topstories","tag-usa","tag-w_skrocie","tag-wiadomosci","tag-world","tag-world-news","tag-worldnews"],"share_on_mastodon":{"url":"https:\/\/pubeurope.com\/@pl\/116683085131338500","error":""},"_links":{"self":[{"href":"https:\/\/www.europesays.com\/pl\/wp-json\/wp\/v2\/posts\/470334","targetHints":{"allow":["GET"]}}],"collection":[{"href":"https:\/\/www.europesays.com\/pl\/wp-json\/wp\/v2\/posts"}],"about":[{"href":"https:\/\/www.europesays.com\/pl\/wp-json\/wp\/v2\/types\/post"}],"author":[{"embeddable":true,"href":"https:\/\/www.europesays.com\/pl\/wp-json\/wp\/v2\/users\/2"}],"replies":[{"embeddable":true,"href":"https:\/\/www.europesays.com\/pl\/wp-json\/wp\/v2\/comments?post=470334"}],"version-history":[{"count":0,"href":"https:\/\/www.europesays.com\/pl\/wp-json\/wp\/v2\/posts\/470334\/revisions"}],"wp:featuredmedia":[{"embeddable":true,"href":"https:\/\/www.europesays.com\/pl\/wp-json\/wp\/v2\/media\/470335"}],"wp:attachment":[{"href":"https:\/\/www.europesays.com\/pl\/wp-json\/wp\/v2\/media?parent=470334"}],"wp:term":[{"taxonomy":"category","embeddable":true,"href":"https:\/\/www.europesays.com\/pl\/wp-json\/wp\/v2\/categories?post=470334"},{"taxonomy":"post_tag","embeddable":true,"href":"https:\/\/www.europesays.com\/pl\/wp-json\/wp\/v2\/tags?post=470334"}],"curies":[{"name":"wp","href":"https:\/\/api.w.org\/{rel}","templated":true}]}}