{"id":470462,"date":"2026-06-03T00:50:13","date_gmt":"2026-06-03T00:50:13","guid":{"rendered":"https:\/\/www.europesays.com\/pl\/470462\/"},"modified":"2026-06-03T00:50:13","modified_gmt":"2026-06-03T00:50:13","slug":"rozmowy-iranu-z-usa-wstrzymane-stanowcze-slowa-donalda-trumpa","status":"publish","type":"post","link":"https:\/\/www.europesays.com\/pl\/470462\/","title":{"rendered":"Rozmowy Iranu z USA wstrzymane? Stanowcze s\u0142owa Donalda Trumpa"},"content":{"rendered":"\n<p>Co napisa\u0142 Donald Trump?<\/p>\n<p>&#8222;Doniesienia medi\u00f3w rozpowszechniaj\u0105cych fa\u0142szywe informacje, jakoby Islamska Republika Iranu i Stany Zjednoczone przesta\u0142y ze sob\u0105 rozmawia\u0107 kilka dni temu, s\u0105 nieprawdziwe i b\u0142\u0119dne. Nasze rozmowy trwaj\u0105 nieprzerwanie \u2014 mia\u0142y miejsce cztery dni temu, trzy dni temu, dwa dni temu, jeden dzie\u0144 temu i dzisiaj&#8221; \u2014 napisa\u0142 Trump w serwisie Truth Social.<\/p>\n","protected":false},"excerpt":{"rendered":"Co napisa\u0142 Donald Trump? &#8222;Doniesienia medi\u00f3w rozpowszechniaj\u0105cych fa\u0142szywe informacje, jakoby Islamska Republika Iranu i Stany Zjednoczone przesta\u0142y ze&hellip;\n","protected":false},"author":2,"featured_media":470463,"comment_status":"","ping_status":"","sticky":false,"template":"","format":"standard","meta":{"footnotes":"","_share_on_mastodon":"0"},"categories":[14],"tags":[61195,32,33,44,27,3660,663,91,34,35,28,31,48,25,46,40,41,47,80,29,30,71,26,82,83,84],"class_list":["post-470462","post","type-post","status-publish","format-standard","has-post-thumbnail","category-swiat","tag-bottomfeed_styl","tag-breaking-news","tag-breakingnews","tag-donald_trump","tag-headlines","tag-hezbollah","tag-iran","tag-izrael","tag-latest-news","tag-latestnews","tag-naglowki","tag-najwazniejsze-artykuly","tag-nat_styl","tag-news","tag-omp","tag-polish","tag-polski","tag-screening_general","tag-swiat","tag-top-stories","tag-topstories","tag-usa","tag-wiadomosci","tag-world","tag-world-news","tag-worldnews"],"share_on_mastodon":{"url":"https:\/\/pubeurope.com\/@pl\/116683435213886354","error":""},"_links":{"self":[{"href":"https:\/\/www.europesays.com\/pl\/wp-json\/wp\/v2\/posts\/470462","targetHints":{"allow":["GET"]}}],"collection":[{"href":"https:\/\/www.europesays.com\/pl\/wp-json\/wp\/v2\/posts"}],"about":[{"href":"https:\/\/www.europesays.com\/pl\/wp-json\/wp\/v2\/types\/post"}],"author":[{"embeddable":true,"href":"https:\/\/www.europesays.com\/pl\/wp-json\/wp\/v2\/users\/2"}],"replies":[{"embeddable":true,"href":"https:\/\/www.europesays.com\/pl\/wp-json\/wp\/v2\/comments?post=470462"}],"version-history":[{"count":0,"href":"https:\/\/www.europesays.com\/pl\/wp-json\/wp\/v2\/posts\/470462\/revisions"}],"wp:featuredmedia":[{"embeddable":true,"href":"https:\/\/www.europesays.com\/pl\/wp-json\/wp\/v2\/media\/470463"}],"wp:attachment":[{"href":"https:\/\/www.europesays.com\/pl\/wp-json\/wp\/v2\/media?parent=470462"}],"wp:term":[{"taxonomy":"category","embeddable":true,"href":"https:\/\/www.europesays.com\/pl\/wp-json\/wp\/v2\/categories?post=470462"},{"taxonomy":"post_tag","embeddable":true,"href":"https:\/\/www.europesays.com\/pl\/wp-json\/wp\/v2\/tags?post=470462"}],"curies":[{"name":"wp","href":"https:\/\/api.w.org\/{rel}","templated":true}]}}