{"id":470815,"date":"2026-06-03T05:03:16","date_gmt":"2026-06-03T05:03:16","guid":{"rendered":"https:\/\/www.europesays.com\/pl\/470815\/"},"modified":"2026-06-03T05:03:16","modified_gmt":"2026-06-03T05:03:16","slug":"lzy-zagraja-na-festiwalu-jerzego-owsiaka-w-sieci-wybuchla-burza","status":"publish","type":"post","link":"https:\/\/www.europesays.com\/pl\/470815\/","title":{"rendered":"\u0141zy zagraj\u0105 na festiwalu Jerzego Owsiaka. W sieci wybuch\u0142a burza"},"content":{"rendered":"<p>Pol&#8217;and&#8217;Rock Festival od lat przyci\u0105ga setki tysi\u0119cy uczestnik\u00f3w z Polski i zagranicy. Impreza organizowana przez Fundacj\u0119 Wielka Orkiestra \u015awi\u0105tecznej Pomocy jest nie tylko \u015bwi\u0119tem muzyki, ale tak\u017ce wydarzeniem promuj\u0105cym warto\u015bci takie jak otwarto\u015b\u0107, tolerancja i wzajemny szacunek.<\/p>\n<p>Festiwal narodzi\u0142 si\u0119 w 1995 r. pod nazw\u0105 Przystanek Woodstock. Jego pomys\u0142odawc\u0105 by\u0142 Jerzy Owsiak, kt\u00f3ry chcia\u0142 w ten spos\u00f3b podzi\u0119kowa\u0107 wolontariuszom WO\u015aP za ich zaanga\u017cowanie podczas corocznych fina\u0142\u00f3w akcji charytatywnej. Z biegiem lat wydarzenie rozros\u0142o si\u0119 do imponuj\u0105cych rozmiar\u00f3w, staj\u0105c si\u0119 jednym z najwi\u0119kszych darmowych festiwali muzycznych na \u015bwiecie.<\/p>\n<p>     Sprawd\u017a: <a href=\"https:\/\/plejada.pl\/newsy\/afera-z-nocowanka-u-julii-wieniawy-jerzy-owsiak-gorzko-mowil-o-takich-sytuacjach\/x59b4q6\" id=\"de385d3b-3aa2-4239-a49f-9a4bfbb14759\" rel=\"nofollow noopener\" target=\"_blank\">Afera z nocowank\u0105 u Julii Wieniawy. Jerzy Owsiak gorzko m\u00f3wi\u0142 o takich sytuacjach<\/a><\/p>\n<p>Na scenach Pol&#8217;and&#8217;Rock Festival wyst\u0119powa\u0142y zar\u00f3wno polskie, jak i zagraniczne gwiazdy reprezentuj\u0105ce r\u00f3\u017cne gatunki muzyczne \u2014 od rocka i metalu po reggae, folk czy muzyk\u0119 alternatywn\u0105. Dzi\u0119ki r\u00f3\u017cnorodnemu programowi ka\u017cdy uczestnik mo\u017ce znale\u017a\u0107 co\u015b dla siebie.<\/p>\n<p>32. edycja festiwalu odb\u0119dzie si\u0119 w dniach 30 lipca \u2014 1 sierpnia. <\/p>\n<p> Dalszy ci\u0105g artyku\u0142u pod materia\u0142em wideo Burza w sieci po og\u0142oszeniu artyst\u00f3w na Pol&#8217;and&#8217;Rock Festival<\/p>\n<p>W najnowszym og\u0142oszeniu pojawi\u0142y si\u0119 kolejne dwa zespo\u0142y \u2014 oba wyst\u0105pi\u0105 na Ma\u0142ej Scenie. S\u0105 to pop-rockowe \u0141zy oraz Trupa Trupa.<\/p>\n<p>Pod wpisem o zespole \u0141zy pojawi\u0142y si\u0119 setki komentarzy.<\/p>\n<blockquote class=\"ods-o-quote\">\n<p class=\"ods-o-quote__paragraph\">\u0141zy to jeden z najpopularniejszych i najd\u0142u\u017cej aktywnych zespo\u0142\u00f3w pop-rockowych w Polsce. Kt\u00f3\u017c z nas nie zna ich najwi\u0119kszych hit\u00f3w, jak &#8222;Agnieszka&#8221; czy &#8222;Oczy szeroko zamkni\u0119te&#8221;, kt\u00f3re zreszt\u0105 zosta\u0142y wybrane przez Radio Zet za jeden z najwi\u0119kszych polskich przeboj\u00f3w XX-go wieku<\/p>\n<\/blockquote>\n<p>\u2014 czytamy w mediach spo\u0142eczno\u015bciowych.<\/p>\n<p>Obecnie zesp\u00f3\u0142 \u0141zy wyst\u0119puje z Sar\u0105 Chmiel, kt\u00f3ra przej\u0119\u0142a rol\u0119 wokalistki w 2011 r. po odej\u015bciu Ani Wyszkoni. Kilka lat p\u00f3\u017aniej, w 2021 r., w grupie dosz\u0142o do podzia\u0142u, w wyniku kt\u00f3rego jej szeregi opu\u015bci\u0142 wsp\u00f3\u0142za\u0142o\u017cyciel, gitarzysta i autor wielu najwi\u0119kszych przeboj\u00f3w \u2014 Adam Konkol. Na pocz\u0105tku 2025 r. muzycy skupieni wok\u00f3\u0142 Sary Chmiel poinformowali, \u017ce decyzj\u0105 Urz\u0119du Patentowego RP uzyskali wy\u0142\u0105czne prawo do pos\u0142ugiwania si\u0119 nazw\u0105 \u0141zy.<\/p>\n<p>Internauci dali upust emocjom.<\/p>\n<p>&#8222;\u0141zy bez Wyszkoni, to jak Myslovitz bez Rojka. Niby nazwa zespo\u0142u ta sama, no ale..&#8221;<\/p>\n<p>&#8222;Chcia\u0142abym zobaczy\u0107 min\u0119 Pana Konkola po tym og\u0142oszeniu&#8221;<\/p>\n<p>&#8222;Czyli to b\u0119d\u0105 te \u0141zy bez Konkola, ale za to bez Wyszkoni?&#8221;<\/p>\n<p>&#8222;\u0141zy&#8230; Znam dawne dokonania grupy. W sumie niczego nowego si\u0119 nie spodziewa\u0142em. Jeszcze zmiana wokalistki&#8230;c\u00f3\u017c, chyba s\u0142abo&#8221;<\/p>\n<p>&#8222;Widz\u0119, \u017ce biesiada kasztela\u0144ska si\u0119 zrobi\u0142a z Woodstocku&#8221;<\/p>\n<p>&#8222;Ooo, ju\u017c raz si\u0119 na nich by\u0142o na ma\u0142ej scenie. Morze ludzi. \u015awietna energia. Niestety trzeba by\u0142o wyj\u015b\u0107 przed ko\u0144cem, by zd\u0105\u017cy\u0107 na Apocalyptic\u0119. Ta r\u00f3\u017cnorodno\u015b\u0107 jest naprawd\u0119 znakomita&#8221;<\/p>\n<p>&#8222;By\u0142am na ich koncercie \u2014 naprawd\u0119 daj\u0105 czadu&#8221;<\/p>\n<p>Sprawd\u017a: <a href=\"https:\/\/plejada.pl\/wideo\/ania-wyszkoni-podsumowuje-kariere-mowi-o-odejsciu-z-zespolu-lzy-najlepsza-decyzja\/d4l9n5e\" id=\"ecc54056-57d8-4e68-8ad5-b48ed09151d6\" rel=\"nofollow noopener\" target=\"_blank\">Ania Wyszkoni podsumowuje karier\u0119. M\u00f3wi o odej\u015bciu z zespo\u0142u \u0141zy. &#8222;Najlepsza decyzja&#8221;<\/a> Dzi\u0119kujemy, \u017ce przeczyta\u0142a\u015b\/e\u015b nasz artyku\u0142 do ko\u0144ca. W serwisie Plejada.pl ka\u017cdego dnia piszemy o najwa\u017cniejszych wydarzeniach show-biznesowych. B\u0105d\u017a na bie\u017c\u0105co!<a rel=\"nofollow noopener\" href=\"https:\/\/profile.google.com\/cp\/Cg0vZy8xMWJ6X19wdHBx\" id=\"5da3bdab-5ba4-42c5-829d-90f73371a7f5\" target=\"_blank\"> Obserwuj<\/a> Plejad\u0119 w Google. Odwied\u017a nas tak\u017ce na<a rel=\"nofollow noopener\" href=\"https:\/\/www.facebook.com\/plejadapl\" id=\"cad31ee3-e6ff-486f-a4de-0a4eff8e7449\" target=\"_blank\"> Facebooku<\/a>,<a rel=\"nofollow noopener\" href=\"https:\/\/www.instagram.com\/plejadapl\/\" id=\"f5bce1d3-f9c3-44af-99fb-e0822267492b\" target=\"_blank\"> Instagramie<\/a>,<a rel=\"nofollow noopener\" href=\"https:\/\/www.youtube.com\/c\/plejada\" id=\"691df164-7a1b-4ed7-ad6c-eabf37d63885\" target=\"_blank\"> YouTubie<\/a> oraz<a rel=\"nofollow noopener\" href=\"https:\/\/www.tiktok.com\/@plejada_pl\" id=\"f4720cdf-a3c6-4083-bb92-2f1597ea333c\" target=\"_blank\"> TikToku<\/a>.Chcesz podzieli\u0107 si\u0119 ciekawym newsem lub zaproponowa\u0107 temat? Skontaktuj si\u0119 z nami, pisz\u0105c maila na adres: <a rel=\"nofollow noopener\" href=\"https:\/\/plejada.pl\/newsy\/lzy-zagraja-na-festiwalu-jerzego-owsiaka-w-sieci-wybuchla-burza\/mailto:plejada@redakcjaonet.pl\" id=\"0a99d195-451f-45f2-ac41-8b4d6f188e29\" target=\"_blank\">plejada@redakcjaonet.pl<\/a>.<script async src=\"\/\/www.instagram.com\/embed.js\"><\/script><script async src=\"\/\/www.tiktok.com\/embed.js\"><\/script><\/p>\n","protected":false},"excerpt":{"rendered":"Pol&#8217;and&#8217;Rock Festival od lat przyci\u0105ga setki tysi\u0119cy uczestnik\u00f3w z Polski i zagranicy. Impreza organizowana przez Fundacj\u0119 Wielka Orkiestra&hellip;\n","protected":false},"author":2,"featured_media":470816,"comment_status":"","ping_status":"","sticky":false,"template":"","format":"standard","meta":{"footnotes":"","_share_on_mastodon":"0"},"categories":[22],"tags":[61195,122,24148,31578,48,125,46,42,37049,38,40,39,41,123,47],"class_list":["post-470815","post","type-post","status-publish","format-standard","has-post-thumbnail","category-rozrywka","tag-bottomfeed_styl","tag-entertainment","tag-jerzy_owsiak","tag-lzy_zespol","tag-nat_styl","tag-newsy","tag-omp","tag-pl","tag-pol_and_rock_festival","tag-poland","tag-polish","tag-polska","tag-polski","tag-rozrywka","tag-screening_general"],"share_on_mastodon":{"url":"https:\/\/pubeurope.com\/@pl\/116684430028610734","error":""},"_links":{"self":[{"href":"https:\/\/www.europesays.com\/pl\/wp-json\/wp\/v2\/posts\/470815","targetHints":{"allow":["GET"]}}],"collection":[{"href":"https:\/\/www.europesays.com\/pl\/wp-json\/wp\/v2\/posts"}],"about":[{"href":"https:\/\/www.europesays.com\/pl\/wp-json\/wp\/v2\/types\/post"}],"author":[{"embeddable":true,"href":"https:\/\/www.europesays.com\/pl\/wp-json\/wp\/v2\/users\/2"}],"replies":[{"embeddable":true,"href":"https:\/\/www.europesays.com\/pl\/wp-json\/wp\/v2\/comments?post=470815"}],"version-history":[{"count":0,"href":"https:\/\/www.europesays.com\/pl\/wp-json\/wp\/v2\/posts\/470815\/revisions"}],"wp:featuredmedia":[{"embeddable":true,"href":"https:\/\/www.europesays.com\/pl\/wp-json\/wp\/v2\/media\/470816"}],"wp:attachment":[{"href":"https:\/\/www.europesays.com\/pl\/wp-json\/wp\/v2\/media?parent=470815"}],"wp:term":[{"taxonomy":"category","embeddable":true,"href":"https:\/\/www.europesays.com\/pl\/wp-json\/wp\/v2\/categories?post=470815"},{"taxonomy":"post_tag","embeddable":true,"href":"https:\/\/www.europesays.com\/pl\/wp-json\/wp\/v2\/tags?post=470815"}],"curies":[{"name":"wp","href":"https:\/\/api.w.org\/{rel}","templated":true}]}}