{"id":471052,"date":"2026-06-03T07:44:12","date_gmt":"2026-06-03T07:44:12","guid":{"rendered":"https:\/\/www.europesays.com\/pl\/471052\/"},"modified":"2026-06-03T07:44:12","modified_gmt":"2026-06-03T07:44:12","slug":"xiv-lubelskie-dni-seniora-2026-w-ogrodzie-botanicznym-umcs-2026-aktualnosci-lublin","status":"publish","type":"post","link":"https:\/\/www.europesays.com\/pl\/471052\/","title":{"rendered":"XIV Lubelskie Dni Seniora 2026 w Ogrodzie Botanicznym UMCS &#8211; 2026 &#8211; Aktualno\u015bci &#8211; Lublin"},"content":{"rendered":"<p>Terminy oraz tematy spacer\u00f3w:<\/p>\n<p>10.06\u00a0(\u015broda) godz.\u00a09:30, temat spaceru: \u201eCzerwcowy Ogr\u00f3d w rozkwicie&#8221;<br \/>\n10.06 (\u015broda) godz. 11:30, temat spaceru: \u201eCzerwcowy Ogr\u00f3d w rozkwicie&#8221;<br \/>\n11.06\u00a0(czwartek) godz.\u00a09:30, temat spaceru: \u201eCzerwcowy Ogr\u00f3d w rozkwicie&#8221;<br \/>\n11:06 (czwartek) godz. 11:30, temat spaceru: \u201eJak sobie radzi\u0107 z susz\u0105 w ogrodzie?&#8221;<\/p>\n<p>Uwaga! Na spacer obowi\u0105zuj\u0105 zapisy pod numerem telefonu 81 742 67 01 lub 506 004 107 w godz. 7:00-15:00. Obowi\u0105zuje kolejno\u015b\u0107 zg\u0142osze\u0144.<\/p>\n","protected":false},"excerpt":{"rendered":"Terminy oraz tematy spacer\u00f3w: 10.06\u00a0(\u015broda) godz.\u00a09:30, temat spaceru: \u201eCzerwcowy Ogr\u00f3d w rozkwicie&#8221; 10.06 (\u015broda) godz. 11:30, temat spaceru:&hellip;\n","protected":false},"author":2,"featured_media":471053,"comment_status":"","ping_status":"","sticky":false,"template":"","format":"standard","meta":{"footnotes":"","_share_on_mastodon":"0"},"categories":[51612],"tags":[89992,89994,89989,89995,89996,5648,78940,89990,1081,16927,78211,42,38,40,39,41,77464,87954,89993,89986,89988,89991,67940,10826,24587,89987,24082],"class_list":["post-471052","post","type-post","status-publish","format-standard","has-post-thumbnail","category-lublin","tag-czerwcowy","tag-89994","tag-1006-sroda","tag-89995","tag-1106-czwartek","tag-darmowe","tag-godz","tag-godz-930","tag-lublin","tag-ogrod","tag-okazji","tag-pl","tag-poland","tag-polish","tag-polska","tag-polski","tag-przewodnikiem","tag-przygotowalismy","tag-rozkwicie","tag-seniorow","tag-spacerow","tag-spaceru","tag-spacery","tag-sroda","tag-temat","tag-tematy","tag-terminy"],"share_on_mastodon":{"url":"https:\/\/pubeurope.com\/@pl\/116685063108415081","error":""},"_links":{"self":[{"href":"https:\/\/www.europesays.com\/pl\/wp-json\/wp\/v2\/posts\/471052","targetHints":{"allow":["GET"]}}],"collection":[{"href":"https:\/\/www.europesays.com\/pl\/wp-json\/wp\/v2\/posts"}],"about":[{"href":"https:\/\/www.europesays.com\/pl\/wp-json\/wp\/v2\/types\/post"}],"author":[{"embeddable":true,"href":"https:\/\/www.europesays.com\/pl\/wp-json\/wp\/v2\/users\/2"}],"replies":[{"embeddable":true,"href":"https:\/\/www.europesays.com\/pl\/wp-json\/wp\/v2\/comments?post=471052"}],"version-history":[{"count":0,"href":"https:\/\/www.europesays.com\/pl\/wp-json\/wp\/v2\/posts\/471052\/revisions"}],"wp:featuredmedia":[{"embeddable":true,"href":"https:\/\/www.europesays.com\/pl\/wp-json\/wp\/v2\/media\/471053"}],"wp:attachment":[{"href":"https:\/\/www.europesays.com\/pl\/wp-json\/wp\/v2\/media?parent=471052"}],"wp:term":[{"taxonomy":"category","embeddable":true,"href":"https:\/\/www.europesays.com\/pl\/wp-json\/wp\/v2\/categories?post=471052"},{"taxonomy":"post_tag","embeddable":true,"href":"https:\/\/www.europesays.com\/pl\/wp-json\/wp\/v2\/tags?post=471052"}],"curies":[{"name":"wp","href":"https:\/\/api.w.org\/{rel}","templated":true}]}}