{"id":471135,"date":"2026-06-03T08:32:07","date_gmt":"2026-06-03T08:32:07","guid":{"rendered":"https:\/\/www.europesays.com\/pl\/471135\/"},"modified":"2026-06-03T08:32:07","modified_gmt":"2026-06-03T08:32:07","slug":"tego-nie-zalatwia-sie-przez-ustawki-w-lesie-czarzasty-krytykuje-nawrockiego","status":"publish","type":"post","link":"https:\/\/www.europesays.com\/pl\/471135\/","title":{"rendered":"&#8222;Tego nie za\u0142atwia si\u0119 przez ustawki w lesie&#8221;. Czarzasty krytykuje Nawrockiego"},"content":{"rendered":"<p>W \u015brod\u0119 marsza\u0142ek Sejmu <a href=\"https:\/\/wiadomosci.onet.pl\/wlodzimierz-czarzasty-polityk\" id=\"433f685e-215d-4688-a9bf-871ce22123f2\" rel=\"nofollow noopener\" target=\"_blank\">W\u0142odzimierz Czarzasty<\/a> by\u0142 go\u015bciem porannego programu radia TOK FM. Jednym z g\u0142\u00f3wnych temat\u00f3w rozmowy prowadz\u0105cego program Tomasza Sekielskiego z politykiem by\u0142a decyzja prezydenta <a href=\"https:\/\/wiadomosci.onet.pl\/karol-nawrocki-prezydent\" id=\"66358ff1-f9fc-4d12-a4c5-17eae2547e89\" rel=\"nofollow noopener\" target=\"_blank\">Karola Nawrockiego<\/a>, aby na najbli\u017cszym posiedzeniu Kapitu\u0142y Orderu Or\u0142a Bia\u0142ego <a href=\"https:\/\/wiadomosci.onet.pl\/kraj\/nawrocki-chce-odebrac-order-zelenskiemu-tusk-moze-go-zablokowac-wyjasniamy\/ckvtl5k\" id=\"e0372907-6150-4168-8ac8-2e0a9c6ea33d\" rel=\"nofollow noopener\" target=\"_blank\">odebra\u0107 to odznaczenie Wo\u0142odymyrowi Ze\u0142enskiemu<\/a>. To po tym, jak prezydent Ukrainy <a href=\"https:\/\/wiadomosci.onet.pl\/swiat\/jednostka-wojskowa-z-imieniem-bohaterow-upa-fala-krytyki-po-decyzji-zelenskiego\/64c98jd\" id=\"8255ae8a-be41-49b7-b87a-972d06754e5f\" rel=\"nofollow noopener\" target=\"_blank\">nada\u0142 jednej z jednostek Si\u0142 Zbrojnych swojego kraju imi\u0119 &#8222;Bohater\u00f3w UPA&#8221;<\/a>.Na wst\u0119pie W\u0142odzimierz Czarzasty podkre\u015bli\u0142, \u017ce decyzja prezydenta Ukrainy <a href=\"https:\/\/wiadomosci.onet.pl\/wolodymyr-zelenski\" id=\"0ee9a6ff-310f-409a-8202-d66ee8a9a734\" rel=\"nofollow noopener\" target=\"_blank\">Wo\u0142odymyra Ze\u0142enskiego<\/a> jest &#8222;nierozs\u0105dna&#8221; i on j\u0105 &#8222;pot\u0119pia&#8221;.<\/p>\n<p class=\"ods-o-quote__paragraph\">Rzecz najwa\u017cniejsza mi\u0119dzy Polsk\u0105 a Ukrain\u0105. Nie ma wolnej, niepodleg\u0142ej Polski, bez wolnej, niepodleg\u0142ej Ukrainy<\/p>\n<p>\u2014 doda\u0142.<\/p>\n<p>      Dalszy ci\u0105g artyku\u0142u pod materia\u0142em wideo W\u0142odzimierz Czarzasty pot\u0119pi\u0142 decyzj\u0119 Wo\u0142odymyra Ze\u0142enskiego. Nagle przywo\u0142a\u0142 Benito MussoliniegoW\u0142odzimierz Czarzasty przypomnia\u0142, \u017ce by\u0142y kanclerz Niemiec <a href=\"https:\/\/wiadomosci.onet.pl\/gerhard-schroeder-byly-niemiecki-kanclerz\" id=\"56d23a86-fcf3-4b79-8185-f27abfdd0ac3\" rel=\"nofollow noopener\" target=\"_blank\">Gerhard Schroeder<\/a> r\u00f3wnie\u017c ma Order Or\u0142a Bia\u0142ego, mimo \u017ce kojarzony jest g\u0142\u00f3wnie z &#8222;niez\u0142omn\u0105 i upart\u0105&#8221; lojalno\u015bci\u0105 wobec W\u0142adimira Putina.<\/p>\n<p class=\"ods-o-quote__paragraph\">Z rzeczy historycznych. To jest absurd, co powiem, ale chc\u0119, \u017ceby\u015bcie pa\u0144stwo to wiedzieli. Mussolini ma Order Or\u0142a Bia\u0142ego, nie zabrali\u015bmy mu<\/p>\n<p>\u2014 powiedzia\u0142 marsza\u0142ek Sejmu.<\/p>\n<p>W\u0142oski polityk, kt\u00f3ry by\u0142 g\u0142\u00f3wnym za\u0142o\u017cycielem ruchu faszystowskiego, Order Or\u0142a Bia\u0142ego otrzyma\u0142 20 lipca 1923 r.<\/p>\n<p>Marsza\u0142ek Sejmu uderza w prezydenta. M\u00f3wi o &#8222;ustawkach w lesie&#8221;<\/p>\n<p>W\u0142odzimierz Czarzasty doda\u0142, \u017ce do napi\u0119tej sytuacji z prezydentem Ukrainy trzeba podchodzi\u0107 m\u0105drze i z dystansem, nie eskalowa\u0107 tylko pr\u00f3bowa\u0107 dyplomatycznie rozwi\u0105za\u0107.<\/p>\n<p class=\"ods-o-quote__paragraph\">Wiem, \u017ce bezpiecze\u0144stwo mojego narodu, Polak\u00f3w, Polek w perspektywie 10 lat, 20 lat to jest bezpiecze\u0144stwo Ukrainy. I nawet je\u017celi si\u0119 zdarzy co\u015b skandalicznego, zostanie powiedziana g\u0142upota, zostanie powiedziane s\u0142owo 10 razy zbyt wielkie i zbyt g\u0142upie, to trzeba w tej sprawie mie\u0107 rozum<\/p>\n<p>\u2014 doda\u0142 W\u0142odzimierz Czarzasty.<\/p>\n<p>Jego zdaniem tego typu spraw nie mo\u017cna rozwi\u0105zywa\u0107 &#8222;w ten spos\u00f3b, \u017ce si\u0119 walnie jeszcze mocniej, za dwa tygodnie si\u0119 nie spotka, nast\u0119pnie si\u0119 zerwie kontakty&#8221;.<\/p>\n<p>W dalszej cz\u0119\u015bci swojej wypowiedzi W\u0142odzimierz Czarzasty wbi\u0142 szpil\u0119 Karolowi Nawrockiemu, zarzucaj\u0105c mu, \u017ce decyzj\u0119 o odebraniu orderu prezydentowi Ukrainy podj\u0105\u0142 po to, aby zyska\u0107 w sonda\u017cach, a tak\u017ce &#8222;dla bardzo fajnej fali na social mediach i pochwa\u0142y&#8221;. Stwierdzi\u0142 r\u00f3wnie\u017c, \u017ce g\u0142owa pa\u0144stwa tym samym nie uprawia &#8222;powa\u017cnej i odpowiedzialnej&#8221; polityki.<\/p>\n<p class=\"ods-o-quote__paragraph\">Takich spraw si\u0119 nie za\u0142atwia, kto jest wa\u017cniejszy i kto jest m\u0105drzejszy, poprzez ustawki w lesie. Po prostu trzeba wiedzie\u0107, w kt\u00f3rym si\u0119 jest miejscu w historii. Prezydent naszego kraju, pan Nawrocki, powinien w takich sytuacjach zachowywa\u0107 rozs\u0105dek przede wszystkim, bo najwa\u017cniejsz\u0105 spraw\u0105 jest bezpiecze\u0144stwo Polski, a nie k\u0142\u00f3tnie<\/p>\n<p>\u2014 podkre\u015bli\u0142 na koniec marsza\u0142ek Sejmu.<\/p>\n","protected":false},"excerpt":{"rendered":"W \u015brod\u0119 marsza\u0142ek Sejmu W\u0142odzimierz Czarzasty by\u0142 go\u015bciem porannego programu radia TOK FM. Jednym z g\u0142\u00f3wnych temat\u00f3w rozmowy&hellip;\n","protected":false},"author":2,"featured_media":471136,"comment_status":"","ping_status":"","sticky":false,"template":"","format":"standard","meta":{"footnotes":"","_share_on_mastodon":"0"},"categories":[62712],"tags":[90020,61195,89096,690,43,49,48,46,50230,47,415,203,309],"class_list":["post-471135","post","type-post","status-publish","format-standard","has-post-thumbnail","category-karol-nawrocki","tag-benito_mussolini","tag-bottomfeed_styl","tag-gerhard_schroeder","tag-karol-nawrocki","tag-karol_nawrocki","tag-kraj","tag-nat_styl","tag-omp","tag-order","tag-screening_general","tag-ukraina","tag-wlodzimierz_czarzasty","tag-wolodymyr_zelenski"],"share_on_mastodon":{"url":"https:\/\/pubeurope.com\/@pl\/116685251935516416","error":""},"_links":{"self":[{"href":"https:\/\/www.europesays.com\/pl\/wp-json\/wp\/v2\/posts\/471135","targetHints":{"allow":["GET"]}}],"collection":[{"href":"https:\/\/www.europesays.com\/pl\/wp-json\/wp\/v2\/posts"}],"about":[{"href":"https:\/\/www.europesays.com\/pl\/wp-json\/wp\/v2\/types\/post"}],"author":[{"embeddable":true,"href":"https:\/\/www.europesays.com\/pl\/wp-json\/wp\/v2\/users\/2"}],"replies":[{"embeddable":true,"href":"https:\/\/www.europesays.com\/pl\/wp-json\/wp\/v2\/comments?post=471135"}],"version-history":[{"count":0,"href":"https:\/\/www.europesays.com\/pl\/wp-json\/wp\/v2\/posts\/471135\/revisions"}],"wp:featuredmedia":[{"embeddable":true,"href":"https:\/\/www.europesays.com\/pl\/wp-json\/wp\/v2\/media\/471136"}],"wp:attachment":[{"href":"https:\/\/www.europesays.com\/pl\/wp-json\/wp\/v2\/media?parent=471135"}],"wp:term":[{"taxonomy":"category","embeddable":true,"href":"https:\/\/www.europesays.com\/pl\/wp-json\/wp\/v2\/categories?post=471135"},{"taxonomy":"post_tag","embeddable":true,"href":"https:\/\/www.europesays.com\/pl\/wp-json\/wp\/v2\/tags?post=471135"}],"curies":[{"name":"wp","href":"https:\/\/api.w.org\/{rel}","templated":true}]}}